{"id":9800,"date":"2026-09-05T19:33:42","date_gmt":"2026-09-05T22:33:42","guid":{"rendered":"https:\/\/nabocadopovorn.com.br\/?p=9800"},"modified":"2026-09-05T19:33:46","modified_gmt":"2026-09-05T22:33:46","slug":"egressos-de-cursos-tecnicos-ganham-mais-e-tem-maior-empregabilidade-no-rn","status":"publish","type":"post","link":"https:\/\/nabocadopovorn.com.br\/index.php\/2026\/09\/05\/egressos-de-cursos-tecnicos-ganham-mais-e-tem-maior-empregabilidade-no-rn\/","title":{"rendered":"Egressos de cursos t\u00e9cnicos ganham mais e t\u00eam maior empregabilidade no RN"},"content":{"rendered":"\n<p class=\"wp-block-paragraph\">Os egressos da Educa\u00e7\u00e3o Profissional e Tecnol\u00f3gica (EPT) no Rio Grande do Norte ganham mais, t\u00eam maior empregabilidade e t\u00eam maiores chances de ingressar no ensino superior em compara\u00e7\u00e3o aos estudantes do ensino m\u00e9dio regular.<\/p>\n\n\n\n<p class=\"wp-block-paragraph\">As conclus\u00f5es s\u00e3o de estudo do Ita\u00fa Educa\u00e7\u00e3o e Trabalho, segundo o qual, ap\u00f3s nove anos de forma\u00e7\u00e3o, a remunera\u00e7\u00e3o m\u00e9dia de quem cursou a EPT no RN foi de R$ 3,4 mil, contra R$ 2,2 mil daqueles que fizeram apenas o ensino m\u00e9dio tradicional.<\/p>\n\n\n\n<p class=\"wp-block-paragraph\">Conforme o estudo, modalidades como o t\u00e9cnico subsequente garantem uma inser\u00e7\u00e3o mais r\u00e1pida no mercado formal, com taxas de empregabilidade que superam os 50%. A vantagem da forma\u00e7\u00e3o t\u00e9cnica vai al\u00e9m: 63,5% dos concluintes do t\u00e9cnico integrado no RN chegam \u00e0 gradua\u00e7\u00e3o, contra 31,2% dos que cursaram o ensino tradicional.<\/p>\n\n\n\n<p class=\"wp-block-paragraph\">A realidade local se reflete no Brasil. Em n\u00edvel nacional, a diferen\u00e7a salarial ap\u00f3s nove anos \u00e9 de R$ 3,68 mil para quem cursou EPT e R$ 2,89 mil para quem n\u00e3o cursou. No Brasil, 54,1% dos ex-alunos do t\u00e9cnico integrado entraram na faculdade, ante 39,1% do ensino m\u00e9dio regular.<\/p>\n\n\n\n<p class=\"wp-block-paragraph\">\u201cA forma\u00e7\u00e3o t\u00e9cnica pode reduzir a dist\u00e2ncia entre a escola e o mundo do trabalho. O jovem concluiu essa etapa com conhecimento e compet\u00eancias profissionais que ampliam suas possibilidades de inser\u00e7\u00e3o e podem tornar essa transi\u00e7\u00e3o r\u00e1pida e qualificada\u201d, explica Silvana Oliveira, superintendente do Ita\u00fa Educa\u00e7\u00e3o e Trabalho.<\/p>\n\n\n\n<p class=\"wp-block-paragraph\">Segundo ela, os dados do RN est\u00e3o relacionados \u00e0 forma como a EPT \u00e9 trabalhada no estado. \u201cA proposta do Estado n\u00e3o coloca a forma\u00e7\u00e3o profissional em oposi\u00e7\u00e3o \u00e0 forma\u00e7\u00e3o acad\u00eamica. Ao contr\u00e1rio, trabalha com a ideia de forma\u00e7\u00e3o humana integral, articulando a forma\u00e7\u00e3o geral, a forma\u00e7\u00e3o t\u00e9cnica, a pesquisa, os projetos integradores e a prepara\u00e7\u00e3o para a continuidade dos estudos\u201d, afirma.<\/p>\n\n\n\n<p class=\"wp-block-paragraph\">Entre os concluintes de 2022 que constam na pesquisa, 52,3% dos egressos do t\u00e9cnico subsequente e 51% dos egressos do ensino m\u00e9dio concomitante \u00e0 EPT tinham emprego formal. Por sua vez, 23,3% dos concluintes do m\u00e9dio regular estavam nessa condi\u00e7\u00e3o. O dado considera pessoas que tiveram ao menos um v\u00ednculo formal no ano seguinte \u00e0 formatura.<\/p>\n\n\n\n<p class=\"wp-block-paragraph\">Na pr\u00e1tica, o ambiente e as experi\u00eancias a que os alunos s\u00e3o expostos em sua forma\u00e7\u00e3o t\u00e9cnica ampliam o leque de possibilidades, sendo que muitos concluem o ensino m\u00e9dio e seguem para o ensino superior. \u201cO dado de 63,5% n\u00e3o deve ser atribu\u00eddo a uma \u00fanica causa. Ele \u00e9 coerente com o modelo de EPT que procura formar o jovem para diferentes possibilidades de futuro, para o trabalho, para a universidade e para a continuidade da aprendizagem ao longo da vida\u201d, diz Silvana Oliveira.<\/p>\n\n\n\n<p class=\"wp-block-paragraph\">\u201cA educa\u00e7\u00e3o profissional combina a forma\u00e7\u00e3o geral do ensino m\u00e9dio com conhecimentos t\u00e9cnicos e aproxima o estudante das transforma\u00e7\u00f5es do mundo do trabalho, sem retirar dele a perspectiva de ingresso no ensino superior\u201d, avalia a secret\u00e1ria estadual de Educa\u00e7\u00e3o, Socorro Batista.<\/p>\n\n\n\n<p class=\"wp-block-paragraph\">A secret\u00e1ria diz que o Governo do Estado atua para interiorizar e diversificar a educa\u00e7\u00e3o profissional, considerando tamb\u00e9m as caracter\u00edsticas econ\u00f4micas e produtivas de cada regi\u00e3o.<br>Desde 2019, a oferta de vagas cresceu 250% na rede estadual: 7.058 matr\u00edculas na educa\u00e7\u00e3o profissional passaram a 25.007, em 2026. J\u00e1 o n\u00famero de unidades com oferta dessa modalidade passou de 69 para 144.<\/p>\n\n\n\n<p class=\"wp-block-paragraph\">Hoje, o Instituto Estadual de Educa\u00e7\u00e3o Profissional, Tecnologia e Inova\u00e7\u00e3o do RN (IERN) conta com sete campi em funcionamento, um em fase de implanta\u00e7\u00e3o e outro em planejamento. Para o Instituto Federal de Educa\u00e7\u00e3o, Ci\u00eancia e Tecnologia do RN (IFRN), o sucesso da EPT est\u00e1 no modelo de forma\u00e7\u00e3o integral, que une a base t\u00e9cnica \u00e0 cient\u00edfica e human\u00edstica. \u201cA EPT amplia as possibilidades de futuro. Ela n\u00e3o limita o jovem a uma escolha entre trabalhar ou continuar estudando\u201d, afirma Anna Catharina Dantas, pr\u00f3-reitora de Ensino da institui\u00e7\u00e3o.<\/p>\n\n\n\n<p class=\"wp-block-paragraph\">\u201cOs melhores indicadores de formaliza\u00e7\u00e3o, qualidade da inser\u00e7\u00e3o profissional e remunera\u00e7\u00e3o mostram a import\u00e2ncia de ampliar o acesso da popula\u00e7\u00e3o a uma educa\u00e7\u00e3o profissional p\u00fablica, gratuita, inclusiva e de qualidade\u201d, diz Catharina Dantas. O IFRN conta com 25 campi e registrou 40.827 matr\u00edculas na EPT em 2025.<\/p>\n\n\n\n<p class=\"wp-block-paragraph\"><strong>Fonte: Tribuna do Norte<\/strong><\/p>\n\n\n\n<p class=\"wp-block-paragraph\"><\/p>\n","protected":false},"excerpt":{"rendered":"<p>Os egressos da Educa\u00e7\u00e3o Profissional e Tecnol\u00f3gica (EPT) no Rio Grande do Norte ganham mais, t\u00eam maior empregabilidade<\/p>\n","protected":false},"author":4,"featured_media":9801,"comment_status":"closed","ping_status":"open","sticky":false,"template":"","format":"standard","meta":{"footnotes":""},"categories":[83],"tags":[],"class_list":["post-9800","post","type-post","status-publish","format-standard","has-post-thumbnail","hentry","category-educacao"],"yoast_head":"<!-- This site is optimized with the Yoast SEO plugin v28.4 - https:\/\/yoast.com\/product\/yoast-seo-wordpress\/ -->\n<title>Egressos de cursos t\u00e9cnicos ganham mais e t\u00eam maior empregabilidade no RN - Na Boca do Povo RN<\/title>\n<meta name=\"robots\" content=\"index, follow, max-snippet:-1, max-image-preview:large, max-video-preview:-1\" \/>\n<link rel=\"canonical\" href=\"https:\/\/nabocadopovorn.com.br\/index.php\/2026\/09\/05\/egressos-de-cursos-tecnicos-ganham-mais-e-tem-maior-empregabilidade-no-rn\/\" \/>\n<meta property=\"og:locale\" content=\"pt_BR\" \/>\n<meta property=\"og:type\" content=\"article\" \/>\n<meta property=\"og:title\" content=\"Egressos de cursos t\u00e9cnicos ganham mais e t\u00eam maior empregabilidade no RN - Na Boca do Povo RN\" \/>\n<meta property=\"og:description\" content=\"Os egressos da Educa\u00e7\u00e3o Profissional e Tecnol\u00f3gica (EPT) no Rio Grande do Norte ganham mais, t\u00eam maior empregabilidade\" \/>\n<meta property=\"og:url\" content=\"https:\/\/nabocadopovorn.com.br\/index.php\/2026\/09\/05\/egressos-de-cursos-tecnicos-ganham-mais-e-tem-maior-empregabilidade-no-rn\/\" \/>\n<meta property=\"og:site_name\" content=\"Na Boca do Povo RN\" \/>\n<meta property=\"article:published_time\" content=\"2026-09-05T22:33:42+00:00\" \/>\n<meta property=\"article:modified_time\" content=\"2026-09-05T22:33:46+00:00\" \/>\n<meta property=\"og:image\" content=\"https:\/\/nabocadopovorn.com.br\/wp-content\/uploads\/2026\/09\/edcua.jpg\" \/>\n\t<meta property=\"og:image:width\" content=\"1920\" \/>\n\t<meta property=\"og:image:height\" content=\"1080\" \/>\n\t<meta property=\"og:image:type\" content=\"image\/jpeg\" \/>\n<meta name=\"author\" content=\"Caio Rodrigo\" \/>\n<meta name=\"twitter:card\" content=\"summary_large_image\" \/>\n<meta name=\"twitter:label1\" content=\"Escrito por\" \/>\n\t<meta name=\"twitter:data1\" content=\"Caio Rodrigo\" \/>\n\t<meta name=\"twitter:label2\" content=\"Est. tempo de leitura\" \/>\n\t<meta name=\"twitter:data2\" content=\"4 minutos\" \/>\n<script type=\"application\/ld+json\" class=\"yoast-schema-graph\">{\"@context\":\"https:\\\/\\\/schema.org\",\"@graph\":[{\"@type\":\"Article\",\"@id\":\"https:\\\/\\\/nabocadopovorn.com.br\\\/index.php\\\/2026\\\/09\\\/05\\\/egressos-de-cursos-tecnicos-ganham-mais-e-tem-maior-empregabilidade-no-rn\\\/#article\",\"isPartOf\":{\"@id\":\"https:\\\/\\\/nabocadopovorn.com.br\\\/index.php\\\/2026\\\/09\\\/05\\\/egressos-de-cursos-tecnicos-ganham-mais-e-tem-maior-empregabilidade-no-rn\\\/\"},\"author\":{\"name\":\"Caio Rodrigo\",\"@id\":\"https:\\\/\\\/nabocadopovorn.com.br\\\/#\\\/schema\\\/person\\\/4468ae2379df0d02bb183cb4b56757e7\"},\"headline\":\"Egressos de cursos t\u00e9cnicos ganham mais e t\u00eam maior empregabilidade no RN\",\"datePublished\":\"2026-09-05T22:33:42+00:00\",\"dateModified\":\"2026-09-05T22:33:46+00:00\",\"mainEntityOfPage\":{\"@id\":\"https:\\\/\\\/nabocadopovorn.com.br\\\/index.php\\\/2026\\\/09\\\/05\\\/egressos-de-cursos-tecnicos-ganham-mais-e-tem-maior-empregabilidade-no-rn\\\/\"},\"wordCount\":749,\"publisher\":{\"@id\":\"https:\\\/\\\/nabocadopovorn.com.br\\\/#organization\"},\"image\":{\"@id\":\"https:\\\/\\\/nabocadopovorn.com.br\\\/index.php\\\/2026\\\/09\\\/05\\\/egressos-de-cursos-tecnicos-ganham-mais-e-tem-maior-empregabilidade-no-rn\\\/#primaryimage\"},\"thumbnailUrl\":\"https:\\\/\\\/nabocadopovorn.com.br\\\/wp-content\\\/uploads\\\/2026\\\/09\\\/edcua.jpg\",\"articleSection\":[\"Educa\u00e7\u00e3o\"],\"inLanguage\":\"pt-BR\"},{\"@type\":\"WebPage\",\"@id\":\"https:\\\/\\\/nabocadopovorn.com.br\\\/index.php\\\/2026\\\/09\\\/05\\\/egressos-de-cursos-tecnicos-ganham-mais-e-tem-maior-empregabilidade-no-rn\\\/\",\"url\":\"https:\\\/\\\/nabocadopovorn.com.br\\\/index.php\\\/2026\\\/09\\\/05\\\/egressos-de-cursos-tecnicos-ganham-mais-e-tem-maior-empregabilidade-no-rn\\\/\",\"name\":\"Egressos de cursos t\u00e9cnicos ganham mais e t\u00eam maior empregabilidade no RN - Na Boca do Povo RN\",\"isPartOf\":{\"@id\":\"https:\\\/\\\/nabocadopovorn.com.br\\\/#website\"},\"primaryImageOfPage\":{\"@id\":\"https:\\\/\\\/nabocadopovorn.com.br\\\/index.php\\\/2026\\\/09\\\/05\\\/egressos-de-cursos-tecnicos-ganham-mais-e-tem-maior-empregabilidade-no-rn\\\/#primaryimage\"},\"image\":{\"@id\":\"https:\\\/\\\/nabocadopovorn.com.br\\\/index.php\\\/2026\\\/09\\\/05\\\/egressos-de-cursos-tecnicos-ganham-mais-e-tem-maior-empregabilidade-no-rn\\\/#primaryimage\"},\"thumbnailUrl\":\"https:\\\/\\\/nabocadopovorn.com.br\\\/wp-content\\\/uploads\\\/2026\\\/09\\\/edcua.jpg\",\"datePublished\":\"2026-09-05T22:33:42+00:00\",\"dateModified\":\"2026-09-05T22:33:46+00:00\",\"breadcrumb\":{\"@id\":\"https:\\\/\\\/nabocadopovorn.com.br\\\/index.php\\\/2026\\\/09\\\/05\\\/egressos-de-cursos-tecnicos-ganham-mais-e-tem-maior-empregabilidade-no-rn\\\/#breadcrumb\"},\"inLanguage\":\"pt-BR\",\"potentialAction\":[{\"@type\":\"ReadAction\",\"target\":[\"https:\\\/\\\/nabocadopovorn.com.br\\\/index.php\\\/2026\\\/09\\\/05\\\/egressos-de-cursos-tecnicos-ganham-mais-e-tem-maior-empregabilidade-no-rn\\\/\"]}]},{\"@type\":\"ImageObject\",\"inLanguage\":\"pt-BR\",\"@id\":\"https:\\\/\\\/nabocadopovorn.com.br\\\/index.php\\\/2026\\\/09\\\/05\\\/egressos-de-cursos-tecnicos-ganham-mais-e-tem-maior-empregabilidade-no-rn\\\/#primaryimage\",\"url\":\"https:\\\/\\\/nabocadopovorn.com.br\\\/wp-content\\\/uploads\\\/2026\\\/09\\\/edcua.jpg\",\"contentUrl\":\"https:\\\/\\\/nabocadopovorn.com.br\\\/wp-content\\\/uploads\\\/2026\\\/09\\\/edcua.jpg\",\"width\":1920,\"height\":1080},{\"@type\":\"BreadcrumbList\",\"@id\":\"https:\\\/\\\/nabocadopovorn.com.br\\\/index.php\\\/2026\\\/09\\\/05\\\/egressos-de-cursos-tecnicos-ganham-mais-e-tem-maior-empregabilidade-no-rn\\\/#breadcrumb\",\"itemListElement\":[{\"@type\":\"ListItem\",\"position\":1,\"name\":\"Home\",\"item\":\"https:\\\/\\\/nabocadopovorn.com.br\\\/\"},{\"@type\":\"ListItem\",\"position\":2,\"name\":\"Egressos de cursos t\u00e9cnicos ganham mais e t\u00eam maior empregabilidade no RN\"}]},{\"@type\":\"WebSite\",\"@id\":\"https:\\\/\\\/nabocadopovorn.com.br\\\/#website\",\"url\":\"https:\\\/\\\/nabocadopovorn.com.br\\\/\",\"name\":\"Na Boca do Povo RN\",\"description\":\"Informa\u00e7\u00e3o Total\",\"publisher\":{\"@id\":\"https:\\\/\\\/nabocadopovorn.com.br\\\/#organization\"},\"potentialAction\":[{\"@type\":\"SearchAction\",\"target\":{\"@type\":\"EntryPoint\",\"urlTemplate\":\"https:\\\/\\\/nabocadopovorn.com.br\\\/?s={search_term_string}\"},\"query-input\":{\"@type\":\"PropertyValueSpecification\",\"valueRequired\":true,\"valueName\":\"search_term_string\"}}],\"inLanguage\":\"pt-BR\"},{\"@type\":\"Organization\",\"@id\":\"https:\\\/\\\/nabocadopovorn.com.br\\\/#organization\",\"name\":\"Na Boca do Povo RN\",\"url\":\"https:\\\/\\\/nabocadopovorn.com.br\\\/\",\"logo\":{\"@type\":\"ImageObject\",\"inLanguage\":\"pt-BR\",\"@id\":\"https:\\\/\\\/nabocadopovorn.com.br\\\/#\\\/schema\\\/logo\\\/image\\\/\",\"url\":\"https:\\\/\\\/nabocadopovorn.com.br\\\/wp-content\\\/uploads\\\/2026\\\/05\\\/cropped-logo-nova-reduzida.png\",\"contentUrl\":\"https:\\\/\\\/nabocadopovorn.com.br\\\/wp-content\\\/uploads\\\/2026\\\/05\\\/cropped-logo-nova-reduzida.png\",\"width\":1024,\"height\":155,\"caption\":\"Na Boca do Povo RN\"},\"image\":{\"@id\":\"https:\\\/\\\/nabocadopovorn.com.br\\\/#\\\/schema\\\/logo\\\/image\\\/\"}},{\"@type\":\"Person\",\"@id\":\"https:\\\/\\\/nabocadopovorn.com.br\\\/#\\\/schema\\\/person\\\/4468ae2379df0d02bb183cb4b56757e7\",\"name\":\"Caio Rodrigo\",\"image\":{\"@type\":\"ImageObject\",\"inLanguage\":\"pt-BR\",\"@id\":\"https:\\\/\\\/nabocadopovorn.com.br\\\/wp-content\\\/uploads\\\/2026\\\/08\\\/down-150x150.jpg\",\"url\":\"https:\\\/\\\/nabocadopovorn.com.br\\\/wp-content\\\/uploads\\\/2026\\\/08\\\/down-150x150.jpg\",\"contentUrl\":\"https:\\\/\\\/nabocadopovorn.com.br\\\/wp-content\\\/uploads\\\/2026\\\/08\\\/down-150x150.jpg\",\"caption\":\"Caio Rodrigo\"},\"url\":\"https:\\\/\\\/nabocadopovorn.com.br\\\/index.php\\\/author\\\/caiordrg4gmail-com\\\/\"}]}<\/script>\n<!-- \/ Yoast SEO plugin. -->","yoast_head_json":{"title":"Egressos de cursos t\u00e9cnicos ganham mais e t\u00eam maior empregabilidade no RN - Na Boca do Povo RN","robots":{"index":"index","follow":"follow","max-snippet":"max-snippet:-1","max-image-preview":"max-image-preview:large","max-video-preview":"max-video-preview:-1"},"canonical":"https:\/\/nabocadopovorn.com.br\/index.php\/2026\/09\/05\/egressos-de-cursos-tecnicos-ganham-mais-e-tem-maior-empregabilidade-no-rn\/","og_locale":"pt_BR","og_type":"article","og_title":"Egressos de cursos t\u00e9cnicos ganham mais e t\u00eam maior empregabilidade no RN - Na Boca do Povo RN","og_description":"Os egressos da Educa\u00e7\u00e3o Profissional e Tecnol\u00f3gica (EPT) no Rio Grande do Norte ganham mais, t\u00eam maior empregabilidade","og_url":"https:\/\/nabocadopovorn.com.br\/index.php\/2026\/09\/05\/egressos-de-cursos-tecnicos-ganham-mais-e-tem-maior-empregabilidade-no-rn\/","og_site_name":"Na Boca do Povo RN","article_published_time":"2026-09-05T22:33:42+00:00","article_modified_time":"2026-09-05T22:33:46+00:00","og_image":[{"width":1920,"height":1080,"url":"https:\/\/nabocadopovorn.com.br\/wp-content\/uploads\/2026\/09\/edcua.jpg","type":"image\/jpeg"}],"author":"Caio Rodrigo","twitter_card":"summary_large_image","twitter_misc":{"Escrito por":"Caio Rodrigo","Est. tempo de leitura":"4 minutos"},"schema":{"@context":"https:\/\/schema.org","@graph":[{"@type":"Article","@id":"https:\/\/nabocadopovorn.com.br\/index.php\/2026\/09\/05\/egressos-de-cursos-tecnicos-ganham-mais-e-tem-maior-empregabilidade-no-rn\/#article","isPartOf":{"@id":"https:\/\/nabocadopovorn.com.br\/index.php\/2026\/09\/05\/egressos-de-cursos-tecnicos-ganham-mais-e-tem-maior-empregabilidade-no-rn\/"},"author":{"name":"Caio Rodrigo","@id":"https:\/\/nabocadopovorn.com.br\/#\/schema\/person\/4468ae2379df0d02bb183cb4b56757e7"},"headline":"Egressos de cursos t\u00e9cnicos ganham mais e t\u00eam maior empregabilidade no RN","datePublished":"2026-09-05T22:33:42+00:00","dateModified":"2026-09-05T22:33:46+00:00","mainEntityOfPage":{"@id":"https:\/\/nabocadopovorn.com.br\/index.php\/2026\/09\/05\/egressos-de-cursos-tecnicos-ganham-mais-e-tem-maior-empregabilidade-no-rn\/"},"wordCount":749,"publisher":{"@id":"https:\/\/nabocadopovorn.com.br\/#organization"},"image":{"@id":"https:\/\/nabocadopovorn.com.br\/index.php\/2026\/09\/05\/egressos-de-cursos-tecnicos-ganham-mais-e-tem-maior-empregabilidade-no-rn\/#primaryimage"},"thumbnailUrl":"https:\/\/nabocadopovorn.com.br\/wp-content\/uploads\/2026\/09\/edcua.jpg","articleSection":["Educa\u00e7\u00e3o"],"inLanguage":"pt-BR"},{"@type":"WebPage","@id":"https:\/\/nabocadopovorn.com.br\/index.php\/2026\/09\/05\/egressos-de-cursos-tecnicos-ganham-mais-e-tem-maior-empregabilidade-no-rn\/","url":"https:\/\/nabocadopovorn.com.br\/index.php\/2026\/09\/05\/egressos-de-cursos-tecnicos-ganham-mais-e-tem-maior-empregabilidade-no-rn\/","name":"Egressos de cursos t\u00e9cnicos ganham mais e t\u00eam maior empregabilidade no RN - Na Boca do Povo RN","isPartOf":{"@id":"https:\/\/nabocadopovorn.com.br\/#website"},"primaryImageOfPage":{"@id":"https:\/\/nabocadopovorn.com.br\/index.php\/2026\/09\/05\/egressos-de-cursos-tecnicos-ganham-mais-e-tem-maior-empregabilidade-no-rn\/#primaryimage"},"image":{"@id":"https:\/\/nabocadopovorn.com.br\/index.php\/2026\/09\/05\/egressos-de-cursos-tecnicos-ganham-mais-e-tem-maior-empregabilidade-no-rn\/#primaryimage"},"thumbnailUrl":"https:\/\/nabocadopovorn.com.br\/wp-content\/uploads\/2026\/09\/edcua.jpg","datePublished":"2026-09-05T22:33:42+00:00","dateModified":"2026-09-05T22:33:46+00:00","breadcrumb":{"@id":"https:\/\/nabocadopovorn.com.br\/index.php\/2026\/09\/05\/egressos-de-cursos-tecnicos-ganham-mais-e-tem-maior-empregabilidade-no-rn\/#breadcrumb"},"inLanguage":"pt-BR","potentialAction":[{"@type":"ReadAction","target":["https:\/\/nabocadopovorn.com.br\/index.php\/2026\/09\/05\/egressos-de-cursos-tecnicos-ganham-mais-e-tem-maior-empregabilidade-no-rn\/"]}]},{"@type":"ImageObject","inLanguage":"pt-BR","@id":"https:\/\/nabocadopovorn.com.br\/index.php\/2026\/09\/05\/egressos-de-cursos-tecnicos-ganham-mais-e-tem-maior-empregabilidade-no-rn\/#primaryimage","url":"https:\/\/nabocadopovorn.com.br\/wp-content\/uploads\/2026\/09\/edcua.jpg","contentUrl":"https:\/\/nabocadopovorn.com.br\/wp-content\/uploads\/2026\/09\/edcua.jpg","width":1920,"height":1080},{"@type":"BreadcrumbList","@id":"https:\/\/nabocadopovorn.com.br\/index.php\/2026\/09\/05\/egressos-de-cursos-tecnicos-ganham-mais-e-tem-maior-empregabilidade-no-rn\/#breadcrumb","itemListElement":[{"@type":"ListItem","position":1,"name":"Home","item":"https:\/\/nabocadopovorn.com.br\/"},{"@type":"ListItem","position":2,"name":"Egressos de cursos t\u00e9cnicos ganham mais e t\u00eam maior empregabilidade no RN"}]},{"@type":"WebSite","@id":"https:\/\/nabocadopovorn.com.br\/#website","url":"https:\/\/nabocadopovorn.com.br\/","name":"Na Boca do Povo RN","description":"Informa\u00e7\u00e3o Total","publisher":{"@id":"https:\/\/nabocadopovorn.com.br\/#organization"},"potentialAction":[{"@type":"SearchAction","target":{"@type":"EntryPoint","urlTemplate":"https:\/\/nabocadopovorn.com.br\/?s={search_term_string}"},"query-input":{"@type":"PropertyValueSpecification","valueRequired":true,"valueName":"search_term_string"}}],"inLanguage":"pt-BR"},{"@type":"Organization","@id":"https:\/\/nabocadopovorn.com.br\/#organization","name":"Na Boca do Povo RN","url":"https:\/\/nabocadopovorn.com.br\/","logo":{"@type":"ImageObject","inLanguage":"pt-BR","@id":"https:\/\/nabocadopovorn.com.br\/#\/schema\/logo\/image\/","url":"https:\/\/nabocadopovorn.com.br\/wp-content\/uploads\/2026\/05\/cropped-logo-nova-reduzida.png","contentUrl":"https:\/\/nabocadopovorn.com.br\/wp-content\/uploads\/2026\/05\/cropped-logo-nova-reduzida.png","width":1024,"height":155,"caption":"Na Boca do Povo RN"},"image":{"@id":"https:\/\/nabocadopovorn.com.br\/#\/schema\/logo\/image\/"}},{"@type":"Person","@id":"https:\/\/nabocadopovorn.com.br\/#\/schema\/person\/4468ae2379df0d02bb183cb4b56757e7","name":"Caio Rodrigo","image":{"@type":"ImageObject","inLanguage":"pt-BR","@id":"https:\/\/nabocadopovorn.com.br\/wp-content\/uploads\/2026\/08\/down-150x150.jpg","url":"https:\/\/nabocadopovorn.com.br\/wp-content\/uploads\/2026\/08\/down-150x150.jpg","contentUrl":"https:\/\/nabocadopovorn.com.br\/wp-content\/uploads\/2026\/08\/down-150x150.jpg","caption":"Caio Rodrigo"},"url":"https:\/\/nabocadopovorn.com.br\/index.php\/author\/caiordrg4gmail-com\/"}]}},"_links":{"self":[{"href":"https:\/\/nabocadopovorn.com.br\/index.php\/wp-json\/wp\/v2\/posts\/9800","targetHints":{"allow":["GET"]}}],"collection":[{"href":"https:\/\/nabocadopovorn.com.br\/index.php\/wp-json\/wp\/v2\/posts"}],"about":[{"href":"https:\/\/nabocadopovorn.com.br\/index.php\/wp-json\/wp\/v2\/types\/post"}],"author":[{"embeddable":true,"href":"https:\/\/nabocadopovorn.com.br\/index.php\/wp-json\/wp\/v2\/users\/4"}],"replies":[{"embeddable":true,"href":"https:\/\/nabocadopovorn.com.br\/index.php\/wp-json\/wp\/v2\/comments?post=9800"}],"version-history":[{"count":1,"href":"https:\/\/nabocadopovorn.com.br\/index.php\/wp-json\/wp\/v2\/posts\/9800\/revisions"}],"predecessor-version":[{"id":9802,"href":"https:\/\/nabocadopovorn.com.br\/index.php\/wp-json\/wp\/v2\/posts\/9800\/revisions\/9802"}],"wp:featuredmedia":[{"embeddable":true,"href":"https:\/\/nabocadopovorn.com.br\/index.php\/wp-json\/wp\/v2\/media\/9801"}],"wp:attachment":[{"href":"https:\/\/nabocadopovorn.com.br\/index.php\/wp-json\/wp\/v2\/media?parent=9800"}],"wp:term":[{"taxonomy":"category","embeddable":true,"href":"https:\/\/nabocadopovorn.com.br\/index.php\/wp-json\/wp\/v2\/categories?post=9800"},{"taxonomy":"post_tag","embeddable":true,"href":"https:\/\/nabocadopovorn.com.br\/index.php\/wp-json\/wp\/v2\/tags?post=9800"}],"curies":[{"name":"wp","href":"https:\/\/api.w.org\/{rel}","templated":true}]}}