{"id":9794,"date":"2026-09-04T22:15:29","date_gmt":"2026-09-05T01:15:29","guid":{"rendered":"https:\/\/nabocadopovorn.com.br\/?p=9794"},"modified":"2026-09-04T22:15:35","modified_gmt":"2026-09-05T01:15:35","slug":"lula-lidera-disputa-presidencial-no-rn-com-4729-flavio-bolsonaro-tem-2890-e-augusto-cury-1001","status":"publish","type":"post","link":"https:\/\/nabocadopovorn.com.br\/index.php\/2026\/09\/04\/lula-lidera-disputa-presidencial-no-rn-com-4729-flavio-bolsonaro-tem-2890-e-augusto-cury-1001\/","title":{"rendered":"Lula lidera disputa presidencial no RN com 47,29%; Fl\u00e1vio Bolsonaro tem 28,90% e Augusto Cury, 10,01%"},"content":{"rendered":"\n<p class=\"wp-block-paragraph\">A um m\u00eas da elei\u00e7\u00e3o, o candidato do PT \u00e0 Presid\u00eancia da Rep\u00fablica, Luiz In\u00e1cio Lula da Silva, lidera as inten\u00e7\u00f5es de voto entre os eleitores do Rio Grande do Norte, com 47,29%, segundo pesquisa estimulada do Instituto Exatus. O candidato do PL, Fl\u00e1vio Bolsonaro, aparece com 28,90%, seguido por Augusto Cury, do Avante, com 10,01%. O levantamento ouviu 1.500 eleitores em 55 munic\u00edpios potiguares entre 31 de agosto e 3 de setembro de 2026.<\/p>\n\n\n\n<p class=\"wp-block-paragraph\">Lula concorre \u00e0 reelei\u00e7\u00e3o \u2014 est\u00e1 no exerc\u00edcio do mandato e busca um novo per\u00edodo \u00e0 frente do Pal\u00e1cio do Planalto. Cury, que aparece na c\u00e9dula como Escritor Augusto Cury, chega \u00e0 terceira posi\u00e7\u00e3o no Estado acompanhando um movimento de crescimento que tamb\u00e9m se observa no cen\u00e1rio nacional.<\/p>\n\n\n\n<p class=\"wp-block-paragraph\">A vantagem de Lula sobre Fl\u00e1vio Bolsonaro \u00e9 de 18,39 pontos percentuais. Juntos, os dois concentram 76,19% das inten\u00e7\u00f5es de voto no cen\u00e1rio apresentado aos entrevistados. Augusto Cury ocupa a terceira posi\u00e7\u00e3o num\u00e9rica, com dist\u00e2ncia de 18,89 pontos em rela\u00e7\u00e3o ao candidato do PL. Os resultados retratam exclusivamente a prefer\u00eancia do eleitorado potiguar e n\u00e3o representam uma pesquisa nacional.<\/p>\n\n\n\n<p class=\"wp-block-paragraph\">Entre os demais nomes apresentados, Renan Santos, do Miss\u00e3o, registra 1,42%, e Ronaldo Caiado, do PSD, tem 1,20%. Pablo Mar\u00e7al, do PRTB, aparece com 0,33%, seguido por Samara, da UP, com 0,18%. Romeu Zema, do Novo, soma 0,07%, enquanto Hertz Dias, do PSTU, registra 0,05%. Clariana Bar\u00e3o (DC), Edmilson Costa (PCB), Rui Costa Pimenta (PCO) e Veterin\u00e1rio Wilson Grassi (Democrata) n\u00e3o foram citados por nenhum entrevistado.<\/p>\n\n\n\n<p class=\"wp-block-paragraph\">Os entrevistados que responderam nenhum, branco ou nulo correspondem a 5,43% da amostra. Outros 5,12% n\u00e3o souberam ou n\u00e3o responderam em quem votariam. Somadas, essas categorias representam 10,55% dos participantes, mas expressam situa\u00e7\u00f5es distintas e n\u00e3o devem ser reunidas integralmente sob a classifica\u00e7\u00e3o de eleitores indecisos.<\/p>\n\n\n\n<p class=\"wp-block-paragraph\">Na modalidade estimulada, os nomes s\u00e3o apresentados pelo entrevistador antes da resposta. A Exatus perguntou em quem o participante votaria para presidente do Brasil caso a elei\u00e7\u00e3o fosse naquele momento e os candidatos fossem os relacionados. Os percentuais consideram todos os entrevistados, inclusive aqueles que responderam nenhum, branco, nulo ou n\u00e3o indicaram prefer\u00eancia, sem convers\u00e3o para votos v\u00e1lidos.<\/p>\n\n\n\n<p class=\"wp-block-paragraph\">O primeiro turno da disputa presidencial acontece em 4 de outubro. Se nenhum candidato reunir mais da metade dos votos v\u00e1lidos, os dois mais votados voltam \u00e0s urnas em 25 de outubro.<\/p>\n\n\n\n<p class=\"wp-block-paragraph\"><strong>Fonte: Agora RN<\/strong><\/p>\n","protected":false},"excerpt":{"rendered":"<p>A um m\u00eas da elei\u00e7\u00e3o, o candidato do PT \u00e0 Presid\u00eancia da Rep\u00fablica, Luiz In\u00e1cio Lula da Silva,<\/p>\n","protected":false},"author":4,"featured_media":9795,"comment_status":"closed","ping_status":"open","sticky":false,"template":"","format":"standard","meta":{"footnotes":""},"categories":[18],"tags":[],"class_list":["post-9794","post","type-post","status-publish","format-standard","has-post-thumbnail","hentry","category-rn"],"yoast_head":"<!-- This site is optimized with the Yoast SEO plugin v28.4 - https:\/\/yoast.com\/product\/yoast-seo-wordpress\/ -->\n<title>Lula lidera disputa presidencial no RN com 47,29%; Fl\u00e1vio Bolsonaro tem 28,90% e Augusto Cury, 10,01% - Na Boca do Povo RN<\/title>\n<meta name=\"robots\" content=\"index, follow, max-snippet:-1, max-image-preview:large, max-video-preview:-1\" \/>\n<link rel=\"canonical\" href=\"https:\/\/nabocadopovorn.com.br\/index.php\/2026\/09\/04\/lula-lidera-disputa-presidencial-no-rn-com-4729-flavio-bolsonaro-tem-2890-e-augusto-cury-1001\/\" \/>\n<meta property=\"og:locale\" content=\"pt_BR\" \/>\n<meta property=\"og:type\" content=\"article\" \/>\n<meta property=\"og:title\" content=\"Lula lidera disputa presidencial no RN com 47,29%; Fl\u00e1vio Bolsonaro tem 28,90% e Augusto Cury, 10,01% - Na Boca do Povo RN\" \/>\n<meta property=\"og:description\" content=\"A um m\u00eas da elei\u00e7\u00e3o, o candidato do PT \u00e0 Presid\u00eancia da Rep\u00fablica, Luiz In\u00e1cio Lula da Silva,\" \/>\n<meta property=\"og:url\" content=\"https:\/\/nabocadopovorn.com.br\/index.php\/2026\/09\/04\/lula-lidera-disputa-presidencial-no-rn-com-4729-flavio-bolsonaro-tem-2890-e-augusto-cury-1001\/\" \/>\n<meta property=\"og:site_name\" content=\"Na Boca do Povo RN\" \/>\n<meta property=\"article:published_time\" content=\"2026-09-05T01:15:29+00:00\" \/>\n<meta property=\"article:modified_time\" content=\"2026-09-05T01:15:35+00:00\" \/>\n<meta property=\"og:image\" content=\"https:\/\/nabocadopovorn.com.br\/wp-content\/uploads\/2026\/09\/pesquisa-rn.jpg\" \/>\n\t<meta property=\"og:image:width\" content=\"1920\" \/>\n\t<meta property=\"og:image:height\" content=\"1080\" \/>\n\t<meta property=\"og:image:type\" content=\"image\/jpeg\" \/>\n<meta name=\"author\" content=\"Caio Rodrigo\" \/>\n<meta name=\"twitter:card\" content=\"summary_large_image\" \/>\n<meta name=\"twitter:label1\" content=\"Escrito por\" \/>\n\t<meta name=\"twitter:data1\" content=\"Caio Rodrigo\" \/>\n\t<meta name=\"twitter:label2\" content=\"Est. tempo de leitura\" \/>\n\t<meta name=\"twitter:data2\" content=\"3 minutos\" \/>\n<script type=\"application\/ld+json\" class=\"yoast-schema-graph\">{\"@context\":\"https:\\\/\\\/schema.org\",\"@graph\":[{\"@type\":\"Article\",\"@id\":\"https:\\\/\\\/nabocadopovorn.com.br\\\/index.php\\\/2026\\\/09\\\/04\\\/lula-lidera-disputa-presidencial-no-rn-com-4729-flavio-bolsonaro-tem-2890-e-augusto-cury-1001\\\/#article\",\"isPartOf\":{\"@id\":\"https:\\\/\\\/nabocadopovorn.com.br\\\/index.php\\\/2026\\\/09\\\/04\\\/lula-lidera-disputa-presidencial-no-rn-com-4729-flavio-bolsonaro-tem-2890-e-augusto-cury-1001\\\/\"},\"author\":{\"name\":\"Caio Rodrigo\",\"@id\":\"https:\\\/\\\/nabocadopovorn.com.br\\\/#\\\/schema\\\/person\\\/4468ae2379df0d02bb183cb4b56757e7\"},\"headline\":\"Lula lidera disputa presidencial no RN com 47,29%; Fl\u00e1vio Bolsonaro tem 28,90% e Augusto Cury, 10,01%\",\"datePublished\":\"2026-09-05T01:15:29+00:00\",\"dateModified\":\"2026-09-05T01:15:35+00:00\",\"mainEntityOfPage\":{\"@id\":\"https:\\\/\\\/nabocadopovorn.com.br\\\/index.php\\\/2026\\\/09\\\/04\\\/lula-lidera-disputa-presidencial-no-rn-com-4729-flavio-bolsonaro-tem-2890-e-augusto-cury-1001\\\/\"},\"wordCount\":415,\"publisher\":{\"@id\":\"https:\\\/\\\/nabocadopovorn.com.br\\\/#organization\"},\"image\":{\"@id\":\"https:\\\/\\\/nabocadopovorn.com.br\\\/index.php\\\/2026\\\/09\\\/04\\\/lula-lidera-disputa-presidencial-no-rn-com-4729-flavio-bolsonaro-tem-2890-e-augusto-cury-1001\\\/#primaryimage\"},\"thumbnailUrl\":\"https:\\\/\\\/nabocadopovorn.com.br\\\/wp-content\\\/uploads\\\/2026\\\/09\\\/pesquisa-rn.jpg\",\"articleSection\":[\"RN\"],\"inLanguage\":\"pt-BR\"},{\"@type\":\"WebPage\",\"@id\":\"https:\\\/\\\/nabocadopovorn.com.br\\\/index.php\\\/2026\\\/09\\\/04\\\/lula-lidera-disputa-presidencial-no-rn-com-4729-flavio-bolsonaro-tem-2890-e-augusto-cury-1001\\\/\",\"url\":\"https:\\\/\\\/nabocadopovorn.com.br\\\/index.php\\\/2026\\\/09\\\/04\\\/lula-lidera-disputa-presidencial-no-rn-com-4729-flavio-bolsonaro-tem-2890-e-augusto-cury-1001\\\/\",\"name\":\"Lula lidera disputa presidencial no RN com 47,29%; Fl\u00e1vio Bolsonaro tem 28,90% e Augusto Cury, 10,01% - Na Boca do Povo RN\",\"isPartOf\":{\"@id\":\"https:\\\/\\\/nabocadopovorn.com.br\\\/#website\"},\"primaryImageOfPage\":{\"@id\":\"https:\\\/\\\/nabocadopovorn.com.br\\\/index.php\\\/2026\\\/09\\\/04\\\/lula-lidera-disputa-presidencial-no-rn-com-4729-flavio-bolsonaro-tem-2890-e-augusto-cury-1001\\\/#primaryimage\"},\"image\":{\"@id\":\"https:\\\/\\\/nabocadopovorn.com.br\\\/index.php\\\/2026\\\/09\\\/04\\\/lula-lidera-disputa-presidencial-no-rn-com-4729-flavio-bolsonaro-tem-2890-e-augusto-cury-1001\\\/#primaryimage\"},\"thumbnailUrl\":\"https:\\\/\\\/nabocadopovorn.com.br\\\/wp-content\\\/uploads\\\/2026\\\/09\\\/pesquisa-rn.jpg\",\"datePublished\":\"2026-09-05T01:15:29+00:00\",\"dateModified\":\"2026-09-05T01:15:35+00:00\",\"breadcrumb\":{\"@id\":\"https:\\\/\\\/nabocadopovorn.com.br\\\/index.php\\\/2026\\\/09\\\/04\\\/lula-lidera-disputa-presidencial-no-rn-com-4729-flavio-bolsonaro-tem-2890-e-augusto-cury-1001\\\/#breadcrumb\"},\"inLanguage\":\"pt-BR\",\"potentialAction\":[{\"@type\":\"ReadAction\",\"target\":[\"https:\\\/\\\/nabocadopovorn.com.br\\\/index.php\\\/2026\\\/09\\\/04\\\/lula-lidera-disputa-presidencial-no-rn-com-4729-flavio-bolsonaro-tem-2890-e-augusto-cury-1001\\\/\"]}]},{\"@type\":\"ImageObject\",\"inLanguage\":\"pt-BR\",\"@id\":\"https:\\\/\\\/nabocadopovorn.com.br\\\/index.php\\\/2026\\\/09\\\/04\\\/lula-lidera-disputa-presidencial-no-rn-com-4729-flavio-bolsonaro-tem-2890-e-augusto-cury-1001\\\/#primaryimage\",\"url\":\"https:\\\/\\\/nabocadopovorn.com.br\\\/wp-content\\\/uploads\\\/2026\\\/09\\\/pesquisa-rn.jpg\",\"contentUrl\":\"https:\\\/\\\/nabocadopovorn.com.br\\\/wp-content\\\/uploads\\\/2026\\\/09\\\/pesquisa-rn.jpg\",\"width\":1920,\"height\":1080},{\"@type\":\"BreadcrumbList\",\"@id\":\"https:\\\/\\\/nabocadopovorn.com.br\\\/index.php\\\/2026\\\/09\\\/04\\\/lula-lidera-disputa-presidencial-no-rn-com-4729-flavio-bolsonaro-tem-2890-e-augusto-cury-1001\\\/#breadcrumb\",\"itemListElement\":[{\"@type\":\"ListItem\",\"position\":1,\"name\":\"Home\",\"item\":\"https:\\\/\\\/nabocadopovorn.com.br\\\/\"},{\"@type\":\"ListItem\",\"position\":2,\"name\":\"Lula lidera disputa presidencial no RN com 47,29%; Fl\u00e1vio Bolsonaro tem 28,90% e Augusto Cury, 10,01%\"}]},{\"@type\":\"WebSite\",\"@id\":\"https:\\\/\\\/nabocadopovorn.com.br\\\/#website\",\"url\":\"https:\\\/\\\/nabocadopovorn.com.br\\\/\",\"name\":\"Na Boca do Povo RN\",\"description\":\"Informa\u00e7\u00e3o Total\",\"publisher\":{\"@id\":\"https:\\\/\\\/nabocadopovorn.com.br\\\/#organization\"},\"potentialAction\":[{\"@type\":\"SearchAction\",\"target\":{\"@type\":\"EntryPoint\",\"urlTemplate\":\"https:\\\/\\\/nabocadopovorn.com.br\\\/?s={search_term_string}\"},\"query-input\":{\"@type\":\"PropertyValueSpecification\",\"valueRequired\":true,\"valueName\":\"search_term_string\"}}],\"inLanguage\":\"pt-BR\"},{\"@type\":\"Organization\",\"@id\":\"https:\\\/\\\/nabocadopovorn.com.br\\\/#organization\",\"name\":\"Na Boca do Povo RN\",\"url\":\"https:\\\/\\\/nabocadopovorn.com.br\\\/\",\"logo\":{\"@type\":\"ImageObject\",\"inLanguage\":\"pt-BR\",\"@id\":\"https:\\\/\\\/nabocadopovorn.com.br\\\/#\\\/schema\\\/logo\\\/image\\\/\",\"url\":\"https:\\\/\\\/nabocadopovorn.com.br\\\/wp-content\\\/uploads\\\/2026\\\/05\\\/cropped-logo-nova-reduzida.png\",\"contentUrl\":\"https:\\\/\\\/nabocadopovorn.com.br\\\/wp-content\\\/uploads\\\/2026\\\/05\\\/cropped-logo-nova-reduzida.png\",\"width\":1024,\"height\":155,\"caption\":\"Na Boca do Povo RN\"},\"image\":{\"@id\":\"https:\\\/\\\/nabocadopovorn.com.br\\\/#\\\/schema\\\/logo\\\/image\\\/\"}},{\"@type\":\"Person\",\"@id\":\"https:\\\/\\\/nabocadopovorn.com.br\\\/#\\\/schema\\\/person\\\/4468ae2379df0d02bb183cb4b56757e7\",\"name\":\"Caio Rodrigo\",\"image\":{\"@type\":\"ImageObject\",\"inLanguage\":\"pt-BR\",\"@id\":\"https:\\\/\\\/nabocadopovorn.com.br\\\/wp-content\\\/uploads\\\/2026\\\/08\\\/down-150x150.jpg\",\"url\":\"https:\\\/\\\/nabocadopovorn.com.br\\\/wp-content\\\/uploads\\\/2026\\\/08\\\/down-150x150.jpg\",\"contentUrl\":\"https:\\\/\\\/nabocadopovorn.com.br\\\/wp-content\\\/uploads\\\/2026\\\/08\\\/down-150x150.jpg\",\"caption\":\"Caio Rodrigo\"},\"url\":\"https:\\\/\\\/nabocadopovorn.com.br\\\/index.php\\\/author\\\/caiordrg4gmail-com\\\/\"}]}<\/script>\n<!-- \/ Yoast SEO plugin. -->","yoast_head_json":{"title":"Lula lidera disputa presidencial no RN com 47,29%; Fl\u00e1vio Bolsonaro tem 28,90% e Augusto Cury, 10,01% - Na Boca do Povo RN","robots":{"index":"index","follow":"follow","max-snippet":"max-snippet:-1","max-image-preview":"max-image-preview:large","max-video-preview":"max-video-preview:-1"},"canonical":"https:\/\/nabocadopovorn.com.br\/index.php\/2026\/09\/04\/lula-lidera-disputa-presidencial-no-rn-com-4729-flavio-bolsonaro-tem-2890-e-augusto-cury-1001\/","og_locale":"pt_BR","og_type":"article","og_title":"Lula lidera disputa presidencial no RN com 47,29%; Fl\u00e1vio Bolsonaro tem 28,90% e Augusto Cury, 10,01% - Na Boca do Povo RN","og_description":"A um m\u00eas da elei\u00e7\u00e3o, o candidato do PT \u00e0 Presid\u00eancia da Rep\u00fablica, Luiz In\u00e1cio Lula da Silva,","og_url":"https:\/\/nabocadopovorn.com.br\/index.php\/2026\/09\/04\/lula-lidera-disputa-presidencial-no-rn-com-4729-flavio-bolsonaro-tem-2890-e-augusto-cury-1001\/","og_site_name":"Na Boca do Povo RN","article_published_time":"2026-09-05T01:15:29+00:00","article_modified_time":"2026-09-05T01:15:35+00:00","og_image":[{"width":1920,"height":1080,"url":"https:\/\/nabocadopovorn.com.br\/wp-content\/uploads\/2026\/09\/pesquisa-rn.jpg","type":"image\/jpeg"}],"author":"Caio Rodrigo","twitter_card":"summary_large_image","twitter_misc":{"Escrito por":"Caio Rodrigo","Est. tempo de leitura":"3 minutos"},"schema":{"@context":"https:\/\/schema.org","@graph":[{"@type":"Article","@id":"https:\/\/nabocadopovorn.com.br\/index.php\/2026\/09\/04\/lula-lidera-disputa-presidencial-no-rn-com-4729-flavio-bolsonaro-tem-2890-e-augusto-cury-1001\/#article","isPartOf":{"@id":"https:\/\/nabocadopovorn.com.br\/index.php\/2026\/09\/04\/lula-lidera-disputa-presidencial-no-rn-com-4729-flavio-bolsonaro-tem-2890-e-augusto-cury-1001\/"},"author":{"name":"Caio Rodrigo","@id":"https:\/\/nabocadopovorn.com.br\/#\/schema\/person\/4468ae2379df0d02bb183cb4b56757e7"},"headline":"Lula lidera disputa presidencial no RN com 47,29%; Fl\u00e1vio Bolsonaro tem 28,90% e Augusto Cury, 10,01%","datePublished":"2026-09-05T01:15:29+00:00","dateModified":"2026-09-05T01:15:35+00:00","mainEntityOfPage":{"@id":"https:\/\/nabocadopovorn.com.br\/index.php\/2026\/09\/04\/lula-lidera-disputa-presidencial-no-rn-com-4729-flavio-bolsonaro-tem-2890-e-augusto-cury-1001\/"},"wordCount":415,"publisher":{"@id":"https:\/\/nabocadopovorn.com.br\/#organization"},"image":{"@id":"https:\/\/nabocadopovorn.com.br\/index.php\/2026\/09\/04\/lula-lidera-disputa-presidencial-no-rn-com-4729-flavio-bolsonaro-tem-2890-e-augusto-cury-1001\/#primaryimage"},"thumbnailUrl":"https:\/\/nabocadopovorn.com.br\/wp-content\/uploads\/2026\/09\/pesquisa-rn.jpg","articleSection":["RN"],"inLanguage":"pt-BR"},{"@type":"WebPage","@id":"https:\/\/nabocadopovorn.com.br\/index.php\/2026\/09\/04\/lula-lidera-disputa-presidencial-no-rn-com-4729-flavio-bolsonaro-tem-2890-e-augusto-cury-1001\/","url":"https:\/\/nabocadopovorn.com.br\/index.php\/2026\/09\/04\/lula-lidera-disputa-presidencial-no-rn-com-4729-flavio-bolsonaro-tem-2890-e-augusto-cury-1001\/","name":"Lula lidera disputa presidencial no RN com 47,29%; Fl\u00e1vio Bolsonaro tem 28,90% e Augusto Cury, 10,01% - Na Boca do Povo RN","isPartOf":{"@id":"https:\/\/nabocadopovorn.com.br\/#website"},"primaryImageOfPage":{"@id":"https:\/\/nabocadopovorn.com.br\/index.php\/2026\/09\/04\/lula-lidera-disputa-presidencial-no-rn-com-4729-flavio-bolsonaro-tem-2890-e-augusto-cury-1001\/#primaryimage"},"image":{"@id":"https:\/\/nabocadopovorn.com.br\/index.php\/2026\/09\/04\/lula-lidera-disputa-presidencial-no-rn-com-4729-flavio-bolsonaro-tem-2890-e-augusto-cury-1001\/#primaryimage"},"thumbnailUrl":"https:\/\/nabocadopovorn.com.br\/wp-content\/uploads\/2026\/09\/pesquisa-rn.jpg","datePublished":"2026-09-05T01:15:29+00:00","dateModified":"2026-09-05T01:15:35+00:00","breadcrumb":{"@id":"https:\/\/nabocadopovorn.com.br\/index.php\/2026\/09\/04\/lula-lidera-disputa-presidencial-no-rn-com-4729-flavio-bolsonaro-tem-2890-e-augusto-cury-1001\/#breadcrumb"},"inLanguage":"pt-BR","potentialAction":[{"@type":"ReadAction","target":["https:\/\/nabocadopovorn.com.br\/index.php\/2026\/09\/04\/lula-lidera-disputa-presidencial-no-rn-com-4729-flavio-bolsonaro-tem-2890-e-augusto-cury-1001\/"]}]},{"@type":"ImageObject","inLanguage":"pt-BR","@id":"https:\/\/nabocadopovorn.com.br\/index.php\/2026\/09\/04\/lula-lidera-disputa-presidencial-no-rn-com-4729-flavio-bolsonaro-tem-2890-e-augusto-cury-1001\/#primaryimage","url":"https:\/\/nabocadopovorn.com.br\/wp-content\/uploads\/2026\/09\/pesquisa-rn.jpg","contentUrl":"https:\/\/nabocadopovorn.com.br\/wp-content\/uploads\/2026\/09\/pesquisa-rn.jpg","width":1920,"height":1080},{"@type":"BreadcrumbList","@id":"https:\/\/nabocadopovorn.com.br\/index.php\/2026\/09\/04\/lula-lidera-disputa-presidencial-no-rn-com-4729-flavio-bolsonaro-tem-2890-e-augusto-cury-1001\/#breadcrumb","itemListElement":[{"@type":"ListItem","position":1,"name":"Home","item":"https:\/\/nabocadopovorn.com.br\/"},{"@type":"ListItem","position":2,"name":"Lula lidera disputa presidencial no RN com 47,29%; Fl\u00e1vio Bolsonaro tem 28,90% e Augusto Cury, 10,01%"}]},{"@type":"WebSite","@id":"https:\/\/nabocadopovorn.com.br\/#website","url":"https:\/\/nabocadopovorn.com.br\/","name":"Na Boca do Povo RN","description":"Informa\u00e7\u00e3o Total","publisher":{"@id":"https:\/\/nabocadopovorn.com.br\/#organization"},"potentialAction":[{"@type":"SearchAction","target":{"@type":"EntryPoint","urlTemplate":"https:\/\/nabocadopovorn.com.br\/?s={search_term_string}"},"query-input":{"@type":"PropertyValueSpecification","valueRequired":true,"valueName":"search_term_string"}}],"inLanguage":"pt-BR"},{"@type":"Organization","@id":"https:\/\/nabocadopovorn.com.br\/#organization","name":"Na Boca do Povo RN","url":"https:\/\/nabocadopovorn.com.br\/","logo":{"@type":"ImageObject","inLanguage":"pt-BR","@id":"https:\/\/nabocadopovorn.com.br\/#\/schema\/logo\/image\/","url":"https:\/\/nabocadopovorn.com.br\/wp-content\/uploads\/2026\/05\/cropped-logo-nova-reduzida.png","contentUrl":"https:\/\/nabocadopovorn.com.br\/wp-content\/uploads\/2026\/05\/cropped-logo-nova-reduzida.png","width":1024,"height":155,"caption":"Na Boca do Povo RN"},"image":{"@id":"https:\/\/nabocadopovorn.com.br\/#\/schema\/logo\/image\/"}},{"@type":"Person","@id":"https:\/\/nabocadopovorn.com.br\/#\/schema\/person\/4468ae2379df0d02bb183cb4b56757e7","name":"Caio Rodrigo","image":{"@type":"ImageObject","inLanguage":"pt-BR","@id":"https:\/\/nabocadopovorn.com.br\/wp-content\/uploads\/2026\/08\/down-150x150.jpg","url":"https:\/\/nabocadopovorn.com.br\/wp-content\/uploads\/2026\/08\/down-150x150.jpg","contentUrl":"https:\/\/nabocadopovorn.com.br\/wp-content\/uploads\/2026\/08\/down-150x150.jpg","caption":"Caio Rodrigo"},"url":"https:\/\/nabocadopovorn.com.br\/index.php\/author\/caiordrg4gmail-com\/"}]}},"_links":{"self":[{"href":"https:\/\/nabocadopovorn.com.br\/index.php\/wp-json\/wp\/v2\/posts\/9794","targetHints":{"allow":["GET"]}}],"collection":[{"href":"https:\/\/nabocadopovorn.com.br\/index.php\/wp-json\/wp\/v2\/posts"}],"about":[{"href":"https:\/\/nabocadopovorn.com.br\/index.php\/wp-json\/wp\/v2\/types\/post"}],"author":[{"embeddable":true,"href":"https:\/\/nabocadopovorn.com.br\/index.php\/wp-json\/wp\/v2\/users\/4"}],"replies":[{"embeddable":true,"href":"https:\/\/nabocadopovorn.com.br\/index.php\/wp-json\/wp\/v2\/comments?post=9794"}],"version-history":[{"count":1,"href":"https:\/\/nabocadopovorn.com.br\/index.php\/wp-json\/wp\/v2\/posts\/9794\/revisions"}],"predecessor-version":[{"id":9796,"href":"https:\/\/nabocadopovorn.com.br\/index.php\/wp-json\/wp\/v2\/posts\/9794\/revisions\/9796"}],"wp:featuredmedia":[{"embeddable":true,"href":"https:\/\/nabocadopovorn.com.br\/index.php\/wp-json\/wp\/v2\/media\/9795"}],"wp:attachment":[{"href":"https:\/\/nabocadopovorn.com.br\/index.php\/wp-json\/wp\/v2\/media?parent=9794"}],"wp:term":[{"taxonomy":"category","embeddable":true,"href":"https:\/\/nabocadopovorn.com.br\/index.php\/wp-json\/wp\/v2\/categories?post=9794"},{"taxonomy":"post_tag","embeddable":true,"href":"https:\/\/nabocadopovorn.com.br\/index.php\/wp-json\/wp\/v2\/tags?post=9794"}],"curies":[{"name":"wp","href":"https:\/\/api.w.org\/{rel}","templated":true}]}}