{"id":9788,"date":"2026-09-04T21:52:26","date_gmt":"2026-09-05T00:52:26","guid":{"rendered":"https:\/\/nabocadopovorn.com.br\/?p=9788"},"modified":"2026-09-04T21:52:30","modified_gmt":"2026-09-05T00:52:30","slug":"fiocruz-vai-iniciar-testes-da-primeira-vacina-rnam-contra-a-covid-19","status":"publish","type":"post","link":"https:\/\/nabocadopovorn.com.br\/index.php\/2026\/09\/04\/fiocruz-vai-iniciar-testes-da-primeira-vacina-rnam-contra-a-covid-19\/","title":{"rendered":"Fiocruz vai iniciar testes da primeira vacina RNAm contra a covid-19"},"content":{"rendered":"\n<p class=\"wp-block-paragraph\">A Ag\u00eancia Nacional de Vigil\u00e2ncia Sanit\u00e1ria (Anvisa) autorizou a Funda\u00e7\u00e3o Oswaldo Cruz (Fiocruz) a iniciar os estudos cl\u00ednicos da vacina de RNA mensageiro (RNAm) contra a covid-19. A vacina \u00e9 a primeira produzida com esta tecnologia no pa\u00eds.<\/p>\n\n\n\n<p class=\"wp-block-paragraph\">O imunizante foi totalmente desenvolvido na plataforma RNAm da Fiocruz. O estudo de Fase 1 tem o objetivo de avaliar a seguran\u00e7a e a imunogenicidade do refor\u00e7o vacinal com a vacina COVID19 (RNAm) da Biomanguinhos\/Fiocruz em participantes adultos sadios.<\/p>\n\n\n\n<p class=\"wp-block-paragraph\">A vacina do Instituto de Tecnologia em Imunobiol\u00f3gicos passou pelo est\u00e1gio pr\u00e9-cl\u00ednico, que mostrou efic\u00e1cia na prote\u00e7\u00e3o contra a doen\u00e7a. Tamb\u00e9m foram realizados estudos toxicol\u00f3gicos e de escalonamento.<\/p>\n\n\n\n<p class=\"wp-block-paragraph\"><strong>Fonte: Agencia Brasil<\/strong><\/p>\n","protected":false},"excerpt":{"rendered":"<p>A Ag\u00eancia Nacional de Vigil\u00e2ncia Sanit\u00e1ria (Anvisa) autorizou a Funda\u00e7\u00e3o Oswaldo Cruz (Fiocruz) a iniciar os estudos cl\u00ednicos<\/p>\n","protected":false},"author":4,"featured_media":9789,"comment_status":"closed","ping_status":"open","sticky":false,"template":"","format":"standard","meta":{"footnotes":""},"categories":[21],"tags":[],"class_list":["post-9788","post","type-post","status-publish","format-standard","has-post-thumbnail","hentry","category-saude"],"yoast_head":"<!-- This site is optimized with the Yoast SEO plugin v28.4 - https:\/\/yoast.com\/product\/yoast-seo-wordpress\/ -->\n<title>Fiocruz vai iniciar testes da primeira vacina RNAm contra a covid-19 - Na Boca do Povo RN<\/title>\n<meta name=\"robots\" content=\"index, follow, max-snippet:-1, max-image-preview:large, max-video-preview:-1\" \/>\n<link rel=\"canonical\" href=\"https:\/\/nabocadopovorn.com.br\/index.php\/2026\/09\/04\/fiocruz-vai-iniciar-testes-da-primeira-vacina-rnam-contra-a-covid-19\/\" \/>\n<meta property=\"og:locale\" content=\"pt_BR\" \/>\n<meta property=\"og:type\" content=\"article\" \/>\n<meta property=\"og:title\" content=\"Fiocruz vai iniciar testes da primeira vacina RNAm contra a covid-19 - Na Boca do Povo RN\" \/>\n<meta property=\"og:description\" content=\"A Ag\u00eancia Nacional de Vigil\u00e2ncia Sanit\u00e1ria (Anvisa) autorizou a Funda\u00e7\u00e3o Oswaldo Cruz (Fiocruz) a iniciar os estudos cl\u00ednicos\" \/>\n<meta property=\"og:url\" content=\"https:\/\/nabocadopovorn.com.br\/index.php\/2026\/09\/04\/fiocruz-vai-iniciar-testes-da-primeira-vacina-rnam-contra-a-covid-19\/\" \/>\n<meta property=\"og:site_name\" content=\"Na Boca do Povo RN\" \/>\n<meta property=\"article:published_time\" content=\"2026-09-05T00:52:26+00:00\" \/>\n<meta property=\"article:modified_time\" content=\"2026-09-05T00:52:30+00:00\" \/>\n<meta property=\"og:image\" content=\"https:\/\/nabocadopovorn.com.br\/wp-content\/uploads\/2026\/09\/vacina.jpg\" \/>\n\t<meta property=\"og:image:width\" content=\"1920\" \/>\n\t<meta property=\"og:image:height\" content=\"1080\" \/>\n\t<meta property=\"og:image:type\" content=\"image\/jpeg\" \/>\n<meta name=\"author\" content=\"Caio Rodrigo\" \/>\n<meta name=\"twitter:card\" content=\"summary_large_image\" \/>\n<meta name=\"twitter:label1\" content=\"Escrito por\" \/>\n\t<meta name=\"twitter:data1\" content=\"Caio Rodrigo\" \/>\n\t<meta name=\"twitter:label2\" content=\"Est. tempo de leitura\" \/>\n\t<meta name=\"twitter:data2\" content=\"1 minuto\" \/>\n<script type=\"application\/ld+json\" class=\"yoast-schema-graph\">{\"@context\":\"https:\\\/\\\/schema.org\",\"@graph\":[{\"@type\":\"Article\",\"@id\":\"https:\\\/\\\/nabocadopovorn.com.br\\\/index.php\\\/2026\\\/09\\\/04\\\/fiocruz-vai-iniciar-testes-da-primeira-vacina-rnam-contra-a-covid-19\\\/#article\",\"isPartOf\":{\"@id\":\"https:\\\/\\\/nabocadopovorn.com.br\\\/index.php\\\/2026\\\/09\\\/04\\\/fiocruz-vai-iniciar-testes-da-primeira-vacina-rnam-contra-a-covid-19\\\/\"},\"author\":{\"name\":\"Caio Rodrigo\",\"@id\":\"https:\\\/\\\/nabocadopovorn.com.br\\\/#\\\/schema\\\/person\\\/4468ae2379df0d02bb183cb4b56757e7\"},\"headline\":\"Fiocruz vai iniciar testes da primeira vacina RNAm contra a covid-19\",\"datePublished\":\"2026-09-05T00:52:26+00:00\",\"dateModified\":\"2026-09-05T00:52:30+00:00\",\"mainEntityOfPage\":{\"@id\":\"https:\\\/\\\/nabocadopovorn.com.br\\\/index.php\\\/2026\\\/09\\\/04\\\/fiocruz-vai-iniciar-testes-da-primeira-vacina-rnam-contra-a-covid-19\\\/\"},\"wordCount\":135,\"publisher\":{\"@id\":\"https:\\\/\\\/nabocadopovorn.com.br\\\/#organization\"},\"image\":{\"@id\":\"https:\\\/\\\/nabocadopovorn.com.br\\\/index.php\\\/2026\\\/09\\\/04\\\/fiocruz-vai-iniciar-testes-da-primeira-vacina-rnam-contra-a-covid-19\\\/#primaryimage\"},\"thumbnailUrl\":\"https:\\\/\\\/nabocadopovorn.com.br\\\/wp-content\\\/uploads\\\/2026\\\/09\\\/vacina.jpg\",\"articleSection\":[\"Sa\u00fade\"],\"inLanguage\":\"pt-BR\"},{\"@type\":\"WebPage\",\"@id\":\"https:\\\/\\\/nabocadopovorn.com.br\\\/index.php\\\/2026\\\/09\\\/04\\\/fiocruz-vai-iniciar-testes-da-primeira-vacina-rnam-contra-a-covid-19\\\/\",\"url\":\"https:\\\/\\\/nabocadopovorn.com.br\\\/index.php\\\/2026\\\/09\\\/04\\\/fiocruz-vai-iniciar-testes-da-primeira-vacina-rnam-contra-a-covid-19\\\/\",\"name\":\"Fiocruz vai iniciar testes da primeira vacina RNAm contra a covid-19 - Na Boca do Povo RN\",\"isPartOf\":{\"@id\":\"https:\\\/\\\/nabocadopovorn.com.br\\\/#website\"},\"primaryImageOfPage\":{\"@id\":\"https:\\\/\\\/nabocadopovorn.com.br\\\/index.php\\\/2026\\\/09\\\/04\\\/fiocruz-vai-iniciar-testes-da-primeira-vacina-rnam-contra-a-covid-19\\\/#primaryimage\"},\"image\":{\"@id\":\"https:\\\/\\\/nabocadopovorn.com.br\\\/index.php\\\/2026\\\/09\\\/04\\\/fiocruz-vai-iniciar-testes-da-primeira-vacina-rnam-contra-a-covid-19\\\/#primaryimage\"},\"thumbnailUrl\":\"https:\\\/\\\/nabocadopovorn.com.br\\\/wp-content\\\/uploads\\\/2026\\\/09\\\/vacina.jpg\",\"datePublished\":\"2026-09-05T00:52:26+00:00\",\"dateModified\":\"2026-09-05T00:52:30+00:00\",\"breadcrumb\":{\"@id\":\"https:\\\/\\\/nabocadopovorn.com.br\\\/index.php\\\/2026\\\/09\\\/04\\\/fiocruz-vai-iniciar-testes-da-primeira-vacina-rnam-contra-a-covid-19\\\/#breadcrumb\"},\"inLanguage\":\"pt-BR\",\"potentialAction\":[{\"@type\":\"ReadAction\",\"target\":[\"https:\\\/\\\/nabocadopovorn.com.br\\\/index.php\\\/2026\\\/09\\\/04\\\/fiocruz-vai-iniciar-testes-da-primeira-vacina-rnam-contra-a-covid-19\\\/\"]}]},{\"@type\":\"ImageObject\",\"inLanguage\":\"pt-BR\",\"@id\":\"https:\\\/\\\/nabocadopovorn.com.br\\\/index.php\\\/2026\\\/09\\\/04\\\/fiocruz-vai-iniciar-testes-da-primeira-vacina-rnam-contra-a-covid-19\\\/#primaryimage\",\"url\":\"https:\\\/\\\/nabocadopovorn.com.br\\\/wp-content\\\/uploads\\\/2026\\\/09\\\/vacina.jpg\",\"contentUrl\":\"https:\\\/\\\/nabocadopovorn.com.br\\\/wp-content\\\/uploads\\\/2026\\\/09\\\/vacina.jpg\",\"width\":1920,\"height\":1080},{\"@type\":\"BreadcrumbList\",\"@id\":\"https:\\\/\\\/nabocadopovorn.com.br\\\/index.php\\\/2026\\\/09\\\/04\\\/fiocruz-vai-iniciar-testes-da-primeira-vacina-rnam-contra-a-covid-19\\\/#breadcrumb\",\"itemListElement\":[{\"@type\":\"ListItem\",\"position\":1,\"name\":\"Home\",\"item\":\"https:\\\/\\\/nabocadopovorn.com.br\\\/\"},{\"@type\":\"ListItem\",\"position\":2,\"name\":\"Fiocruz vai iniciar testes da primeira vacina RNAm contra a covid-19\"}]},{\"@type\":\"WebSite\",\"@id\":\"https:\\\/\\\/nabocadopovorn.com.br\\\/#website\",\"url\":\"https:\\\/\\\/nabocadopovorn.com.br\\\/\",\"name\":\"Na Boca do Povo RN\",\"description\":\"Informa\u00e7\u00e3o Total\",\"publisher\":{\"@id\":\"https:\\\/\\\/nabocadopovorn.com.br\\\/#organization\"},\"potentialAction\":[{\"@type\":\"SearchAction\",\"target\":{\"@type\":\"EntryPoint\",\"urlTemplate\":\"https:\\\/\\\/nabocadopovorn.com.br\\\/?s={search_term_string}\"},\"query-input\":{\"@type\":\"PropertyValueSpecification\",\"valueRequired\":true,\"valueName\":\"search_term_string\"}}],\"inLanguage\":\"pt-BR\"},{\"@type\":\"Organization\",\"@id\":\"https:\\\/\\\/nabocadopovorn.com.br\\\/#organization\",\"name\":\"Na Boca do Povo RN\",\"url\":\"https:\\\/\\\/nabocadopovorn.com.br\\\/\",\"logo\":{\"@type\":\"ImageObject\",\"inLanguage\":\"pt-BR\",\"@id\":\"https:\\\/\\\/nabocadopovorn.com.br\\\/#\\\/schema\\\/logo\\\/image\\\/\",\"url\":\"https:\\\/\\\/nabocadopovorn.com.br\\\/wp-content\\\/uploads\\\/2026\\\/05\\\/cropped-logo-nova-reduzida.png\",\"contentUrl\":\"https:\\\/\\\/nabocadopovorn.com.br\\\/wp-content\\\/uploads\\\/2026\\\/05\\\/cropped-logo-nova-reduzida.png\",\"width\":1024,\"height\":155,\"caption\":\"Na Boca do Povo RN\"},\"image\":{\"@id\":\"https:\\\/\\\/nabocadopovorn.com.br\\\/#\\\/schema\\\/logo\\\/image\\\/\"}},{\"@type\":\"Person\",\"@id\":\"https:\\\/\\\/nabocadopovorn.com.br\\\/#\\\/schema\\\/person\\\/4468ae2379df0d02bb183cb4b56757e7\",\"name\":\"Caio Rodrigo\",\"image\":{\"@type\":\"ImageObject\",\"inLanguage\":\"pt-BR\",\"@id\":\"https:\\\/\\\/nabocadopovorn.com.br\\\/wp-content\\\/uploads\\\/2026\\\/08\\\/down-150x150.jpg\",\"url\":\"https:\\\/\\\/nabocadopovorn.com.br\\\/wp-content\\\/uploads\\\/2026\\\/08\\\/down-150x150.jpg\",\"contentUrl\":\"https:\\\/\\\/nabocadopovorn.com.br\\\/wp-content\\\/uploads\\\/2026\\\/08\\\/down-150x150.jpg\",\"caption\":\"Caio Rodrigo\"},\"url\":\"https:\\\/\\\/nabocadopovorn.com.br\\\/index.php\\\/author\\\/caiordrg4gmail-com\\\/\"}]}<\/script>\n<!-- \/ Yoast SEO plugin. -->","yoast_head_json":{"title":"Fiocruz vai iniciar testes da primeira vacina RNAm contra a covid-19 - Na Boca do Povo RN","robots":{"index":"index","follow":"follow","max-snippet":"max-snippet:-1","max-image-preview":"max-image-preview:large","max-video-preview":"max-video-preview:-1"},"canonical":"https:\/\/nabocadopovorn.com.br\/index.php\/2026\/09\/04\/fiocruz-vai-iniciar-testes-da-primeira-vacina-rnam-contra-a-covid-19\/","og_locale":"pt_BR","og_type":"article","og_title":"Fiocruz vai iniciar testes da primeira vacina RNAm contra a covid-19 - Na Boca do Povo RN","og_description":"A Ag\u00eancia Nacional de Vigil\u00e2ncia Sanit\u00e1ria (Anvisa) autorizou a Funda\u00e7\u00e3o Oswaldo Cruz (Fiocruz) a iniciar os estudos cl\u00ednicos","og_url":"https:\/\/nabocadopovorn.com.br\/index.php\/2026\/09\/04\/fiocruz-vai-iniciar-testes-da-primeira-vacina-rnam-contra-a-covid-19\/","og_site_name":"Na Boca do Povo RN","article_published_time":"2026-09-05T00:52:26+00:00","article_modified_time":"2026-09-05T00:52:30+00:00","og_image":[{"width":1920,"height":1080,"url":"https:\/\/nabocadopovorn.com.br\/wp-content\/uploads\/2026\/09\/vacina.jpg","type":"image\/jpeg"}],"author":"Caio Rodrigo","twitter_card":"summary_large_image","twitter_misc":{"Escrito por":"Caio Rodrigo","Est. tempo de leitura":"1 minuto"},"schema":{"@context":"https:\/\/schema.org","@graph":[{"@type":"Article","@id":"https:\/\/nabocadopovorn.com.br\/index.php\/2026\/09\/04\/fiocruz-vai-iniciar-testes-da-primeira-vacina-rnam-contra-a-covid-19\/#article","isPartOf":{"@id":"https:\/\/nabocadopovorn.com.br\/index.php\/2026\/09\/04\/fiocruz-vai-iniciar-testes-da-primeira-vacina-rnam-contra-a-covid-19\/"},"author":{"name":"Caio Rodrigo","@id":"https:\/\/nabocadopovorn.com.br\/#\/schema\/person\/4468ae2379df0d02bb183cb4b56757e7"},"headline":"Fiocruz vai iniciar testes da primeira vacina RNAm contra a covid-19","datePublished":"2026-09-05T00:52:26+00:00","dateModified":"2026-09-05T00:52:30+00:00","mainEntityOfPage":{"@id":"https:\/\/nabocadopovorn.com.br\/index.php\/2026\/09\/04\/fiocruz-vai-iniciar-testes-da-primeira-vacina-rnam-contra-a-covid-19\/"},"wordCount":135,"publisher":{"@id":"https:\/\/nabocadopovorn.com.br\/#organization"},"image":{"@id":"https:\/\/nabocadopovorn.com.br\/index.php\/2026\/09\/04\/fiocruz-vai-iniciar-testes-da-primeira-vacina-rnam-contra-a-covid-19\/#primaryimage"},"thumbnailUrl":"https:\/\/nabocadopovorn.com.br\/wp-content\/uploads\/2026\/09\/vacina.jpg","articleSection":["Sa\u00fade"],"inLanguage":"pt-BR"},{"@type":"WebPage","@id":"https:\/\/nabocadopovorn.com.br\/index.php\/2026\/09\/04\/fiocruz-vai-iniciar-testes-da-primeira-vacina-rnam-contra-a-covid-19\/","url":"https:\/\/nabocadopovorn.com.br\/index.php\/2026\/09\/04\/fiocruz-vai-iniciar-testes-da-primeira-vacina-rnam-contra-a-covid-19\/","name":"Fiocruz vai iniciar testes da primeira vacina RNAm contra a covid-19 - Na Boca do Povo RN","isPartOf":{"@id":"https:\/\/nabocadopovorn.com.br\/#website"},"primaryImageOfPage":{"@id":"https:\/\/nabocadopovorn.com.br\/index.php\/2026\/09\/04\/fiocruz-vai-iniciar-testes-da-primeira-vacina-rnam-contra-a-covid-19\/#primaryimage"},"image":{"@id":"https:\/\/nabocadopovorn.com.br\/index.php\/2026\/09\/04\/fiocruz-vai-iniciar-testes-da-primeira-vacina-rnam-contra-a-covid-19\/#primaryimage"},"thumbnailUrl":"https:\/\/nabocadopovorn.com.br\/wp-content\/uploads\/2026\/09\/vacina.jpg","datePublished":"2026-09-05T00:52:26+00:00","dateModified":"2026-09-05T00:52:30+00:00","breadcrumb":{"@id":"https:\/\/nabocadopovorn.com.br\/index.php\/2026\/09\/04\/fiocruz-vai-iniciar-testes-da-primeira-vacina-rnam-contra-a-covid-19\/#breadcrumb"},"inLanguage":"pt-BR","potentialAction":[{"@type":"ReadAction","target":["https:\/\/nabocadopovorn.com.br\/index.php\/2026\/09\/04\/fiocruz-vai-iniciar-testes-da-primeira-vacina-rnam-contra-a-covid-19\/"]}]},{"@type":"ImageObject","inLanguage":"pt-BR","@id":"https:\/\/nabocadopovorn.com.br\/index.php\/2026\/09\/04\/fiocruz-vai-iniciar-testes-da-primeira-vacina-rnam-contra-a-covid-19\/#primaryimage","url":"https:\/\/nabocadopovorn.com.br\/wp-content\/uploads\/2026\/09\/vacina.jpg","contentUrl":"https:\/\/nabocadopovorn.com.br\/wp-content\/uploads\/2026\/09\/vacina.jpg","width":1920,"height":1080},{"@type":"BreadcrumbList","@id":"https:\/\/nabocadopovorn.com.br\/index.php\/2026\/09\/04\/fiocruz-vai-iniciar-testes-da-primeira-vacina-rnam-contra-a-covid-19\/#breadcrumb","itemListElement":[{"@type":"ListItem","position":1,"name":"Home","item":"https:\/\/nabocadopovorn.com.br\/"},{"@type":"ListItem","position":2,"name":"Fiocruz vai iniciar testes da primeira vacina RNAm contra a covid-19"}]},{"@type":"WebSite","@id":"https:\/\/nabocadopovorn.com.br\/#website","url":"https:\/\/nabocadopovorn.com.br\/","name":"Na Boca do Povo RN","description":"Informa\u00e7\u00e3o Total","publisher":{"@id":"https:\/\/nabocadopovorn.com.br\/#organization"},"potentialAction":[{"@type":"SearchAction","target":{"@type":"EntryPoint","urlTemplate":"https:\/\/nabocadopovorn.com.br\/?s={search_term_string}"},"query-input":{"@type":"PropertyValueSpecification","valueRequired":true,"valueName":"search_term_string"}}],"inLanguage":"pt-BR"},{"@type":"Organization","@id":"https:\/\/nabocadopovorn.com.br\/#organization","name":"Na Boca do Povo RN","url":"https:\/\/nabocadopovorn.com.br\/","logo":{"@type":"ImageObject","inLanguage":"pt-BR","@id":"https:\/\/nabocadopovorn.com.br\/#\/schema\/logo\/image\/","url":"https:\/\/nabocadopovorn.com.br\/wp-content\/uploads\/2026\/05\/cropped-logo-nova-reduzida.png","contentUrl":"https:\/\/nabocadopovorn.com.br\/wp-content\/uploads\/2026\/05\/cropped-logo-nova-reduzida.png","width":1024,"height":155,"caption":"Na Boca do Povo RN"},"image":{"@id":"https:\/\/nabocadopovorn.com.br\/#\/schema\/logo\/image\/"}},{"@type":"Person","@id":"https:\/\/nabocadopovorn.com.br\/#\/schema\/person\/4468ae2379df0d02bb183cb4b56757e7","name":"Caio Rodrigo","image":{"@type":"ImageObject","inLanguage":"pt-BR","@id":"https:\/\/nabocadopovorn.com.br\/wp-content\/uploads\/2026\/08\/down-150x150.jpg","url":"https:\/\/nabocadopovorn.com.br\/wp-content\/uploads\/2026\/08\/down-150x150.jpg","contentUrl":"https:\/\/nabocadopovorn.com.br\/wp-content\/uploads\/2026\/08\/down-150x150.jpg","caption":"Caio Rodrigo"},"url":"https:\/\/nabocadopovorn.com.br\/index.php\/author\/caiordrg4gmail-com\/"}]}},"_links":{"self":[{"href":"https:\/\/nabocadopovorn.com.br\/index.php\/wp-json\/wp\/v2\/posts\/9788","targetHints":{"allow":["GET"]}}],"collection":[{"href":"https:\/\/nabocadopovorn.com.br\/index.php\/wp-json\/wp\/v2\/posts"}],"about":[{"href":"https:\/\/nabocadopovorn.com.br\/index.php\/wp-json\/wp\/v2\/types\/post"}],"author":[{"embeddable":true,"href":"https:\/\/nabocadopovorn.com.br\/index.php\/wp-json\/wp\/v2\/users\/4"}],"replies":[{"embeddable":true,"href":"https:\/\/nabocadopovorn.com.br\/index.php\/wp-json\/wp\/v2\/comments?post=9788"}],"version-history":[{"count":1,"href":"https:\/\/nabocadopovorn.com.br\/index.php\/wp-json\/wp\/v2\/posts\/9788\/revisions"}],"predecessor-version":[{"id":9790,"href":"https:\/\/nabocadopovorn.com.br\/index.php\/wp-json\/wp\/v2\/posts\/9788\/revisions\/9790"}],"wp:featuredmedia":[{"embeddable":true,"href":"https:\/\/nabocadopovorn.com.br\/index.php\/wp-json\/wp\/v2\/media\/9789"}],"wp:attachment":[{"href":"https:\/\/nabocadopovorn.com.br\/index.php\/wp-json\/wp\/v2\/media?parent=9788"}],"wp:term":[{"taxonomy":"category","embeddable":true,"href":"https:\/\/nabocadopovorn.com.br\/index.php\/wp-json\/wp\/v2\/categories?post=9788"},{"taxonomy":"post_tag","embeddable":true,"href":"https:\/\/nabocadopovorn.com.br\/index.php\/wp-json\/wp\/v2\/tags?post=9788"}],"curies":[{"name":"wp","href":"https:\/\/api.w.org\/{rel}","templated":true}]}}