{"id":9775,"date":"2026-09-04T21:21:11","date_gmt":"2026-09-05T00:21:11","guid":{"rendered":"https:\/\/nabocadopovorn.com.br\/?p=9775"},"modified":"2026-09-04T21:21:14","modified_gmt":"2026-09-05T00:21:14","slug":"bancos-fecham-no-feriado-da-independencia-atendimento-retorna-na-terca-feira","status":"publish","type":"post","link":"https:\/\/nabocadopovorn.com.br\/index.php\/2026\/09\/04\/bancos-fecham-no-feriado-da-independencia-atendimento-retorna-na-terca-feira\/","title":{"rendered":"Bancos fecham no feriado da Independ\u00eancia; atendimento retorna na ter\u00e7a-feira"},"content":{"rendered":"\n<p class=\"wp-block-paragraph\">BRASILIA-DF &#8230; &#8211; As ag\u00eancias banc\u00e1rias estar\u00e3o fechadas na pr\u00f3xima segunda-feira (7), feriado da Independ\u00eancia do Brasil. Segundo a Federa\u00e7\u00e3o Brasileira de Bancos (Febraban), o atendimento presencial ser\u00e1 retomado normalmente na ter\u00e7a-feira (8), nas localidades onde n\u00e3o houver feriado ou ponto facultativo.<\/p>\n\n\n\n<p class=\"wp-block-paragraph\">Durante o feriado, os clientes poder\u00e3o realizar opera\u00e7\u00f5es pelos canais digitais, al\u00e9m de contar com atendimento telef\u00f4nico e correspondentes banc\u00e1rios.<\/p>\n\n\n\n<p class=\"wp-block-paragraph\">As salas de autoatendimento poder\u00e3o funcionar em algumas localidades, conforme decis\u00e3o de cada institui\u00e7\u00e3o.<\/p>\n\n\n\n<p class=\"wp-block-paragraph\">As compensa\u00e7\u00f5es banc\u00e1rias, incluindo TED, n\u00e3o ser\u00e3o realizadas no dia 7. J\u00e1 o PIX continuar\u00e1 funcionando normalmente, 24 horas por dia.<\/p>\n\n\n\n<p class=\"wp-block-paragraph\">Contas de \u00e1gua, energia, telefone e outros boletos com vencimento no feriado poder\u00e3o ser pagos no pr\u00f3ximo dia \u00fatil, sem acr\u00e9scimo.<\/p>\n\n\n\n<p class=\"wp-block-paragraph\"><\/p>\n\n\n\n<p class=\"wp-block-paragraph\"><\/p>\n","protected":false},"excerpt":{"rendered":"<p>BRASILIA-DF &#8230; &#8211; As ag\u00eancias banc\u00e1rias estar\u00e3o fechadas na pr\u00f3xima segunda-feira (7), feriado da Independ\u00eancia do Brasil. Segundo<\/p>\n","protected":false},"author":1,"featured_media":9776,"comment_status":"closed","ping_status":"open","sticky":false,"template":"","format":"standard","meta":{"footnotes":""},"categories":[92],"tags":[],"class_list":["post-9775","post","type-post","status-publish","format-standard","has-post-thumbnail","hentry","category-turismo"],"yoast_head":"<!-- This site is optimized with the Yoast SEO plugin v28.4 - https:\/\/yoast.com\/product\/yoast-seo-wordpress\/ -->\n<title>Bancos fecham no feriado da Independ\u00eancia; atendimento retorna na ter\u00e7a-feira - Na Boca do Povo RN<\/title>\n<meta name=\"robots\" content=\"index, follow, max-snippet:-1, max-image-preview:large, max-video-preview:-1\" \/>\n<link rel=\"canonical\" href=\"https:\/\/nabocadopovorn.com.br\/index.php\/2026\/09\/04\/bancos-fecham-no-feriado-da-independencia-atendimento-retorna-na-terca-feira\/\" \/>\n<meta property=\"og:locale\" content=\"pt_BR\" \/>\n<meta property=\"og:type\" content=\"article\" \/>\n<meta property=\"og:title\" content=\"Bancos fecham no feriado da Independ\u00eancia; atendimento retorna na ter\u00e7a-feira - Na Boca do Povo RN\" \/>\n<meta property=\"og:description\" content=\"BRASILIA-DF &#8230; &#8211; As ag\u00eancias banc\u00e1rias estar\u00e3o fechadas na pr\u00f3xima segunda-feira (7), feriado da Independ\u00eancia do Brasil. Segundo\" \/>\n<meta property=\"og:url\" content=\"https:\/\/nabocadopovorn.com.br\/index.php\/2026\/09\/04\/bancos-fecham-no-feriado-da-independencia-atendimento-retorna-na-terca-feira\/\" \/>\n<meta property=\"og:site_name\" content=\"Na Boca do Povo RN\" \/>\n<meta property=\"article:published_time\" content=\"2026-09-05T00:21:11+00:00\" \/>\n<meta property=\"article:modified_time\" content=\"2026-09-05T00:21:14+00:00\" \/>\n<meta property=\"og:image\" content=\"https:\/\/nabocadopovorn.com.br\/wp-content\/uploads\/2026\/09\/feriado-2.jpeg\" \/>\n\t<meta property=\"og:image:width\" content=\"238\" \/>\n\t<meta property=\"og:image:height\" content=\"180\" \/>\n\t<meta property=\"og:image:type\" content=\"image\/jpeg\" \/>\n<meta name=\"author\" content=\"Na Boca do Povo RN\" \/>\n<meta name=\"twitter:card\" content=\"summary_large_image\" \/>\n<meta name=\"twitter:label1\" content=\"Escrito por\" \/>\n\t<meta name=\"twitter:data1\" content=\"Na Boca do Povo RN\" \/>\n\t<meta name=\"twitter:label2\" content=\"Est. tempo de leitura\" \/>\n\t<meta name=\"twitter:data2\" content=\"1 minuto\" \/>\n<script type=\"application\/ld+json\" class=\"yoast-schema-graph\">{\"@context\":\"https:\\\/\\\/schema.org\",\"@graph\":[{\"@type\":\"Article\",\"@id\":\"https:\\\/\\\/nabocadopovorn.com.br\\\/index.php\\\/2026\\\/09\\\/04\\\/bancos-fecham-no-feriado-da-independencia-atendimento-retorna-na-terca-feira\\\/#article\",\"isPartOf\":{\"@id\":\"https:\\\/\\\/nabocadopovorn.com.br\\\/index.php\\\/2026\\\/09\\\/04\\\/bancos-fecham-no-feriado-da-independencia-atendimento-retorna-na-terca-feira\\\/\"},\"author\":{\"name\":\"Na Boca do Povo RN\",\"@id\":\"https:\\\/\\\/nabocadopovorn.com.br\\\/#\\\/schema\\\/person\\\/4784d91e6eb0ee789392e2506451ee44\"},\"headline\":\"Bancos fecham no feriado da Independ\u00eancia; atendimento retorna na ter\u00e7a-feira\",\"datePublished\":\"2026-09-05T00:21:11+00:00\",\"dateModified\":\"2026-09-05T00:21:14+00:00\",\"mainEntityOfPage\":{\"@id\":\"https:\\\/\\\/nabocadopovorn.com.br\\\/index.php\\\/2026\\\/09\\\/04\\\/bancos-fecham-no-feriado-da-independencia-atendimento-retorna-na-terca-feira\\\/\"},\"wordCount\":148,\"publisher\":{\"@id\":\"https:\\\/\\\/nabocadopovorn.com.br\\\/#organization\"},\"image\":{\"@id\":\"https:\\\/\\\/nabocadopovorn.com.br\\\/index.php\\\/2026\\\/09\\\/04\\\/bancos-fecham-no-feriado-da-independencia-atendimento-retorna-na-terca-feira\\\/#primaryimage\"},\"thumbnailUrl\":\"https:\\\/\\\/nabocadopovorn.com.br\\\/wp-content\\\/uploads\\\/2026\\\/09\\\/feriado-2.jpeg\",\"articleSection\":[\"Turismo\"],\"inLanguage\":\"pt-BR\"},{\"@type\":\"WebPage\",\"@id\":\"https:\\\/\\\/nabocadopovorn.com.br\\\/index.php\\\/2026\\\/09\\\/04\\\/bancos-fecham-no-feriado-da-independencia-atendimento-retorna-na-terca-feira\\\/\",\"url\":\"https:\\\/\\\/nabocadopovorn.com.br\\\/index.php\\\/2026\\\/09\\\/04\\\/bancos-fecham-no-feriado-da-independencia-atendimento-retorna-na-terca-feira\\\/\",\"name\":\"Bancos fecham no feriado da Independ\u00eancia; atendimento retorna na ter\u00e7a-feira - Na Boca do Povo RN\",\"isPartOf\":{\"@id\":\"https:\\\/\\\/nabocadopovorn.com.br\\\/#website\"},\"primaryImageOfPage\":{\"@id\":\"https:\\\/\\\/nabocadopovorn.com.br\\\/index.php\\\/2026\\\/09\\\/04\\\/bancos-fecham-no-feriado-da-independencia-atendimento-retorna-na-terca-feira\\\/#primaryimage\"},\"image\":{\"@id\":\"https:\\\/\\\/nabocadopovorn.com.br\\\/index.php\\\/2026\\\/09\\\/04\\\/bancos-fecham-no-feriado-da-independencia-atendimento-retorna-na-terca-feira\\\/#primaryimage\"},\"thumbnailUrl\":\"https:\\\/\\\/nabocadopovorn.com.br\\\/wp-content\\\/uploads\\\/2026\\\/09\\\/feriado-2.jpeg\",\"datePublished\":\"2026-09-05T00:21:11+00:00\",\"dateModified\":\"2026-09-05T00:21:14+00:00\",\"breadcrumb\":{\"@id\":\"https:\\\/\\\/nabocadopovorn.com.br\\\/index.php\\\/2026\\\/09\\\/04\\\/bancos-fecham-no-feriado-da-independencia-atendimento-retorna-na-terca-feira\\\/#breadcrumb\"},\"inLanguage\":\"pt-BR\",\"potentialAction\":[{\"@type\":\"ReadAction\",\"target\":[\"https:\\\/\\\/nabocadopovorn.com.br\\\/index.php\\\/2026\\\/09\\\/04\\\/bancos-fecham-no-feriado-da-independencia-atendimento-retorna-na-terca-feira\\\/\"]}]},{\"@type\":\"ImageObject\",\"inLanguage\":\"pt-BR\",\"@id\":\"https:\\\/\\\/nabocadopovorn.com.br\\\/index.php\\\/2026\\\/09\\\/04\\\/bancos-fecham-no-feriado-da-independencia-atendimento-retorna-na-terca-feira\\\/#primaryimage\",\"url\":\"https:\\\/\\\/nabocadopovorn.com.br\\\/wp-content\\\/uploads\\\/2026\\\/09\\\/feriado-2.jpeg\",\"contentUrl\":\"https:\\\/\\\/nabocadopovorn.com.br\\\/wp-content\\\/uploads\\\/2026\\\/09\\\/feriado-2.jpeg\",\"width\":238,\"height\":180},{\"@type\":\"BreadcrumbList\",\"@id\":\"https:\\\/\\\/nabocadopovorn.com.br\\\/index.php\\\/2026\\\/09\\\/04\\\/bancos-fecham-no-feriado-da-independencia-atendimento-retorna-na-terca-feira\\\/#breadcrumb\",\"itemListElement\":[{\"@type\":\"ListItem\",\"position\":1,\"name\":\"Home\",\"item\":\"https:\\\/\\\/nabocadopovorn.com.br\\\/\"},{\"@type\":\"ListItem\",\"position\":2,\"name\":\"Bancos fecham no feriado da Independ\u00eancia; atendimento retorna na ter\u00e7a-feira\"}]},{\"@type\":\"WebSite\",\"@id\":\"https:\\\/\\\/nabocadopovorn.com.br\\\/#website\",\"url\":\"https:\\\/\\\/nabocadopovorn.com.br\\\/\",\"name\":\"Na Boca do Povo RN\",\"description\":\"Informa\u00e7\u00e3o Total\",\"publisher\":{\"@id\":\"https:\\\/\\\/nabocadopovorn.com.br\\\/#organization\"},\"potentialAction\":[{\"@type\":\"SearchAction\",\"target\":{\"@type\":\"EntryPoint\",\"urlTemplate\":\"https:\\\/\\\/nabocadopovorn.com.br\\\/?s={search_term_string}\"},\"query-input\":{\"@type\":\"PropertyValueSpecification\",\"valueRequired\":true,\"valueName\":\"search_term_string\"}}],\"inLanguage\":\"pt-BR\"},{\"@type\":\"Organization\",\"@id\":\"https:\\\/\\\/nabocadopovorn.com.br\\\/#organization\",\"name\":\"Na Boca do Povo RN\",\"url\":\"https:\\\/\\\/nabocadopovorn.com.br\\\/\",\"logo\":{\"@type\":\"ImageObject\",\"inLanguage\":\"pt-BR\",\"@id\":\"https:\\\/\\\/nabocadopovorn.com.br\\\/#\\\/schema\\\/logo\\\/image\\\/\",\"url\":\"https:\\\/\\\/nabocadopovorn.com.br\\\/wp-content\\\/uploads\\\/2026\\\/05\\\/cropped-logo-nova-reduzida.png\",\"contentUrl\":\"https:\\\/\\\/nabocadopovorn.com.br\\\/wp-content\\\/uploads\\\/2026\\\/05\\\/cropped-logo-nova-reduzida.png\",\"width\":1024,\"height\":155,\"caption\":\"Na Boca do Povo RN\"},\"image\":{\"@id\":\"https:\\\/\\\/nabocadopovorn.com.br\\\/#\\\/schema\\\/logo\\\/image\\\/\"}},{\"@type\":\"Person\",\"@id\":\"https:\\\/\\\/nabocadopovorn.com.br\\\/#\\\/schema\\\/person\\\/4784d91e6eb0ee789392e2506451ee44\",\"name\":\"Na Boca do Povo RN\",\"image\":{\"@type\":\"ImageObject\",\"inLanguage\":\"pt-BR\",\"@id\":\"https:\\\/\\\/secure.gravatar.com\\\/avatar\\\/568abe1cbc790e8c79eadb7595ddaf9dccc533c248b489d4b018b6c00965b6ea?s=96&d=mm&r=g\",\"url\":\"https:\\\/\\\/secure.gravatar.com\\\/avatar\\\/568abe1cbc790e8c79eadb7595ddaf9dccc533c248b489d4b018b6c00965b6ea?s=96&d=mm&r=g\",\"contentUrl\":\"https:\\\/\\\/secure.gravatar.com\\\/avatar\\\/568abe1cbc790e8c79eadb7595ddaf9dccc533c248b489d4b018b6c00965b6ea?s=96&d=mm&r=g\",\"caption\":\"Na Boca do Povo RN\"},\"sameAs\":[\"http:\\\/\\\/nabocadopovorn.com.br\"],\"url\":\"https:\\\/\\\/nabocadopovorn.com.br\\\/index.php\\\/author\\\/nabocadopovorn23gmail-com\\\/\"}]}<\/script>\n<!-- \/ Yoast SEO plugin. -->","yoast_head_json":{"title":"Bancos fecham no feriado da Independ\u00eancia; atendimento retorna na ter\u00e7a-feira - Na Boca do Povo RN","robots":{"index":"index","follow":"follow","max-snippet":"max-snippet:-1","max-image-preview":"max-image-preview:large","max-video-preview":"max-video-preview:-1"},"canonical":"https:\/\/nabocadopovorn.com.br\/index.php\/2026\/09\/04\/bancos-fecham-no-feriado-da-independencia-atendimento-retorna-na-terca-feira\/","og_locale":"pt_BR","og_type":"article","og_title":"Bancos fecham no feriado da Independ\u00eancia; atendimento retorna na ter\u00e7a-feira - Na Boca do Povo RN","og_description":"BRASILIA-DF &#8230; &#8211; As ag\u00eancias banc\u00e1rias estar\u00e3o fechadas na pr\u00f3xima segunda-feira (7), feriado da Independ\u00eancia do Brasil. Segundo","og_url":"https:\/\/nabocadopovorn.com.br\/index.php\/2026\/09\/04\/bancos-fecham-no-feriado-da-independencia-atendimento-retorna-na-terca-feira\/","og_site_name":"Na Boca do Povo RN","article_published_time":"2026-09-05T00:21:11+00:00","article_modified_time":"2026-09-05T00:21:14+00:00","og_image":[{"width":238,"height":180,"url":"https:\/\/nabocadopovorn.com.br\/wp-content\/uploads\/2026\/09\/feriado-2.jpeg","type":"image\/jpeg"}],"author":"Na Boca do Povo RN","twitter_card":"summary_large_image","twitter_misc":{"Escrito por":"Na Boca do Povo RN","Est. tempo de leitura":"1 minuto"},"schema":{"@context":"https:\/\/schema.org","@graph":[{"@type":"Article","@id":"https:\/\/nabocadopovorn.com.br\/index.php\/2026\/09\/04\/bancos-fecham-no-feriado-da-independencia-atendimento-retorna-na-terca-feira\/#article","isPartOf":{"@id":"https:\/\/nabocadopovorn.com.br\/index.php\/2026\/09\/04\/bancos-fecham-no-feriado-da-independencia-atendimento-retorna-na-terca-feira\/"},"author":{"name":"Na Boca do Povo RN","@id":"https:\/\/nabocadopovorn.com.br\/#\/schema\/person\/4784d91e6eb0ee789392e2506451ee44"},"headline":"Bancos fecham no feriado da Independ\u00eancia; atendimento retorna na ter\u00e7a-feira","datePublished":"2026-09-05T00:21:11+00:00","dateModified":"2026-09-05T00:21:14+00:00","mainEntityOfPage":{"@id":"https:\/\/nabocadopovorn.com.br\/index.php\/2026\/09\/04\/bancos-fecham-no-feriado-da-independencia-atendimento-retorna-na-terca-feira\/"},"wordCount":148,"publisher":{"@id":"https:\/\/nabocadopovorn.com.br\/#organization"},"image":{"@id":"https:\/\/nabocadopovorn.com.br\/index.php\/2026\/09\/04\/bancos-fecham-no-feriado-da-independencia-atendimento-retorna-na-terca-feira\/#primaryimage"},"thumbnailUrl":"https:\/\/nabocadopovorn.com.br\/wp-content\/uploads\/2026\/09\/feriado-2.jpeg","articleSection":["Turismo"],"inLanguage":"pt-BR"},{"@type":"WebPage","@id":"https:\/\/nabocadopovorn.com.br\/index.php\/2026\/09\/04\/bancos-fecham-no-feriado-da-independencia-atendimento-retorna-na-terca-feira\/","url":"https:\/\/nabocadopovorn.com.br\/index.php\/2026\/09\/04\/bancos-fecham-no-feriado-da-independencia-atendimento-retorna-na-terca-feira\/","name":"Bancos fecham no feriado da Independ\u00eancia; atendimento retorna na ter\u00e7a-feira - Na Boca do Povo RN","isPartOf":{"@id":"https:\/\/nabocadopovorn.com.br\/#website"},"primaryImageOfPage":{"@id":"https:\/\/nabocadopovorn.com.br\/index.php\/2026\/09\/04\/bancos-fecham-no-feriado-da-independencia-atendimento-retorna-na-terca-feira\/#primaryimage"},"image":{"@id":"https:\/\/nabocadopovorn.com.br\/index.php\/2026\/09\/04\/bancos-fecham-no-feriado-da-independencia-atendimento-retorna-na-terca-feira\/#primaryimage"},"thumbnailUrl":"https:\/\/nabocadopovorn.com.br\/wp-content\/uploads\/2026\/09\/feriado-2.jpeg","datePublished":"2026-09-05T00:21:11+00:00","dateModified":"2026-09-05T00:21:14+00:00","breadcrumb":{"@id":"https:\/\/nabocadopovorn.com.br\/index.php\/2026\/09\/04\/bancos-fecham-no-feriado-da-independencia-atendimento-retorna-na-terca-feira\/#breadcrumb"},"inLanguage":"pt-BR","potentialAction":[{"@type":"ReadAction","target":["https:\/\/nabocadopovorn.com.br\/index.php\/2026\/09\/04\/bancos-fecham-no-feriado-da-independencia-atendimento-retorna-na-terca-feira\/"]}]},{"@type":"ImageObject","inLanguage":"pt-BR","@id":"https:\/\/nabocadopovorn.com.br\/index.php\/2026\/09\/04\/bancos-fecham-no-feriado-da-independencia-atendimento-retorna-na-terca-feira\/#primaryimage","url":"https:\/\/nabocadopovorn.com.br\/wp-content\/uploads\/2026\/09\/feriado-2.jpeg","contentUrl":"https:\/\/nabocadopovorn.com.br\/wp-content\/uploads\/2026\/09\/feriado-2.jpeg","width":238,"height":180},{"@type":"BreadcrumbList","@id":"https:\/\/nabocadopovorn.com.br\/index.php\/2026\/09\/04\/bancos-fecham-no-feriado-da-independencia-atendimento-retorna-na-terca-feira\/#breadcrumb","itemListElement":[{"@type":"ListItem","position":1,"name":"Home","item":"https:\/\/nabocadopovorn.com.br\/"},{"@type":"ListItem","position":2,"name":"Bancos fecham no feriado da Independ\u00eancia; atendimento retorna na ter\u00e7a-feira"}]},{"@type":"WebSite","@id":"https:\/\/nabocadopovorn.com.br\/#website","url":"https:\/\/nabocadopovorn.com.br\/","name":"Na Boca do Povo RN","description":"Informa\u00e7\u00e3o Total","publisher":{"@id":"https:\/\/nabocadopovorn.com.br\/#organization"},"potentialAction":[{"@type":"SearchAction","target":{"@type":"EntryPoint","urlTemplate":"https:\/\/nabocadopovorn.com.br\/?s={search_term_string}"},"query-input":{"@type":"PropertyValueSpecification","valueRequired":true,"valueName":"search_term_string"}}],"inLanguage":"pt-BR"},{"@type":"Organization","@id":"https:\/\/nabocadopovorn.com.br\/#organization","name":"Na Boca do Povo RN","url":"https:\/\/nabocadopovorn.com.br\/","logo":{"@type":"ImageObject","inLanguage":"pt-BR","@id":"https:\/\/nabocadopovorn.com.br\/#\/schema\/logo\/image\/","url":"https:\/\/nabocadopovorn.com.br\/wp-content\/uploads\/2026\/05\/cropped-logo-nova-reduzida.png","contentUrl":"https:\/\/nabocadopovorn.com.br\/wp-content\/uploads\/2026\/05\/cropped-logo-nova-reduzida.png","width":1024,"height":155,"caption":"Na Boca do Povo RN"},"image":{"@id":"https:\/\/nabocadopovorn.com.br\/#\/schema\/logo\/image\/"}},{"@type":"Person","@id":"https:\/\/nabocadopovorn.com.br\/#\/schema\/person\/4784d91e6eb0ee789392e2506451ee44","name":"Na Boca do Povo RN","image":{"@type":"ImageObject","inLanguage":"pt-BR","@id":"https:\/\/secure.gravatar.com\/avatar\/568abe1cbc790e8c79eadb7595ddaf9dccc533c248b489d4b018b6c00965b6ea?s=96&d=mm&r=g","url":"https:\/\/secure.gravatar.com\/avatar\/568abe1cbc790e8c79eadb7595ddaf9dccc533c248b489d4b018b6c00965b6ea?s=96&d=mm&r=g","contentUrl":"https:\/\/secure.gravatar.com\/avatar\/568abe1cbc790e8c79eadb7595ddaf9dccc533c248b489d4b018b6c00965b6ea?s=96&d=mm&r=g","caption":"Na Boca do Povo RN"},"sameAs":["http:\/\/nabocadopovorn.com.br"],"url":"https:\/\/nabocadopovorn.com.br\/index.php\/author\/nabocadopovorn23gmail-com\/"}]}},"_links":{"self":[{"href":"https:\/\/nabocadopovorn.com.br\/index.php\/wp-json\/wp\/v2\/posts\/9775","targetHints":{"allow":["GET"]}}],"collection":[{"href":"https:\/\/nabocadopovorn.com.br\/index.php\/wp-json\/wp\/v2\/posts"}],"about":[{"href":"https:\/\/nabocadopovorn.com.br\/index.php\/wp-json\/wp\/v2\/types\/post"}],"author":[{"embeddable":true,"href":"https:\/\/nabocadopovorn.com.br\/index.php\/wp-json\/wp\/v2\/users\/1"}],"replies":[{"embeddable":true,"href":"https:\/\/nabocadopovorn.com.br\/index.php\/wp-json\/wp\/v2\/comments?post=9775"}],"version-history":[{"count":1,"href":"https:\/\/nabocadopovorn.com.br\/index.php\/wp-json\/wp\/v2\/posts\/9775\/revisions"}],"predecessor-version":[{"id":9777,"href":"https:\/\/nabocadopovorn.com.br\/index.php\/wp-json\/wp\/v2\/posts\/9775\/revisions\/9777"}],"wp:featuredmedia":[{"embeddable":true,"href":"https:\/\/nabocadopovorn.com.br\/index.php\/wp-json\/wp\/v2\/media\/9776"}],"wp:attachment":[{"href":"https:\/\/nabocadopovorn.com.br\/index.php\/wp-json\/wp\/v2\/media?parent=9775"}],"wp:term":[{"taxonomy":"category","embeddable":true,"href":"https:\/\/nabocadopovorn.com.br\/index.php\/wp-json\/wp\/v2\/categories?post=9775"},{"taxonomy":"post_tag","embeddable":true,"href":"https:\/\/nabocadopovorn.com.br\/index.php\/wp-json\/wp\/v2\/tags?post=9775"}],"curies":[{"name":"wp","href":"https:\/\/api.w.org\/{rel}","templated":true}]}}