{"id":9768,"date":"2026-09-04T18:19:14","date_gmt":"2026-09-04T21:19:14","guid":{"rendered":"https:\/\/nabocadopovorn.com.br\/?p=9768"},"modified":"2026-09-04T18:19:17","modified_gmt":"2026-09-04T21:19:17","slug":"brasil-ve-sinal-positivo-dos-eua-para-retomar-negociacoes-sobre-tarifas","status":"publish","type":"post","link":"https:\/\/nabocadopovorn.com.br\/index.php\/2026\/09\/04\/brasil-ve-sinal-positivo-dos-eua-para-retomar-negociacoes-sobre-tarifas\/","title":{"rendered":"Brasil v\u00ea sinal positivo dos EUA para retomar negocia\u00e7\u00f5es sobre tarifas"},"content":{"rendered":"\n<p class=\"wp-block-paragraph\">&nbsp;O governo Luiz In\u00e1cio Lula da Silva avalia que os Estados Unidos demonstraram \u201cdisposi\u00e7\u00e3o clara\u201d para retomar as negocia\u00e7\u00f5es sobre as tarifas aplicadas a produtos brasileiros. A avalia\u00e7\u00e3o ocorreu ap\u00f3s uma reuni\u00e3o virtual entre representantes dos dois pa\u00edses, realizada na segunda-feira (31).<a><\/a><\/p>\n\n\n\n<p class=\"wp-block-paragraph\">O encontro aconteceu depois de uma conversa telef\u00f4nica entre Lula e Donald Trump, em 21 de agosto, quando o presidente norte-americano concordou em reabrir o di\u00e1logo comercial. A reuni\u00e3o desta semana durou cerca de 40 minutos e contou, pelo lado dos EUA, com o representante do Escrit\u00f3rio do Com\u00e9rcio americano (USTR), Jamieson Greer. O Brasil foi representado pelos ministros M\u00e1rcio Elias Rosa, do Desenvolvimento, Ind\u00fastria, Com\u00e9rcio e Servi\u00e7os, e Mauro Vieira, das Rela\u00e7\u00f5es Exteriores.<\/p>\n\n\n\n<p class=\"wp-block-paragraph\">Segundo interlocutores que acompanharam as tratativas, Greer demonstrou interesse em reestabelecer as discuss\u00f5es sobre as tarifas. Os dois governos acertaram a retomada das reuni\u00f5es t\u00e9cnicas entre seus auxiliares, com encontros ministeriais intercalados, seguindo o formato adotado antes da imposi\u00e7\u00e3o das novas tarifas.<\/p>\n\n\n\n<p class=\"wp-block-paragraph\">A avalia\u00e7\u00e3o brasileira \u00e9 de que, neste primeiro contato, os Estados Unidos n\u00e3o apresentaram exig\u00eancias espec\u00edficas relacionadas \u00e0 abertura de setores do mercado nacional. As conversas ficaram concentradas nas tarifas, sem avan\u00e7o sobre temas n\u00e3o tarif\u00e1rios, como minerais cr\u00edticos e empresas de tecnologia.<\/p>\n\n\n\n<p class=\"wp-block-paragraph\">O governo Lula agora espera que as pr\u00f3ximas reuni\u00f5es permitam entender com maior clareza as exig\u00eancias de Washington e produzam avan\u00e7os na negocia\u00e7\u00e3o. Entre as possibilidades avaliadas pelos auxiliares do presidente est\u00e1 a solicita\u00e7\u00e3o de informa\u00e7\u00f5es adicionais sobre a investiga\u00e7\u00e3o baseada na Se\u00e7\u00e3o 301 da Lei de Com\u00e9rcio dos EUA, al\u00e9m de eventuais pedidos para reduzir tarifas sobre setores que ainda n\u00e3o entraram nas discuss\u00f5es.<\/p>\n\n\n\n<p class=\"wp-block-paragraph\">Fonte Blog da 96<\/p>\n","protected":false},"excerpt":{"rendered":"<p>&nbsp;O governo Luiz In\u00e1cio Lula da Silva avalia que os Estados Unidos demonstraram \u201cdisposi\u00e7\u00e3o clara\u201d para retomar as<\/p>\n","protected":false},"author":1,"featured_media":9769,"comment_status":"closed","ping_status":"open","sticky":false,"template":"","format":"standard","meta":{"footnotes":""},"categories":[16],"tags":[],"class_list":["post-9768","post","type-post","status-publish","format-standard","has-post-thumbnail","hentry","category-mundo"],"yoast_head":"<!-- This site is optimized with the Yoast SEO plugin v28.4 - https:\/\/yoast.com\/product\/yoast-seo-wordpress\/ -->\n<title>Brasil v\u00ea sinal positivo dos EUA para retomar negocia\u00e7\u00f5es sobre tarifas - Na Boca do Povo RN<\/title>\n<meta name=\"robots\" content=\"index, follow, max-snippet:-1, max-image-preview:large, max-video-preview:-1\" \/>\n<link rel=\"canonical\" href=\"https:\/\/nabocadopovorn.com.br\/index.php\/2026\/09\/04\/brasil-ve-sinal-positivo-dos-eua-para-retomar-negociacoes-sobre-tarifas\/\" \/>\n<meta property=\"og:locale\" content=\"pt_BR\" \/>\n<meta property=\"og:type\" content=\"article\" \/>\n<meta property=\"og:title\" content=\"Brasil v\u00ea sinal positivo dos EUA para retomar negocia\u00e7\u00f5es sobre tarifas - Na Boca do Povo RN\" \/>\n<meta property=\"og:description\" content=\"&nbsp;O governo Luiz In\u00e1cio Lula da Silva avalia que os Estados Unidos demonstraram \u201cdisposi\u00e7\u00e3o clara\u201d para retomar as\" \/>\n<meta property=\"og:url\" content=\"https:\/\/nabocadopovorn.com.br\/index.php\/2026\/09\/04\/brasil-ve-sinal-positivo-dos-eua-para-retomar-negociacoes-sobre-tarifas\/\" \/>\n<meta property=\"og:site_name\" content=\"Na Boca do Povo RN\" \/>\n<meta property=\"article:published_time\" content=\"2026-09-04T21:19:14+00:00\" \/>\n<meta property=\"article:modified_time\" content=\"2026-09-04T21:19:17+00:00\" \/>\n<meta property=\"og:image\" content=\"https:\/\/nabocadopovorn.com.br\/wp-content\/uploads\/2026\/09\/01KPBHVQ9CH9Y5X9WHVTN187G2.png\" \/>\n\t<meta property=\"og:image:width\" content=\"864\" \/>\n\t<meta property=\"og:image:height\" content=\"512\" \/>\n\t<meta property=\"og:image:type\" content=\"image\/png\" \/>\n<meta name=\"author\" content=\"Na Boca do Povo RN\" \/>\n<meta name=\"twitter:card\" content=\"summary_large_image\" \/>\n<meta name=\"twitter:label1\" content=\"Escrito por\" \/>\n\t<meta name=\"twitter:data1\" content=\"Na Boca do Povo RN\" \/>\n\t<meta name=\"twitter:label2\" content=\"Est. tempo de leitura\" \/>\n\t<meta name=\"twitter:data2\" content=\"2 minutos\" \/>\n<script type=\"application\/ld+json\" class=\"yoast-schema-graph\">{\"@context\":\"https:\\\/\\\/schema.org\",\"@graph\":[{\"@type\":\"Article\",\"@id\":\"https:\\\/\\\/nabocadopovorn.com.br\\\/index.php\\\/2026\\\/09\\\/04\\\/brasil-ve-sinal-positivo-dos-eua-para-retomar-negociacoes-sobre-tarifas\\\/#article\",\"isPartOf\":{\"@id\":\"https:\\\/\\\/nabocadopovorn.com.br\\\/index.php\\\/2026\\\/09\\\/04\\\/brasil-ve-sinal-positivo-dos-eua-para-retomar-negociacoes-sobre-tarifas\\\/\"},\"author\":{\"name\":\"Na Boca do Povo RN\",\"@id\":\"https:\\\/\\\/nabocadopovorn.com.br\\\/#\\\/schema\\\/person\\\/4784d91e6eb0ee789392e2506451ee44\"},\"headline\":\"Brasil v\u00ea sinal positivo dos EUA para retomar negocia\u00e7\u00f5es sobre tarifas\",\"datePublished\":\"2026-09-04T21:19:14+00:00\",\"dateModified\":\"2026-09-04T21:19:17+00:00\",\"mainEntityOfPage\":{\"@id\":\"https:\\\/\\\/nabocadopovorn.com.br\\\/index.php\\\/2026\\\/09\\\/04\\\/brasil-ve-sinal-positivo-dos-eua-para-retomar-negociacoes-sobre-tarifas\\\/\"},\"wordCount\":318,\"publisher\":{\"@id\":\"https:\\\/\\\/nabocadopovorn.com.br\\\/#organization\"},\"image\":{\"@id\":\"https:\\\/\\\/nabocadopovorn.com.br\\\/index.php\\\/2026\\\/09\\\/04\\\/brasil-ve-sinal-positivo-dos-eua-para-retomar-negociacoes-sobre-tarifas\\\/#primaryimage\"},\"thumbnailUrl\":\"https:\\\/\\\/nabocadopovorn.com.br\\\/wp-content\\\/uploads\\\/2026\\\/09\\\/01KPBHVQ9CH9Y5X9WHVTN187G2.png\",\"articleSection\":[\"Mundo\"],\"inLanguage\":\"pt-BR\"},{\"@type\":\"WebPage\",\"@id\":\"https:\\\/\\\/nabocadopovorn.com.br\\\/index.php\\\/2026\\\/09\\\/04\\\/brasil-ve-sinal-positivo-dos-eua-para-retomar-negociacoes-sobre-tarifas\\\/\",\"url\":\"https:\\\/\\\/nabocadopovorn.com.br\\\/index.php\\\/2026\\\/09\\\/04\\\/brasil-ve-sinal-positivo-dos-eua-para-retomar-negociacoes-sobre-tarifas\\\/\",\"name\":\"Brasil v\u00ea sinal positivo dos EUA para retomar negocia\u00e7\u00f5es sobre tarifas - Na Boca do Povo RN\",\"isPartOf\":{\"@id\":\"https:\\\/\\\/nabocadopovorn.com.br\\\/#website\"},\"primaryImageOfPage\":{\"@id\":\"https:\\\/\\\/nabocadopovorn.com.br\\\/index.php\\\/2026\\\/09\\\/04\\\/brasil-ve-sinal-positivo-dos-eua-para-retomar-negociacoes-sobre-tarifas\\\/#primaryimage\"},\"image\":{\"@id\":\"https:\\\/\\\/nabocadopovorn.com.br\\\/index.php\\\/2026\\\/09\\\/04\\\/brasil-ve-sinal-positivo-dos-eua-para-retomar-negociacoes-sobre-tarifas\\\/#primaryimage\"},\"thumbnailUrl\":\"https:\\\/\\\/nabocadopovorn.com.br\\\/wp-content\\\/uploads\\\/2026\\\/09\\\/01KPBHVQ9CH9Y5X9WHVTN187G2.png\",\"datePublished\":\"2026-09-04T21:19:14+00:00\",\"dateModified\":\"2026-09-04T21:19:17+00:00\",\"breadcrumb\":{\"@id\":\"https:\\\/\\\/nabocadopovorn.com.br\\\/index.php\\\/2026\\\/09\\\/04\\\/brasil-ve-sinal-positivo-dos-eua-para-retomar-negociacoes-sobre-tarifas\\\/#breadcrumb\"},\"inLanguage\":\"pt-BR\",\"potentialAction\":[{\"@type\":\"ReadAction\",\"target\":[\"https:\\\/\\\/nabocadopovorn.com.br\\\/index.php\\\/2026\\\/09\\\/04\\\/brasil-ve-sinal-positivo-dos-eua-para-retomar-negociacoes-sobre-tarifas\\\/\"]}]},{\"@type\":\"ImageObject\",\"inLanguage\":\"pt-BR\",\"@id\":\"https:\\\/\\\/nabocadopovorn.com.br\\\/index.php\\\/2026\\\/09\\\/04\\\/brasil-ve-sinal-positivo-dos-eua-para-retomar-negociacoes-sobre-tarifas\\\/#primaryimage\",\"url\":\"https:\\\/\\\/nabocadopovorn.com.br\\\/wp-content\\\/uploads\\\/2026\\\/09\\\/01KPBHVQ9CH9Y5X9WHVTN187G2.png\",\"contentUrl\":\"https:\\\/\\\/nabocadopovorn.com.br\\\/wp-content\\\/uploads\\\/2026\\\/09\\\/01KPBHVQ9CH9Y5X9WHVTN187G2.png\",\"width\":864,\"height\":512},{\"@type\":\"BreadcrumbList\",\"@id\":\"https:\\\/\\\/nabocadopovorn.com.br\\\/index.php\\\/2026\\\/09\\\/04\\\/brasil-ve-sinal-positivo-dos-eua-para-retomar-negociacoes-sobre-tarifas\\\/#breadcrumb\",\"itemListElement\":[{\"@type\":\"ListItem\",\"position\":1,\"name\":\"Home\",\"item\":\"https:\\\/\\\/nabocadopovorn.com.br\\\/\"},{\"@type\":\"ListItem\",\"position\":2,\"name\":\"Brasil v\u00ea sinal positivo dos EUA para retomar negocia\u00e7\u00f5es sobre tarifas\"}]},{\"@type\":\"WebSite\",\"@id\":\"https:\\\/\\\/nabocadopovorn.com.br\\\/#website\",\"url\":\"https:\\\/\\\/nabocadopovorn.com.br\\\/\",\"name\":\"Na Boca do Povo RN\",\"description\":\"Informa\u00e7\u00e3o Total\",\"publisher\":{\"@id\":\"https:\\\/\\\/nabocadopovorn.com.br\\\/#organization\"},\"potentialAction\":[{\"@type\":\"SearchAction\",\"target\":{\"@type\":\"EntryPoint\",\"urlTemplate\":\"https:\\\/\\\/nabocadopovorn.com.br\\\/?s={search_term_string}\"},\"query-input\":{\"@type\":\"PropertyValueSpecification\",\"valueRequired\":true,\"valueName\":\"search_term_string\"}}],\"inLanguage\":\"pt-BR\"},{\"@type\":\"Organization\",\"@id\":\"https:\\\/\\\/nabocadopovorn.com.br\\\/#organization\",\"name\":\"Na Boca do Povo RN\",\"url\":\"https:\\\/\\\/nabocadopovorn.com.br\\\/\",\"logo\":{\"@type\":\"ImageObject\",\"inLanguage\":\"pt-BR\",\"@id\":\"https:\\\/\\\/nabocadopovorn.com.br\\\/#\\\/schema\\\/logo\\\/image\\\/\",\"url\":\"https:\\\/\\\/nabocadopovorn.com.br\\\/wp-content\\\/uploads\\\/2026\\\/05\\\/cropped-logo-nova-reduzida.png\",\"contentUrl\":\"https:\\\/\\\/nabocadopovorn.com.br\\\/wp-content\\\/uploads\\\/2026\\\/05\\\/cropped-logo-nova-reduzida.png\",\"width\":1024,\"height\":155,\"caption\":\"Na Boca do Povo RN\"},\"image\":{\"@id\":\"https:\\\/\\\/nabocadopovorn.com.br\\\/#\\\/schema\\\/logo\\\/image\\\/\"}},{\"@type\":\"Person\",\"@id\":\"https:\\\/\\\/nabocadopovorn.com.br\\\/#\\\/schema\\\/person\\\/4784d91e6eb0ee789392e2506451ee44\",\"name\":\"Na Boca do Povo RN\",\"image\":{\"@type\":\"ImageObject\",\"inLanguage\":\"pt-BR\",\"@id\":\"https:\\\/\\\/secure.gravatar.com\\\/avatar\\\/568abe1cbc790e8c79eadb7595ddaf9dccc533c248b489d4b018b6c00965b6ea?s=96&d=mm&r=g\",\"url\":\"https:\\\/\\\/secure.gravatar.com\\\/avatar\\\/568abe1cbc790e8c79eadb7595ddaf9dccc533c248b489d4b018b6c00965b6ea?s=96&d=mm&r=g\",\"contentUrl\":\"https:\\\/\\\/secure.gravatar.com\\\/avatar\\\/568abe1cbc790e8c79eadb7595ddaf9dccc533c248b489d4b018b6c00965b6ea?s=96&d=mm&r=g\",\"caption\":\"Na Boca do Povo RN\"},\"sameAs\":[\"http:\\\/\\\/nabocadopovorn.com.br\"],\"url\":\"https:\\\/\\\/nabocadopovorn.com.br\\\/index.php\\\/author\\\/nabocadopovorn23gmail-com\\\/\"}]}<\/script>\n<!-- \/ Yoast SEO plugin. -->","yoast_head_json":{"title":"Brasil v\u00ea sinal positivo dos EUA para retomar negocia\u00e7\u00f5es sobre tarifas - Na Boca do Povo RN","robots":{"index":"index","follow":"follow","max-snippet":"max-snippet:-1","max-image-preview":"max-image-preview:large","max-video-preview":"max-video-preview:-1"},"canonical":"https:\/\/nabocadopovorn.com.br\/index.php\/2026\/09\/04\/brasil-ve-sinal-positivo-dos-eua-para-retomar-negociacoes-sobre-tarifas\/","og_locale":"pt_BR","og_type":"article","og_title":"Brasil v\u00ea sinal positivo dos EUA para retomar negocia\u00e7\u00f5es sobre tarifas - Na Boca do Povo RN","og_description":"&nbsp;O governo Luiz In\u00e1cio Lula da Silva avalia que os Estados Unidos demonstraram \u201cdisposi\u00e7\u00e3o clara\u201d para retomar as","og_url":"https:\/\/nabocadopovorn.com.br\/index.php\/2026\/09\/04\/brasil-ve-sinal-positivo-dos-eua-para-retomar-negociacoes-sobre-tarifas\/","og_site_name":"Na Boca do Povo RN","article_published_time":"2026-09-04T21:19:14+00:00","article_modified_time":"2026-09-04T21:19:17+00:00","og_image":[{"width":864,"height":512,"url":"https:\/\/nabocadopovorn.com.br\/wp-content\/uploads\/2026\/09\/01KPBHVQ9CH9Y5X9WHVTN187G2.png","type":"image\/png"}],"author":"Na Boca do Povo RN","twitter_card":"summary_large_image","twitter_misc":{"Escrito por":"Na Boca do Povo RN","Est. tempo de leitura":"2 minutos"},"schema":{"@context":"https:\/\/schema.org","@graph":[{"@type":"Article","@id":"https:\/\/nabocadopovorn.com.br\/index.php\/2026\/09\/04\/brasil-ve-sinal-positivo-dos-eua-para-retomar-negociacoes-sobre-tarifas\/#article","isPartOf":{"@id":"https:\/\/nabocadopovorn.com.br\/index.php\/2026\/09\/04\/brasil-ve-sinal-positivo-dos-eua-para-retomar-negociacoes-sobre-tarifas\/"},"author":{"name":"Na Boca do Povo RN","@id":"https:\/\/nabocadopovorn.com.br\/#\/schema\/person\/4784d91e6eb0ee789392e2506451ee44"},"headline":"Brasil v\u00ea sinal positivo dos EUA para retomar negocia\u00e7\u00f5es sobre tarifas","datePublished":"2026-09-04T21:19:14+00:00","dateModified":"2026-09-04T21:19:17+00:00","mainEntityOfPage":{"@id":"https:\/\/nabocadopovorn.com.br\/index.php\/2026\/09\/04\/brasil-ve-sinal-positivo-dos-eua-para-retomar-negociacoes-sobre-tarifas\/"},"wordCount":318,"publisher":{"@id":"https:\/\/nabocadopovorn.com.br\/#organization"},"image":{"@id":"https:\/\/nabocadopovorn.com.br\/index.php\/2026\/09\/04\/brasil-ve-sinal-positivo-dos-eua-para-retomar-negociacoes-sobre-tarifas\/#primaryimage"},"thumbnailUrl":"https:\/\/nabocadopovorn.com.br\/wp-content\/uploads\/2026\/09\/01KPBHVQ9CH9Y5X9WHVTN187G2.png","articleSection":["Mundo"],"inLanguage":"pt-BR"},{"@type":"WebPage","@id":"https:\/\/nabocadopovorn.com.br\/index.php\/2026\/09\/04\/brasil-ve-sinal-positivo-dos-eua-para-retomar-negociacoes-sobre-tarifas\/","url":"https:\/\/nabocadopovorn.com.br\/index.php\/2026\/09\/04\/brasil-ve-sinal-positivo-dos-eua-para-retomar-negociacoes-sobre-tarifas\/","name":"Brasil v\u00ea sinal positivo dos EUA para retomar negocia\u00e7\u00f5es sobre tarifas - Na Boca do Povo RN","isPartOf":{"@id":"https:\/\/nabocadopovorn.com.br\/#website"},"primaryImageOfPage":{"@id":"https:\/\/nabocadopovorn.com.br\/index.php\/2026\/09\/04\/brasil-ve-sinal-positivo-dos-eua-para-retomar-negociacoes-sobre-tarifas\/#primaryimage"},"image":{"@id":"https:\/\/nabocadopovorn.com.br\/index.php\/2026\/09\/04\/brasil-ve-sinal-positivo-dos-eua-para-retomar-negociacoes-sobre-tarifas\/#primaryimage"},"thumbnailUrl":"https:\/\/nabocadopovorn.com.br\/wp-content\/uploads\/2026\/09\/01KPBHVQ9CH9Y5X9WHVTN187G2.png","datePublished":"2026-09-04T21:19:14+00:00","dateModified":"2026-09-04T21:19:17+00:00","breadcrumb":{"@id":"https:\/\/nabocadopovorn.com.br\/index.php\/2026\/09\/04\/brasil-ve-sinal-positivo-dos-eua-para-retomar-negociacoes-sobre-tarifas\/#breadcrumb"},"inLanguage":"pt-BR","potentialAction":[{"@type":"ReadAction","target":["https:\/\/nabocadopovorn.com.br\/index.php\/2026\/09\/04\/brasil-ve-sinal-positivo-dos-eua-para-retomar-negociacoes-sobre-tarifas\/"]}]},{"@type":"ImageObject","inLanguage":"pt-BR","@id":"https:\/\/nabocadopovorn.com.br\/index.php\/2026\/09\/04\/brasil-ve-sinal-positivo-dos-eua-para-retomar-negociacoes-sobre-tarifas\/#primaryimage","url":"https:\/\/nabocadopovorn.com.br\/wp-content\/uploads\/2026\/09\/01KPBHVQ9CH9Y5X9WHVTN187G2.png","contentUrl":"https:\/\/nabocadopovorn.com.br\/wp-content\/uploads\/2026\/09\/01KPBHVQ9CH9Y5X9WHVTN187G2.png","width":864,"height":512},{"@type":"BreadcrumbList","@id":"https:\/\/nabocadopovorn.com.br\/index.php\/2026\/09\/04\/brasil-ve-sinal-positivo-dos-eua-para-retomar-negociacoes-sobre-tarifas\/#breadcrumb","itemListElement":[{"@type":"ListItem","position":1,"name":"Home","item":"https:\/\/nabocadopovorn.com.br\/"},{"@type":"ListItem","position":2,"name":"Brasil v\u00ea sinal positivo dos EUA para retomar negocia\u00e7\u00f5es sobre tarifas"}]},{"@type":"WebSite","@id":"https:\/\/nabocadopovorn.com.br\/#website","url":"https:\/\/nabocadopovorn.com.br\/","name":"Na Boca do Povo RN","description":"Informa\u00e7\u00e3o Total","publisher":{"@id":"https:\/\/nabocadopovorn.com.br\/#organization"},"potentialAction":[{"@type":"SearchAction","target":{"@type":"EntryPoint","urlTemplate":"https:\/\/nabocadopovorn.com.br\/?s={search_term_string}"},"query-input":{"@type":"PropertyValueSpecification","valueRequired":true,"valueName":"search_term_string"}}],"inLanguage":"pt-BR"},{"@type":"Organization","@id":"https:\/\/nabocadopovorn.com.br\/#organization","name":"Na Boca do Povo RN","url":"https:\/\/nabocadopovorn.com.br\/","logo":{"@type":"ImageObject","inLanguage":"pt-BR","@id":"https:\/\/nabocadopovorn.com.br\/#\/schema\/logo\/image\/","url":"https:\/\/nabocadopovorn.com.br\/wp-content\/uploads\/2026\/05\/cropped-logo-nova-reduzida.png","contentUrl":"https:\/\/nabocadopovorn.com.br\/wp-content\/uploads\/2026\/05\/cropped-logo-nova-reduzida.png","width":1024,"height":155,"caption":"Na Boca do Povo RN"},"image":{"@id":"https:\/\/nabocadopovorn.com.br\/#\/schema\/logo\/image\/"}},{"@type":"Person","@id":"https:\/\/nabocadopovorn.com.br\/#\/schema\/person\/4784d91e6eb0ee789392e2506451ee44","name":"Na Boca do Povo RN","image":{"@type":"ImageObject","inLanguage":"pt-BR","@id":"https:\/\/secure.gravatar.com\/avatar\/568abe1cbc790e8c79eadb7595ddaf9dccc533c248b489d4b018b6c00965b6ea?s=96&d=mm&r=g","url":"https:\/\/secure.gravatar.com\/avatar\/568abe1cbc790e8c79eadb7595ddaf9dccc533c248b489d4b018b6c00965b6ea?s=96&d=mm&r=g","contentUrl":"https:\/\/secure.gravatar.com\/avatar\/568abe1cbc790e8c79eadb7595ddaf9dccc533c248b489d4b018b6c00965b6ea?s=96&d=mm&r=g","caption":"Na Boca do Povo RN"},"sameAs":["http:\/\/nabocadopovorn.com.br"],"url":"https:\/\/nabocadopovorn.com.br\/index.php\/author\/nabocadopovorn23gmail-com\/"}]}},"_links":{"self":[{"href":"https:\/\/nabocadopovorn.com.br\/index.php\/wp-json\/wp\/v2\/posts\/9768","targetHints":{"allow":["GET"]}}],"collection":[{"href":"https:\/\/nabocadopovorn.com.br\/index.php\/wp-json\/wp\/v2\/posts"}],"about":[{"href":"https:\/\/nabocadopovorn.com.br\/index.php\/wp-json\/wp\/v2\/types\/post"}],"author":[{"embeddable":true,"href":"https:\/\/nabocadopovorn.com.br\/index.php\/wp-json\/wp\/v2\/users\/1"}],"replies":[{"embeddable":true,"href":"https:\/\/nabocadopovorn.com.br\/index.php\/wp-json\/wp\/v2\/comments?post=9768"}],"version-history":[{"count":1,"href":"https:\/\/nabocadopovorn.com.br\/index.php\/wp-json\/wp\/v2\/posts\/9768\/revisions"}],"predecessor-version":[{"id":9770,"href":"https:\/\/nabocadopovorn.com.br\/index.php\/wp-json\/wp\/v2\/posts\/9768\/revisions\/9770"}],"wp:featuredmedia":[{"embeddable":true,"href":"https:\/\/nabocadopovorn.com.br\/index.php\/wp-json\/wp\/v2\/media\/9769"}],"wp:attachment":[{"href":"https:\/\/nabocadopovorn.com.br\/index.php\/wp-json\/wp\/v2\/media?parent=9768"}],"wp:term":[{"taxonomy":"category","embeddable":true,"href":"https:\/\/nabocadopovorn.com.br\/index.php\/wp-json\/wp\/v2\/categories?post=9768"},{"taxonomy":"post_tag","embeddable":true,"href":"https:\/\/nabocadopovorn.com.br\/index.php\/wp-json\/wp\/v2\/tags?post=9768"}],"curies":[{"name":"wp","href":"https:\/\/api.w.org\/{rel}","templated":true}]}}