{"id":9763,"date":"2026-09-03T21:38:04","date_gmt":"2026-09-04T00:38:04","guid":{"rendered":"https:\/\/nabocadopovorn.com.br\/?p=9763"},"modified":"2026-09-03T21:38:09","modified_gmt":"2026-09-04T00:38:09","slug":"bg-perfil-cinthia-de-allyson-e-1o-lugar-e-sera-deputada-estadual-mais-votada-de-mossoro","status":"publish","type":"post","link":"https:\/\/nabocadopovorn.com.br\/index.php\/2026\/09\/03\/bg-perfil-cinthia-de-allyson-e-1o-lugar-e-sera-deputada-estadual-mais-votada-de-mossoro\/","title":{"rendered":"BG\/Perfil: Cinthia de Allyson \u00e9 1\u00ba lugar e ser\u00e1 deputada estadual mais votada de Mossor\u00f3"},"content":{"rendered":"\n<p class=\"wp-block-paragraph\">A campanha de Cinthia de Allyson segue crescendo e ganhando for\u00e7a em todo o Rio Grande do Norte. A candidata aparece em primeiro lugar na pesquisa BG\/Perfil para deputada estadual, divulgada nesta quinta-feira (3), com 2,19% das inten\u00e7\u00f5es de voto no cen\u00e1rio espont\u00e2neo.<\/p>\n\n\n\n<p class=\"wp-block-paragraph\">O resultado mostra um avan\u00e7o num\u00e9rico de Cinthia dentro do pr\u00f3prio Instituto Perfil. Na rodada divulgada em agosto, ela aparecia com 1,31% e dividia a terceira coloca\u00e7\u00e3o. Agora, alcan\u00e7ou 2,19% e assumiu a lideran\u00e7a.<\/p>\n\n\n\n<p class=\"wp-block-paragraph\">\u00c9 a segunda pesquisa estadual consecutiva que coloca Cinthia na primeira posi\u00e7\u00e3o. No levantamento Parla Mentors\/Portal Gazeta RN, divulgado no in\u00edcio da semana, a candidata tamb\u00e9m liderou a disputa espont\u00e2nea, com 3,5% das cita\u00e7\u00f5es.<\/p>\n\n\n\n<p class=\"wp-block-paragraph\">A sequ\u00eancia de resultados refor\u00e7a o crescimento da candidatura e a receptividade encontrada por Cinthia durante as agendas realizadas em Mossor\u00f3 e em diferentes regi\u00f5es do estado. Com uma campanha de contato direto, constru\u00edda de casa em casa e com os p\u00e9s no ch\u00e3o, ela amplia seu espa\u00e7o na disputa e caminha para surpreender nas urnas.<\/p>\n\n\n\n<p class=\"wp-block-paragraph\">\u201cMossor\u00f3 vai ter uma deputada da terra que conhece a realidade do nosso povo e vai lutar para que a cidade receba a aten\u00e7\u00e3o que merece da Assembleia Legislativa. Vou defender a inclus\u00e3o, fortalecer a UERN e trabalhar por iniciativas que melhorem a vida das pessoas. Quero representar Mossor\u00f3 com muito orgulho, mas tamb\u00e9m levar projetos e pol\u00edticas p\u00fablicas para todos os munic\u00edpios do Rio Grande do Norte\u201d, afirmou Cinthia.<\/p>\n\n\n\n<p class=\"wp-block-paragraph\">A pesquisa ouviu 1.600 eleitores, em todas as regi\u00f5es do Rio Grande do Norte, entre os dias 29 de agosto e 1\u00ba de setembro de 2026, com margem de erro de 2,45 pontos percentuais e intervalo de confian\u00e7a de 95%. O levantamento est\u00e1 registrado sob os n\u00fameros TSE BR-07608\/2026 e TRE-RN RN-01368\/2026.<\/p>\n\n\n\n<p class=\"wp-block-paragraph\"><\/p>\n\n\n\n<p class=\"wp-block-paragraph\"><\/p>\n","protected":false},"excerpt":{"rendered":"<p>A campanha de Cinthia de Allyson segue crescendo e ganhando for\u00e7a em todo o Rio Grande do Norte.<\/p>\n","protected":false},"author":1,"featured_media":9764,"comment_status":"closed","ping_status":"open","sticky":false,"template":"","format":"standard","meta":{"footnotes":""},"categories":[23],"tags":[],"class_list":["post-9763","post","type-post","status-publish","format-standard","has-post-thumbnail","hentry","category-politica"],"yoast_head":"<!-- This site is optimized with the Yoast SEO plugin v28.4 - https:\/\/yoast.com\/product\/yoast-seo-wordpress\/ -->\n<title>BG\/Perfil: Cinthia de Allyson \u00e9 1\u00ba lugar e ser\u00e1 deputada estadual mais votada de Mossor\u00f3 - Na Boca do Povo RN<\/title>\n<meta name=\"robots\" content=\"index, follow, max-snippet:-1, max-image-preview:large, max-video-preview:-1\" \/>\n<link rel=\"canonical\" href=\"https:\/\/nabocadopovorn.com.br\/index.php\/2026\/09\/03\/bg-perfil-cinthia-de-allyson-e-1o-lugar-e-sera-deputada-estadual-mais-votada-de-mossoro\/\" \/>\n<meta property=\"og:locale\" content=\"pt_BR\" \/>\n<meta property=\"og:type\" content=\"article\" \/>\n<meta property=\"og:title\" content=\"BG\/Perfil: Cinthia de Allyson \u00e9 1\u00ba lugar e ser\u00e1 deputada estadual mais votada de Mossor\u00f3 - Na Boca do Povo RN\" \/>\n<meta property=\"og:description\" content=\"A campanha de Cinthia de Allyson segue crescendo e ganhando for\u00e7a em todo o Rio Grande do Norte.\" \/>\n<meta property=\"og:url\" content=\"https:\/\/nabocadopovorn.com.br\/index.php\/2026\/09\/03\/bg-perfil-cinthia-de-allyson-e-1o-lugar-e-sera-deputada-estadual-mais-votada-de-mossoro\/\" \/>\n<meta property=\"og:site_name\" content=\"Na Boca do Povo RN\" \/>\n<meta property=\"article:published_time\" content=\"2026-09-04T00:38:04+00:00\" \/>\n<meta property=\"article:modified_time\" content=\"2026-09-04T00:38:09+00:00\" \/>\n<meta property=\"og:image\" content=\"https:\/\/nabocadopovorn.com.br\/wp-content\/uploads\/2026\/09\/cintia.jpeg\" \/>\n\t<meta property=\"og:image:width\" content=\"1280\" \/>\n\t<meta property=\"og:image:height\" content=\"854\" \/>\n\t<meta property=\"og:image:type\" content=\"image\/jpeg\" \/>\n<meta name=\"author\" content=\"Na Boca do Povo RN\" \/>\n<meta name=\"twitter:card\" content=\"summary_large_image\" \/>\n<meta name=\"twitter:label1\" content=\"Escrito por\" \/>\n\t<meta name=\"twitter:data1\" content=\"Na Boca do Povo RN\" \/>\n\t<meta name=\"twitter:label2\" content=\"Est. tempo de leitura\" \/>\n\t<meta name=\"twitter:data2\" content=\"2 minutos\" \/>\n<script type=\"application\/ld+json\" class=\"yoast-schema-graph\">{\"@context\":\"https:\\\/\\\/schema.org\",\"@graph\":[{\"@type\":\"Article\",\"@id\":\"https:\\\/\\\/nabocadopovorn.com.br\\\/index.php\\\/2026\\\/09\\\/03\\\/bg-perfil-cinthia-de-allyson-e-1o-lugar-e-sera-deputada-estadual-mais-votada-de-mossoro\\\/#article\",\"isPartOf\":{\"@id\":\"https:\\\/\\\/nabocadopovorn.com.br\\\/index.php\\\/2026\\\/09\\\/03\\\/bg-perfil-cinthia-de-allyson-e-1o-lugar-e-sera-deputada-estadual-mais-votada-de-mossoro\\\/\"},\"author\":{\"name\":\"Na Boca do Povo RN\",\"@id\":\"https:\\\/\\\/nabocadopovorn.com.br\\\/#\\\/schema\\\/person\\\/4784d91e6eb0ee789392e2506451ee44\"},\"headline\":\"BG\\\/Perfil: Cinthia de Allyson \u00e9 1\u00ba lugar e ser\u00e1 deputada estadual mais votada de Mossor\u00f3\",\"datePublished\":\"2026-09-04T00:38:04+00:00\",\"dateModified\":\"2026-09-04T00:38:09+00:00\",\"mainEntityOfPage\":{\"@id\":\"https:\\\/\\\/nabocadopovorn.com.br\\\/index.php\\\/2026\\\/09\\\/03\\\/bg-perfil-cinthia-de-allyson-e-1o-lugar-e-sera-deputada-estadual-mais-votada-de-mossoro\\\/\"},\"wordCount\":324,\"publisher\":{\"@id\":\"https:\\\/\\\/nabocadopovorn.com.br\\\/#organization\"},\"image\":{\"@id\":\"https:\\\/\\\/nabocadopovorn.com.br\\\/index.php\\\/2026\\\/09\\\/03\\\/bg-perfil-cinthia-de-allyson-e-1o-lugar-e-sera-deputada-estadual-mais-votada-de-mossoro\\\/#primaryimage\"},\"thumbnailUrl\":\"https:\\\/\\\/nabocadopovorn.com.br\\\/wp-content\\\/uploads\\\/2026\\\/09\\\/cintia.jpeg\",\"articleSection\":[\"Pol\u00edtica\"],\"inLanguage\":\"pt-BR\"},{\"@type\":\"WebPage\",\"@id\":\"https:\\\/\\\/nabocadopovorn.com.br\\\/index.php\\\/2026\\\/09\\\/03\\\/bg-perfil-cinthia-de-allyson-e-1o-lugar-e-sera-deputada-estadual-mais-votada-de-mossoro\\\/\",\"url\":\"https:\\\/\\\/nabocadopovorn.com.br\\\/index.php\\\/2026\\\/09\\\/03\\\/bg-perfil-cinthia-de-allyson-e-1o-lugar-e-sera-deputada-estadual-mais-votada-de-mossoro\\\/\",\"name\":\"BG\\\/Perfil: Cinthia de Allyson \u00e9 1\u00ba lugar e ser\u00e1 deputada estadual mais votada de Mossor\u00f3 - Na Boca do Povo RN\",\"isPartOf\":{\"@id\":\"https:\\\/\\\/nabocadopovorn.com.br\\\/#website\"},\"primaryImageOfPage\":{\"@id\":\"https:\\\/\\\/nabocadopovorn.com.br\\\/index.php\\\/2026\\\/09\\\/03\\\/bg-perfil-cinthia-de-allyson-e-1o-lugar-e-sera-deputada-estadual-mais-votada-de-mossoro\\\/#primaryimage\"},\"image\":{\"@id\":\"https:\\\/\\\/nabocadopovorn.com.br\\\/index.php\\\/2026\\\/09\\\/03\\\/bg-perfil-cinthia-de-allyson-e-1o-lugar-e-sera-deputada-estadual-mais-votada-de-mossoro\\\/#primaryimage\"},\"thumbnailUrl\":\"https:\\\/\\\/nabocadopovorn.com.br\\\/wp-content\\\/uploads\\\/2026\\\/09\\\/cintia.jpeg\",\"datePublished\":\"2026-09-04T00:38:04+00:00\",\"dateModified\":\"2026-09-04T00:38:09+00:00\",\"breadcrumb\":{\"@id\":\"https:\\\/\\\/nabocadopovorn.com.br\\\/index.php\\\/2026\\\/09\\\/03\\\/bg-perfil-cinthia-de-allyson-e-1o-lugar-e-sera-deputada-estadual-mais-votada-de-mossoro\\\/#breadcrumb\"},\"inLanguage\":\"pt-BR\",\"potentialAction\":[{\"@type\":\"ReadAction\",\"target\":[\"https:\\\/\\\/nabocadopovorn.com.br\\\/index.php\\\/2026\\\/09\\\/03\\\/bg-perfil-cinthia-de-allyson-e-1o-lugar-e-sera-deputada-estadual-mais-votada-de-mossoro\\\/\"]}]},{\"@type\":\"ImageObject\",\"inLanguage\":\"pt-BR\",\"@id\":\"https:\\\/\\\/nabocadopovorn.com.br\\\/index.php\\\/2026\\\/09\\\/03\\\/bg-perfil-cinthia-de-allyson-e-1o-lugar-e-sera-deputada-estadual-mais-votada-de-mossoro\\\/#primaryimage\",\"url\":\"https:\\\/\\\/nabocadopovorn.com.br\\\/wp-content\\\/uploads\\\/2026\\\/09\\\/cintia.jpeg\",\"contentUrl\":\"https:\\\/\\\/nabocadopovorn.com.br\\\/wp-content\\\/uploads\\\/2026\\\/09\\\/cintia.jpeg\",\"width\":1280,\"height\":854},{\"@type\":\"BreadcrumbList\",\"@id\":\"https:\\\/\\\/nabocadopovorn.com.br\\\/index.php\\\/2026\\\/09\\\/03\\\/bg-perfil-cinthia-de-allyson-e-1o-lugar-e-sera-deputada-estadual-mais-votada-de-mossoro\\\/#breadcrumb\",\"itemListElement\":[{\"@type\":\"ListItem\",\"position\":1,\"name\":\"Home\",\"item\":\"https:\\\/\\\/nabocadopovorn.com.br\\\/\"},{\"@type\":\"ListItem\",\"position\":2,\"name\":\"BG\\\/Perfil: Cinthia de Allyson \u00e9 1\u00ba lugar e ser\u00e1 deputada estadual mais votada de Mossor\u00f3\"}]},{\"@type\":\"WebSite\",\"@id\":\"https:\\\/\\\/nabocadopovorn.com.br\\\/#website\",\"url\":\"https:\\\/\\\/nabocadopovorn.com.br\\\/\",\"name\":\"Na Boca do Povo RN\",\"description\":\"Informa\u00e7\u00e3o Total\",\"publisher\":{\"@id\":\"https:\\\/\\\/nabocadopovorn.com.br\\\/#organization\"},\"potentialAction\":[{\"@type\":\"SearchAction\",\"target\":{\"@type\":\"EntryPoint\",\"urlTemplate\":\"https:\\\/\\\/nabocadopovorn.com.br\\\/?s={search_term_string}\"},\"query-input\":{\"@type\":\"PropertyValueSpecification\",\"valueRequired\":true,\"valueName\":\"search_term_string\"}}],\"inLanguage\":\"pt-BR\"},{\"@type\":\"Organization\",\"@id\":\"https:\\\/\\\/nabocadopovorn.com.br\\\/#organization\",\"name\":\"Na Boca do Povo RN\",\"url\":\"https:\\\/\\\/nabocadopovorn.com.br\\\/\",\"logo\":{\"@type\":\"ImageObject\",\"inLanguage\":\"pt-BR\",\"@id\":\"https:\\\/\\\/nabocadopovorn.com.br\\\/#\\\/schema\\\/logo\\\/image\\\/\",\"url\":\"https:\\\/\\\/nabocadopovorn.com.br\\\/wp-content\\\/uploads\\\/2026\\\/05\\\/cropped-logo-nova-reduzida.png\",\"contentUrl\":\"https:\\\/\\\/nabocadopovorn.com.br\\\/wp-content\\\/uploads\\\/2026\\\/05\\\/cropped-logo-nova-reduzida.png\",\"width\":1024,\"height\":155,\"caption\":\"Na Boca do Povo RN\"},\"image\":{\"@id\":\"https:\\\/\\\/nabocadopovorn.com.br\\\/#\\\/schema\\\/logo\\\/image\\\/\"}},{\"@type\":\"Person\",\"@id\":\"https:\\\/\\\/nabocadopovorn.com.br\\\/#\\\/schema\\\/person\\\/4784d91e6eb0ee789392e2506451ee44\",\"name\":\"Na Boca do Povo RN\",\"image\":{\"@type\":\"ImageObject\",\"inLanguage\":\"pt-BR\",\"@id\":\"https:\\\/\\\/secure.gravatar.com\\\/avatar\\\/568abe1cbc790e8c79eadb7595ddaf9dccc533c248b489d4b018b6c00965b6ea?s=96&d=mm&r=g\",\"url\":\"https:\\\/\\\/secure.gravatar.com\\\/avatar\\\/568abe1cbc790e8c79eadb7595ddaf9dccc533c248b489d4b018b6c00965b6ea?s=96&d=mm&r=g\",\"contentUrl\":\"https:\\\/\\\/secure.gravatar.com\\\/avatar\\\/568abe1cbc790e8c79eadb7595ddaf9dccc533c248b489d4b018b6c00965b6ea?s=96&d=mm&r=g\",\"caption\":\"Na Boca do Povo RN\"},\"sameAs\":[\"http:\\\/\\\/nabocadopovorn.com.br\"],\"url\":\"https:\\\/\\\/nabocadopovorn.com.br\\\/index.php\\\/author\\\/nabocadopovorn23gmail-com\\\/\"}]}<\/script>\n<!-- \/ Yoast SEO plugin. -->","yoast_head_json":{"title":"BG\/Perfil: Cinthia de Allyson \u00e9 1\u00ba lugar e ser\u00e1 deputada estadual mais votada de Mossor\u00f3 - Na Boca do Povo RN","robots":{"index":"index","follow":"follow","max-snippet":"max-snippet:-1","max-image-preview":"max-image-preview:large","max-video-preview":"max-video-preview:-1"},"canonical":"https:\/\/nabocadopovorn.com.br\/index.php\/2026\/09\/03\/bg-perfil-cinthia-de-allyson-e-1o-lugar-e-sera-deputada-estadual-mais-votada-de-mossoro\/","og_locale":"pt_BR","og_type":"article","og_title":"BG\/Perfil: Cinthia de Allyson \u00e9 1\u00ba lugar e ser\u00e1 deputada estadual mais votada de Mossor\u00f3 - Na Boca do Povo RN","og_description":"A campanha de Cinthia de Allyson segue crescendo e ganhando for\u00e7a em todo o Rio Grande do Norte.","og_url":"https:\/\/nabocadopovorn.com.br\/index.php\/2026\/09\/03\/bg-perfil-cinthia-de-allyson-e-1o-lugar-e-sera-deputada-estadual-mais-votada-de-mossoro\/","og_site_name":"Na Boca do Povo RN","article_published_time":"2026-09-04T00:38:04+00:00","article_modified_time":"2026-09-04T00:38:09+00:00","og_image":[{"width":1280,"height":854,"url":"https:\/\/nabocadopovorn.com.br\/wp-content\/uploads\/2026\/09\/cintia.jpeg","type":"image\/jpeg"}],"author":"Na Boca do Povo RN","twitter_card":"summary_large_image","twitter_misc":{"Escrito por":"Na Boca do Povo RN","Est. tempo de leitura":"2 minutos"},"schema":{"@context":"https:\/\/schema.org","@graph":[{"@type":"Article","@id":"https:\/\/nabocadopovorn.com.br\/index.php\/2026\/09\/03\/bg-perfil-cinthia-de-allyson-e-1o-lugar-e-sera-deputada-estadual-mais-votada-de-mossoro\/#article","isPartOf":{"@id":"https:\/\/nabocadopovorn.com.br\/index.php\/2026\/09\/03\/bg-perfil-cinthia-de-allyson-e-1o-lugar-e-sera-deputada-estadual-mais-votada-de-mossoro\/"},"author":{"name":"Na Boca do Povo RN","@id":"https:\/\/nabocadopovorn.com.br\/#\/schema\/person\/4784d91e6eb0ee789392e2506451ee44"},"headline":"BG\/Perfil: Cinthia de Allyson \u00e9 1\u00ba lugar e ser\u00e1 deputada estadual mais votada de Mossor\u00f3","datePublished":"2026-09-04T00:38:04+00:00","dateModified":"2026-09-04T00:38:09+00:00","mainEntityOfPage":{"@id":"https:\/\/nabocadopovorn.com.br\/index.php\/2026\/09\/03\/bg-perfil-cinthia-de-allyson-e-1o-lugar-e-sera-deputada-estadual-mais-votada-de-mossoro\/"},"wordCount":324,"publisher":{"@id":"https:\/\/nabocadopovorn.com.br\/#organization"},"image":{"@id":"https:\/\/nabocadopovorn.com.br\/index.php\/2026\/09\/03\/bg-perfil-cinthia-de-allyson-e-1o-lugar-e-sera-deputada-estadual-mais-votada-de-mossoro\/#primaryimage"},"thumbnailUrl":"https:\/\/nabocadopovorn.com.br\/wp-content\/uploads\/2026\/09\/cintia.jpeg","articleSection":["Pol\u00edtica"],"inLanguage":"pt-BR"},{"@type":"WebPage","@id":"https:\/\/nabocadopovorn.com.br\/index.php\/2026\/09\/03\/bg-perfil-cinthia-de-allyson-e-1o-lugar-e-sera-deputada-estadual-mais-votada-de-mossoro\/","url":"https:\/\/nabocadopovorn.com.br\/index.php\/2026\/09\/03\/bg-perfil-cinthia-de-allyson-e-1o-lugar-e-sera-deputada-estadual-mais-votada-de-mossoro\/","name":"BG\/Perfil: Cinthia de Allyson \u00e9 1\u00ba lugar e ser\u00e1 deputada estadual mais votada de Mossor\u00f3 - Na Boca do Povo RN","isPartOf":{"@id":"https:\/\/nabocadopovorn.com.br\/#website"},"primaryImageOfPage":{"@id":"https:\/\/nabocadopovorn.com.br\/index.php\/2026\/09\/03\/bg-perfil-cinthia-de-allyson-e-1o-lugar-e-sera-deputada-estadual-mais-votada-de-mossoro\/#primaryimage"},"image":{"@id":"https:\/\/nabocadopovorn.com.br\/index.php\/2026\/09\/03\/bg-perfil-cinthia-de-allyson-e-1o-lugar-e-sera-deputada-estadual-mais-votada-de-mossoro\/#primaryimage"},"thumbnailUrl":"https:\/\/nabocadopovorn.com.br\/wp-content\/uploads\/2026\/09\/cintia.jpeg","datePublished":"2026-09-04T00:38:04+00:00","dateModified":"2026-09-04T00:38:09+00:00","breadcrumb":{"@id":"https:\/\/nabocadopovorn.com.br\/index.php\/2026\/09\/03\/bg-perfil-cinthia-de-allyson-e-1o-lugar-e-sera-deputada-estadual-mais-votada-de-mossoro\/#breadcrumb"},"inLanguage":"pt-BR","potentialAction":[{"@type":"ReadAction","target":["https:\/\/nabocadopovorn.com.br\/index.php\/2026\/09\/03\/bg-perfil-cinthia-de-allyson-e-1o-lugar-e-sera-deputada-estadual-mais-votada-de-mossoro\/"]}]},{"@type":"ImageObject","inLanguage":"pt-BR","@id":"https:\/\/nabocadopovorn.com.br\/index.php\/2026\/09\/03\/bg-perfil-cinthia-de-allyson-e-1o-lugar-e-sera-deputada-estadual-mais-votada-de-mossoro\/#primaryimage","url":"https:\/\/nabocadopovorn.com.br\/wp-content\/uploads\/2026\/09\/cintia.jpeg","contentUrl":"https:\/\/nabocadopovorn.com.br\/wp-content\/uploads\/2026\/09\/cintia.jpeg","width":1280,"height":854},{"@type":"BreadcrumbList","@id":"https:\/\/nabocadopovorn.com.br\/index.php\/2026\/09\/03\/bg-perfil-cinthia-de-allyson-e-1o-lugar-e-sera-deputada-estadual-mais-votada-de-mossoro\/#breadcrumb","itemListElement":[{"@type":"ListItem","position":1,"name":"Home","item":"https:\/\/nabocadopovorn.com.br\/"},{"@type":"ListItem","position":2,"name":"BG\/Perfil: Cinthia de Allyson \u00e9 1\u00ba lugar e ser\u00e1 deputada estadual mais votada de Mossor\u00f3"}]},{"@type":"WebSite","@id":"https:\/\/nabocadopovorn.com.br\/#website","url":"https:\/\/nabocadopovorn.com.br\/","name":"Na Boca do Povo RN","description":"Informa\u00e7\u00e3o Total","publisher":{"@id":"https:\/\/nabocadopovorn.com.br\/#organization"},"potentialAction":[{"@type":"SearchAction","target":{"@type":"EntryPoint","urlTemplate":"https:\/\/nabocadopovorn.com.br\/?s={search_term_string}"},"query-input":{"@type":"PropertyValueSpecification","valueRequired":true,"valueName":"search_term_string"}}],"inLanguage":"pt-BR"},{"@type":"Organization","@id":"https:\/\/nabocadopovorn.com.br\/#organization","name":"Na Boca do Povo RN","url":"https:\/\/nabocadopovorn.com.br\/","logo":{"@type":"ImageObject","inLanguage":"pt-BR","@id":"https:\/\/nabocadopovorn.com.br\/#\/schema\/logo\/image\/","url":"https:\/\/nabocadopovorn.com.br\/wp-content\/uploads\/2026\/05\/cropped-logo-nova-reduzida.png","contentUrl":"https:\/\/nabocadopovorn.com.br\/wp-content\/uploads\/2026\/05\/cropped-logo-nova-reduzida.png","width":1024,"height":155,"caption":"Na Boca do Povo RN"},"image":{"@id":"https:\/\/nabocadopovorn.com.br\/#\/schema\/logo\/image\/"}},{"@type":"Person","@id":"https:\/\/nabocadopovorn.com.br\/#\/schema\/person\/4784d91e6eb0ee789392e2506451ee44","name":"Na Boca do Povo RN","image":{"@type":"ImageObject","inLanguage":"pt-BR","@id":"https:\/\/secure.gravatar.com\/avatar\/568abe1cbc790e8c79eadb7595ddaf9dccc533c248b489d4b018b6c00965b6ea?s=96&d=mm&r=g","url":"https:\/\/secure.gravatar.com\/avatar\/568abe1cbc790e8c79eadb7595ddaf9dccc533c248b489d4b018b6c00965b6ea?s=96&d=mm&r=g","contentUrl":"https:\/\/secure.gravatar.com\/avatar\/568abe1cbc790e8c79eadb7595ddaf9dccc533c248b489d4b018b6c00965b6ea?s=96&d=mm&r=g","caption":"Na Boca do Povo RN"},"sameAs":["http:\/\/nabocadopovorn.com.br"],"url":"https:\/\/nabocadopovorn.com.br\/index.php\/author\/nabocadopovorn23gmail-com\/"}]}},"_links":{"self":[{"href":"https:\/\/nabocadopovorn.com.br\/index.php\/wp-json\/wp\/v2\/posts\/9763","targetHints":{"allow":["GET"]}}],"collection":[{"href":"https:\/\/nabocadopovorn.com.br\/index.php\/wp-json\/wp\/v2\/posts"}],"about":[{"href":"https:\/\/nabocadopovorn.com.br\/index.php\/wp-json\/wp\/v2\/types\/post"}],"author":[{"embeddable":true,"href":"https:\/\/nabocadopovorn.com.br\/index.php\/wp-json\/wp\/v2\/users\/1"}],"replies":[{"embeddable":true,"href":"https:\/\/nabocadopovorn.com.br\/index.php\/wp-json\/wp\/v2\/comments?post=9763"}],"version-history":[{"count":1,"href":"https:\/\/nabocadopovorn.com.br\/index.php\/wp-json\/wp\/v2\/posts\/9763\/revisions"}],"predecessor-version":[{"id":9765,"href":"https:\/\/nabocadopovorn.com.br\/index.php\/wp-json\/wp\/v2\/posts\/9763\/revisions\/9765"}],"wp:featuredmedia":[{"embeddable":true,"href":"https:\/\/nabocadopovorn.com.br\/index.php\/wp-json\/wp\/v2\/media\/9764"}],"wp:attachment":[{"href":"https:\/\/nabocadopovorn.com.br\/index.php\/wp-json\/wp\/v2\/media?parent=9763"}],"wp:term":[{"taxonomy":"category","embeddable":true,"href":"https:\/\/nabocadopovorn.com.br\/index.php\/wp-json\/wp\/v2\/categories?post=9763"},{"taxonomy":"post_tag","embeddable":true,"href":"https:\/\/nabocadopovorn.com.br\/index.php\/wp-json\/wp\/v2\/tags?post=9763"}],"curies":[{"name":"wp","href":"https:\/\/api.w.org\/{rel}","templated":true}]}}