{"id":9757,"date":"2026-09-03T21:20:21","date_gmt":"2026-09-04T00:20:21","guid":{"rendered":"https:\/\/nabocadopovorn.com.br\/?p=9757"},"modified":"2026-09-03T21:20:26","modified_gmt":"2026-09-04T00:20:26","slug":"a-prf-inicia-a-operacao-independencia-2026-com-fiscalizacao-reforcada","status":"publish","type":"post","link":"https:\/\/nabocadopovorn.com.br\/index.php\/2026\/09\/03\/a-prf-inicia-a-operacao-independencia-2026-com-fiscalizacao-reforcada\/","title":{"rendered":"A PRF inicia a Opera\u00e7\u00e3o Independ\u00eancia 2026, com fiscaliza\u00e7\u00e3o refor\u00e7ada"},"content":{"rendered":"\n<p class=\"wp-block-paragraph\">A Pol\u00edcia Rodovi\u00e1ria Federal (PRF) inicia, nesta sexta-feira (4), a Opera\u00e7\u00e3o Independ\u00eancia 2026 no Rio Grande do Norte. As a\u00e7\u00f5es seguem at\u00e9 segunda-feira (7) e t\u00eam como objetivo refor\u00e7ar o policiamento e a fiscaliza\u00e7\u00e3o nas rodovias federais durante o feriado de 7 de Setembro, per\u00edodo em que tradicionalmente h\u00e1 aumento no fluxo de ve\u00edculos.<\/p>\n\n\n\n<p class=\"wp-block-paragraph\">Durante a opera\u00e7\u00e3o, a PRF intensificar\u00e1 a fiscaliza\u00e7\u00e3o de condutas que est\u00e3o entre as principais causas ou fatores de agravamento dos sinistros de tr\u00e2nsito, como embriaguez ao volante, excesso de velocidade, ultrapassagens indevidas, n\u00e3o utiliza\u00e7\u00e3o do cinto de seguran\u00e7a e do capacete e transporte inadequado de crian\u00e7as.<\/p>\n\n\n\n<p class=\"wp-block-paragraph\">A fiscaliza\u00e7\u00e3o de alcoolemia ter\u00e1 aten\u00e7\u00e3o especial. Somente no primeiro semestre de 2026, a PRF realizou 1.880 comandos de alcoolemia no Rio Grande do Norte, nos quais 24.867 pessoas foram fiscalizadas e 54 motoristas foram presos por embriaguez ao volante.<\/p>\n\n\n\n<p class=\"wp-block-paragraph\">Nos primeiros seis meses de 2026, a PRF registrou 46 sinistros de tr\u00e2nsito envolvendo pessoas que haviam consumido \u00e1lcool, uma m\u00e9dia de quase dois casos por semana, com tr\u00eas mortes e 15 feridos graves.<\/p>\n\n\n\n<p class=\"wp-block-paragraph\">Al\u00e9m da fiscaliza\u00e7\u00e3o de alcoolemia, as equipes estar\u00e3o atentas \u00e0s ultrapassagens em locais proibidos, ao excesso de velocidade e ao uso dos equipamentos de seguran\u00e7a. A atua\u00e7\u00e3o ser\u00e1 intensificada especialmente nos locais e hor\u00e1rios de maior movimenta\u00e7\u00e3o e nos trechos considerados mais cr\u00edticos para a ocorr\u00eancia de sinistros graves.<\/p>\n\n\n\n<p class=\"wp-block-paragraph\">A Opera\u00e7\u00e3o Independ\u00eancia tamb\u00e9m ter\u00e1 car\u00e1ter preventivo, com a\u00e7\u00f5es de educa\u00e7\u00e3o para o tr\u00e2nsito e orienta\u00e7\u00f5es aos motoristas. O objetivo \u00e9 garantir maior seguran\u00e7a aos usu\u00e1rios das rodovias federais e contribuir para a redu\u00e7\u00e3o da viol\u00eancia no tr\u00e2nsito durante o per\u00edodo de maior movimenta\u00e7\u00e3o.<\/p>\n\n\n\n<p class=\"wp-block-paragraph\"><\/p>\n","protected":false},"excerpt":{"rendered":"<p>A Pol\u00edcia Rodovi\u00e1ria Federal (PRF) inicia, nesta sexta-feira (4), a Opera\u00e7\u00e3o Independ\u00eancia 2026 no Rio Grande do Norte.<\/p>\n","protected":false},"author":1,"featured_media":9758,"comment_status":"closed","ping_status":"open","sticky":false,"template":"","format":"standard","meta":{"footnotes":""},"categories":[86],"tags":[],"class_list":["post-9757","post","type-post","status-publish","format-standard","has-post-thumbnail","hentry","category-transito"],"yoast_head":"<!-- This site is optimized with the Yoast SEO plugin v28.4 - https:\/\/yoast.com\/product\/yoast-seo-wordpress\/ -->\n<title>A PRF inicia a Opera\u00e7\u00e3o Independ\u00eancia 2026, com fiscaliza\u00e7\u00e3o refor\u00e7ada - Na Boca do Povo RN<\/title>\n<meta name=\"robots\" content=\"index, follow, max-snippet:-1, max-image-preview:large, max-video-preview:-1\" \/>\n<link rel=\"canonical\" href=\"https:\/\/nabocadopovorn.com.br\/index.php\/2026\/09\/03\/a-prf-inicia-a-operacao-independencia-2026-com-fiscalizacao-reforcada\/\" \/>\n<meta property=\"og:locale\" content=\"pt_BR\" \/>\n<meta property=\"og:type\" content=\"article\" \/>\n<meta property=\"og:title\" content=\"A PRF inicia a Opera\u00e7\u00e3o Independ\u00eancia 2026, com fiscaliza\u00e7\u00e3o refor\u00e7ada - Na Boca do Povo RN\" \/>\n<meta property=\"og:description\" content=\"A Pol\u00edcia Rodovi\u00e1ria Federal (PRF) inicia, nesta sexta-feira (4), a Opera\u00e7\u00e3o Independ\u00eancia 2026 no Rio Grande do Norte.\" \/>\n<meta property=\"og:url\" content=\"https:\/\/nabocadopovorn.com.br\/index.php\/2026\/09\/03\/a-prf-inicia-a-operacao-independencia-2026-com-fiscalizacao-reforcada\/\" \/>\n<meta property=\"og:site_name\" content=\"Na Boca do Povo RN\" \/>\n<meta property=\"article:published_time\" content=\"2026-09-04T00:20:21+00:00\" \/>\n<meta property=\"article:modified_time\" content=\"2026-09-04T00:20:26+00:00\" \/>\n<meta property=\"og:image\" content=\"https:\/\/nabocadopovorn.com.br\/wp-content\/uploads\/2026\/09\/WhatsApp-Image-2026-09-03-at-21.18.41-1.jpeg\" \/>\n\t<meta property=\"og:image:width\" content=\"640\" \/>\n\t<meta property=\"og:image:height\" content=\"359\" \/>\n\t<meta property=\"og:image:type\" content=\"image\/jpeg\" \/>\n<meta name=\"author\" content=\"Na Boca do Povo RN\" \/>\n<meta name=\"twitter:card\" content=\"summary_large_image\" \/>\n<meta name=\"twitter:label1\" content=\"Escrito por\" \/>\n\t<meta name=\"twitter:data1\" content=\"Na Boca do Povo RN\" \/>\n\t<meta name=\"twitter:label2\" content=\"Est. tempo de leitura\" \/>\n\t<meta name=\"twitter:data2\" content=\"2 minutos\" \/>\n<script type=\"application\/ld+json\" class=\"yoast-schema-graph\">{\"@context\":\"https:\\\/\\\/schema.org\",\"@graph\":[{\"@type\":\"Article\",\"@id\":\"https:\\\/\\\/nabocadopovorn.com.br\\\/index.php\\\/2026\\\/09\\\/03\\\/a-prf-inicia-a-operacao-independencia-2026-com-fiscalizacao-reforcada\\\/#article\",\"isPartOf\":{\"@id\":\"https:\\\/\\\/nabocadopovorn.com.br\\\/index.php\\\/2026\\\/09\\\/03\\\/a-prf-inicia-a-operacao-independencia-2026-com-fiscalizacao-reforcada\\\/\"},\"author\":{\"name\":\"Na Boca do Povo RN\",\"@id\":\"https:\\\/\\\/nabocadopovorn.com.br\\\/#\\\/schema\\\/person\\\/4784d91e6eb0ee789392e2506451ee44\"},\"headline\":\"A PRF inicia a Opera\u00e7\u00e3o Independ\u00eancia 2026, com fiscaliza\u00e7\u00e3o refor\u00e7ada\",\"datePublished\":\"2026-09-04T00:20:21+00:00\",\"dateModified\":\"2026-09-04T00:20:26+00:00\",\"mainEntityOfPage\":{\"@id\":\"https:\\\/\\\/nabocadopovorn.com.br\\\/index.php\\\/2026\\\/09\\\/03\\\/a-prf-inicia-a-operacao-independencia-2026-com-fiscalizacao-reforcada\\\/\"},\"wordCount\":316,\"publisher\":{\"@id\":\"https:\\\/\\\/nabocadopovorn.com.br\\\/#organization\"},\"image\":{\"@id\":\"https:\\\/\\\/nabocadopovorn.com.br\\\/index.php\\\/2026\\\/09\\\/03\\\/a-prf-inicia-a-operacao-independencia-2026-com-fiscalizacao-reforcada\\\/#primaryimage\"},\"thumbnailUrl\":\"https:\\\/\\\/nabocadopovorn.com.br\\\/wp-content\\\/uploads\\\/2026\\\/09\\\/WhatsApp-Image-2026-09-03-at-21.18.41-1.jpeg\",\"articleSection\":[\"Transito\"],\"inLanguage\":\"pt-BR\"},{\"@type\":\"WebPage\",\"@id\":\"https:\\\/\\\/nabocadopovorn.com.br\\\/index.php\\\/2026\\\/09\\\/03\\\/a-prf-inicia-a-operacao-independencia-2026-com-fiscalizacao-reforcada\\\/\",\"url\":\"https:\\\/\\\/nabocadopovorn.com.br\\\/index.php\\\/2026\\\/09\\\/03\\\/a-prf-inicia-a-operacao-independencia-2026-com-fiscalizacao-reforcada\\\/\",\"name\":\"A PRF inicia a Opera\u00e7\u00e3o Independ\u00eancia 2026, com fiscaliza\u00e7\u00e3o refor\u00e7ada - Na Boca do Povo RN\",\"isPartOf\":{\"@id\":\"https:\\\/\\\/nabocadopovorn.com.br\\\/#website\"},\"primaryImageOfPage\":{\"@id\":\"https:\\\/\\\/nabocadopovorn.com.br\\\/index.php\\\/2026\\\/09\\\/03\\\/a-prf-inicia-a-operacao-independencia-2026-com-fiscalizacao-reforcada\\\/#primaryimage\"},\"image\":{\"@id\":\"https:\\\/\\\/nabocadopovorn.com.br\\\/index.php\\\/2026\\\/09\\\/03\\\/a-prf-inicia-a-operacao-independencia-2026-com-fiscalizacao-reforcada\\\/#primaryimage\"},\"thumbnailUrl\":\"https:\\\/\\\/nabocadopovorn.com.br\\\/wp-content\\\/uploads\\\/2026\\\/09\\\/WhatsApp-Image-2026-09-03-at-21.18.41-1.jpeg\",\"datePublished\":\"2026-09-04T00:20:21+00:00\",\"dateModified\":\"2026-09-04T00:20:26+00:00\",\"breadcrumb\":{\"@id\":\"https:\\\/\\\/nabocadopovorn.com.br\\\/index.php\\\/2026\\\/09\\\/03\\\/a-prf-inicia-a-operacao-independencia-2026-com-fiscalizacao-reforcada\\\/#breadcrumb\"},\"inLanguage\":\"pt-BR\",\"potentialAction\":[{\"@type\":\"ReadAction\",\"target\":[\"https:\\\/\\\/nabocadopovorn.com.br\\\/index.php\\\/2026\\\/09\\\/03\\\/a-prf-inicia-a-operacao-independencia-2026-com-fiscalizacao-reforcada\\\/\"]}]},{\"@type\":\"ImageObject\",\"inLanguage\":\"pt-BR\",\"@id\":\"https:\\\/\\\/nabocadopovorn.com.br\\\/index.php\\\/2026\\\/09\\\/03\\\/a-prf-inicia-a-operacao-independencia-2026-com-fiscalizacao-reforcada\\\/#primaryimage\",\"url\":\"https:\\\/\\\/nabocadopovorn.com.br\\\/wp-content\\\/uploads\\\/2026\\\/09\\\/WhatsApp-Image-2026-09-03-at-21.18.41-1.jpeg\",\"contentUrl\":\"https:\\\/\\\/nabocadopovorn.com.br\\\/wp-content\\\/uploads\\\/2026\\\/09\\\/WhatsApp-Image-2026-09-03-at-21.18.41-1.jpeg\",\"width\":640,\"height\":359},{\"@type\":\"BreadcrumbList\",\"@id\":\"https:\\\/\\\/nabocadopovorn.com.br\\\/index.php\\\/2026\\\/09\\\/03\\\/a-prf-inicia-a-operacao-independencia-2026-com-fiscalizacao-reforcada\\\/#breadcrumb\",\"itemListElement\":[{\"@type\":\"ListItem\",\"position\":1,\"name\":\"Home\",\"item\":\"https:\\\/\\\/nabocadopovorn.com.br\\\/\"},{\"@type\":\"ListItem\",\"position\":2,\"name\":\"A PRF inicia a Opera\u00e7\u00e3o Independ\u00eancia 2026, com fiscaliza\u00e7\u00e3o refor\u00e7ada\"}]},{\"@type\":\"WebSite\",\"@id\":\"https:\\\/\\\/nabocadopovorn.com.br\\\/#website\",\"url\":\"https:\\\/\\\/nabocadopovorn.com.br\\\/\",\"name\":\"Na Boca do Povo RN\",\"description\":\"Informa\u00e7\u00e3o Total\",\"publisher\":{\"@id\":\"https:\\\/\\\/nabocadopovorn.com.br\\\/#organization\"},\"potentialAction\":[{\"@type\":\"SearchAction\",\"target\":{\"@type\":\"EntryPoint\",\"urlTemplate\":\"https:\\\/\\\/nabocadopovorn.com.br\\\/?s={search_term_string}\"},\"query-input\":{\"@type\":\"PropertyValueSpecification\",\"valueRequired\":true,\"valueName\":\"search_term_string\"}}],\"inLanguage\":\"pt-BR\"},{\"@type\":\"Organization\",\"@id\":\"https:\\\/\\\/nabocadopovorn.com.br\\\/#organization\",\"name\":\"Na Boca do Povo RN\",\"url\":\"https:\\\/\\\/nabocadopovorn.com.br\\\/\",\"logo\":{\"@type\":\"ImageObject\",\"inLanguage\":\"pt-BR\",\"@id\":\"https:\\\/\\\/nabocadopovorn.com.br\\\/#\\\/schema\\\/logo\\\/image\\\/\",\"url\":\"https:\\\/\\\/nabocadopovorn.com.br\\\/wp-content\\\/uploads\\\/2026\\\/05\\\/cropped-logo-nova-reduzida.png\",\"contentUrl\":\"https:\\\/\\\/nabocadopovorn.com.br\\\/wp-content\\\/uploads\\\/2026\\\/05\\\/cropped-logo-nova-reduzida.png\",\"width\":1024,\"height\":155,\"caption\":\"Na Boca do Povo RN\"},\"image\":{\"@id\":\"https:\\\/\\\/nabocadopovorn.com.br\\\/#\\\/schema\\\/logo\\\/image\\\/\"}},{\"@type\":\"Person\",\"@id\":\"https:\\\/\\\/nabocadopovorn.com.br\\\/#\\\/schema\\\/person\\\/4784d91e6eb0ee789392e2506451ee44\",\"name\":\"Na Boca do Povo RN\",\"image\":{\"@type\":\"ImageObject\",\"inLanguage\":\"pt-BR\",\"@id\":\"https:\\\/\\\/secure.gravatar.com\\\/avatar\\\/568abe1cbc790e8c79eadb7595ddaf9dccc533c248b489d4b018b6c00965b6ea?s=96&d=mm&r=g\",\"url\":\"https:\\\/\\\/secure.gravatar.com\\\/avatar\\\/568abe1cbc790e8c79eadb7595ddaf9dccc533c248b489d4b018b6c00965b6ea?s=96&d=mm&r=g\",\"contentUrl\":\"https:\\\/\\\/secure.gravatar.com\\\/avatar\\\/568abe1cbc790e8c79eadb7595ddaf9dccc533c248b489d4b018b6c00965b6ea?s=96&d=mm&r=g\",\"caption\":\"Na Boca do Povo RN\"},\"sameAs\":[\"http:\\\/\\\/nabocadopovorn.com.br\"],\"url\":\"https:\\\/\\\/nabocadopovorn.com.br\\\/index.php\\\/author\\\/nabocadopovorn23gmail-com\\\/\"}]}<\/script>\n<!-- \/ Yoast SEO plugin. -->","yoast_head_json":{"title":"A PRF inicia a Opera\u00e7\u00e3o Independ\u00eancia 2026, com fiscaliza\u00e7\u00e3o refor\u00e7ada - Na Boca do Povo RN","robots":{"index":"index","follow":"follow","max-snippet":"max-snippet:-1","max-image-preview":"max-image-preview:large","max-video-preview":"max-video-preview:-1"},"canonical":"https:\/\/nabocadopovorn.com.br\/index.php\/2026\/09\/03\/a-prf-inicia-a-operacao-independencia-2026-com-fiscalizacao-reforcada\/","og_locale":"pt_BR","og_type":"article","og_title":"A PRF inicia a Opera\u00e7\u00e3o Independ\u00eancia 2026, com fiscaliza\u00e7\u00e3o refor\u00e7ada - Na Boca do Povo RN","og_description":"A Pol\u00edcia Rodovi\u00e1ria Federal (PRF) inicia, nesta sexta-feira (4), a Opera\u00e7\u00e3o Independ\u00eancia 2026 no Rio Grande do Norte.","og_url":"https:\/\/nabocadopovorn.com.br\/index.php\/2026\/09\/03\/a-prf-inicia-a-operacao-independencia-2026-com-fiscalizacao-reforcada\/","og_site_name":"Na Boca do Povo RN","article_published_time":"2026-09-04T00:20:21+00:00","article_modified_time":"2026-09-04T00:20:26+00:00","og_image":[{"width":640,"height":359,"url":"https:\/\/nabocadopovorn.com.br\/wp-content\/uploads\/2026\/09\/WhatsApp-Image-2026-09-03-at-21.18.41-1.jpeg","type":"image\/jpeg"}],"author":"Na Boca do Povo RN","twitter_card":"summary_large_image","twitter_misc":{"Escrito por":"Na Boca do Povo RN","Est. tempo de leitura":"2 minutos"},"schema":{"@context":"https:\/\/schema.org","@graph":[{"@type":"Article","@id":"https:\/\/nabocadopovorn.com.br\/index.php\/2026\/09\/03\/a-prf-inicia-a-operacao-independencia-2026-com-fiscalizacao-reforcada\/#article","isPartOf":{"@id":"https:\/\/nabocadopovorn.com.br\/index.php\/2026\/09\/03\/a-prf-inicia-a-operacao-independencia-2026-com-fiscalizacao-reforcada\/"},"author":{"name":"Na Boca do Povo RN","@id":"https:\/\/nabocadopovorn.com.br\/#\/schema\/person\/4784d91e6eb0ee789392e2506451ee44"},"headline":"A PRF inicia a Opera\u00e7\u00e3o Independ\u00eancia 2026, com fiscaliza\u00e7\u00e3o refor\u00e7ada","datePublished":"2026-09-04T00:20:21+00:00","dateModified":"2026-09-04T00:20:26+00:00","mainEntityOfPage":{"@id":"https:\/\/nabocadopovorn.com.br\/index.php\/2026\/09\/03\/a-prf-inicia-a-operacao-independencia-2026-com-fiscalizacao-reforcada\/"},"wordCount":316,"publisher":{"@id":"https:\/\/nabocadopovorn.com.br\/#organization"},"image":{"@id":"https:\/\/nabocadopovorn.com.br\/index.php\/2026\/09\/03\/a-prf-inicia-a-operacao-independencia-2026-com-fiscalizacao-reforcada\/#primaryimage"},"thumbnailUrl":"https:\/\/nabocadopovorn.com.br\/wp-content\/uploads\/2026\/09\/WhatsApp-Image-2026-09-03-at-21.18.41-1.jpeg","articleSection":["Transito"],"inLanguage":"pt-BR"},{"@type":"WebPage","@id":"https:\/\/nabocadopovorn.com.br\/index.php\/2026\/09\/03\/a-prf-inicia-a-operacao-independencia-2026-com-fiscalizacao-reforcada\/","url":"https:\/\/nabocadopovorn.com.br\/index.php\/2026\/09\/03\/a-prf-inicia-a-operacao-independencia-2026-com-fiscalizacao-reforcada\/","name":"A PRF inicia a Opera\u00e7\u00e3o Independ\u00eancia 2026, com fiscaliza\u00e7\u00e3o refor\u00e7ada - Na Boca do Povo RN","isPartOf":{"@id":"https:\/\/nabocadopovorn.com.br\/#website"},"primaryImageOfPage":{"@id":"https:\/\/nabocadopovorn.com.br\/index.php\/2026\/09\/03\/a-prf-inicia-a-operacao-independencia-2026-com-fiscalizacao-reforcada\/#primaryimage"},"image":{"@id":"https:\/\/nabocadopovorn.com.br\/index.php\/2026\/09\/03\/a-prf-inicia-a-operacao-independencia-2026-com-fiscalizacao-reforcada\/#primaryimage"},"thumbnailUrl":"https:\/\/nabocadopovorn.com.br\/wp-content\/uploads\/2026\/09\/WhatsApp-Image-2026-09-03-at-21.18.41-1.jpeg","datePublished":"2026-09-04T00:20:21+00:00","dateModified":"2026-09-04T00:20:26+00:00","breadcrumb":{"@id":"https:\/\/nabocadopovorn.com.br\/index.php\/2026\/09\/03\/a-prf-inicia-a-operacao-independencia-2026-com-fiscalizacao-reforcada\/#breadcrumb"},"inLanguage":"pt-BR","potentialAction":[{"@type":"ReadAction","target":["https:\/\/nabocadopovorn.com.br\/index.php\/2026\/09\/03\/a-prf-inicia-a-operacao-independencia-2026-com-fiscalizacao-reforcada\/"]}]},{"@type":"ImageObject","inLanguage":"pt-BR","@id":"https:\/\/nabocadopovorn.com.br\/index.php\/2026\/09\/03\/a-prf-inicia-a-operacao-independencia-2026-com-fiscalizacao-reforcada\/#primaryimage","url":"https:\/\/nabocadopovorn.com.br\/wp-content\/uploads\/2026\/09\/WhatsApp-Image-2026-09-03-at-21.18.41-1.jpeg","contentUrl":"https:\/\/nabocadopovorn.com.br\/wp-content\/uploads\/2026\/09\/WhatsApp-Image-2026-09-03-at-21.18.41-1.jpeg","width":640,"height":359},{"@type":"BreadcrumbList","@id":"https:\/\/nabocadopovorn.com.br\/index.php\/2026\/09\/03\/a-prf-inicia-a-operacao-independencia-2026-com-fiscalizacao-reforcada\/#breadcrumb","itemListElement":[{"@type":"ListItem","position":1,"name":"Home","item":"https:\/\/nabocadopovorn.com.br\/"},{"@type":"ListItem","position":2,"name":"A PRF inicia a Opera\u00e7\u00e3o Independ\u00eancia 2026, com fiscaliza\u00e7\u00e3o refor\u00e7ada"}]},{"@type":"WebSite","@id":"https:\/\/nabocadopovorn.com.br\/#website","url":"https:\/\/nabocadopovorn.com.br\/","name":"Na Boca do Povo RN","description":"Informa\u00e7\u00e3o Total","publisher":{"@id":"https:\/\/nabocadopovorn.com.br\/#organization"},"potentialAction":[{"@type":"SearchAction","target":{"@type":"EntryPoint","urlTemplate":"https:\/\/nabocadopovorn.com.br\/?s={search_term_string}"},"query-input":{"@type":"PropertyValueSpecification","valueRequired":true,"valueName":"search_term_string"}}],"inLanguage":"pt-BR"},{"@type":"Organization","@id":"https:\/\/nabocadopovorn.com.br\/#organization","name":"Na Boca do Povo RN","url":"https:\/\/nabocadopovorn.com.br\/","logo":{"@type":"ImageObject","inLanguage":"pt-BR","@id":"https:\/\/nabocadopovorn.com.br\/#\/schema\/logo\/image\/","url":"https:\/\/nabocadopovorn.com.br\/wp-content\/uploads\/2026\/05\/cropped-logo-nova-reduzida.png","contentUrl":"https:\/\/nabocadopovorn.com.br\/wp-content\/uploads\/2026\/05\/cropped-logo-nova-reduzida.png","width":1024,"height":155,"caption":"Na Boca do Povo RN"},"image":{"@id":"https:\/\/nabocadopovorn.com.br\/#\/schema\/logo\/image\/"}},{"@type":"Person","@id":"https:\/\/nabocadopovorn.com.br\/#\/schema\/person\/4784d91e6eb0ee789392e2506451ee44","name":"Na Boca do Povo RN","image":{"@type":"ImageObject","inLanguage":"pt-BR","@id":"https:\/\/secure.gravatar.com\/avatar\/568abe1cbc790e8c79eadb7595ddaf9dccc533c248b489d4b018b6c00965b6ea?s=96&d=mm&r=g","url":"https:\/\/secure.gravatar.com\/avatar\/568abe1cbc790e8c79eadb7595ddaf9dccc533c248b489d4b018b6c00965b6ea?s=96&d=mm&r=g","contentUrl":"https:\/\/secure.gravatar.com\/avatar\/568abe1cbc790e8c79eadb7595ddaf9dccc533c248b489d4b018b6c00965b6ea?s=96&d=mm&r=g","caption":"Na Boca do Povo RN"},"sameAs":["http:\/\/nabocadopovorn.com.br"],"url":"https:\/\/nabocadopovorn.com.br\/index.php\/author\/nabocadopovorn23gmail-com\/"}]}},"_links":{"self":[{"href":"https:\/\/nabocadopovorn.com.br\/index.php\/wp-json\/wp\/v2\/posts\/9757","targetHints":{"allow":["GET"]}}],"collection":[{"href":"https:\/\/nabocadopovorn.com.br\/index.php\/wp-json\/wp\/v2\/posts"}],"about":[{"href":"https:\/\/nabocadopovorn.com.br\/index.php\/wp-json\/wp\/v2\/types\/post"}],"author":[{"embeddable":true,"href":"https:\/\/nabocadopovorn.com.br\/index.php\/wp-json\/wp\/v2\/users\/1"}],"replies":[{"embeddable":true,"href":"https:\/\/nabocadopovorn.com.br\/index.php\/wp-json\/wp\/v2\/comments?post=9757"}],"version-history":[{"count":1,"href":"https:\/\/nabocadopovorn.com.br\/index.php\/wp-json\/wp\/v2\/posts\/9757\/revisions"}],"predecessor-version":[{"id":9759,"href":"https:\/\/nabocadopovorn.com.br\/index.php\/wp-json\/wp\/v2\/posts\/9757\/revisions\/9759"}],"wp:featuredmedia":[{"embeddable":true,"href":"https:\/\/nabocadopovorn.com.br\/index.php\/wp-json\/wp\/v2\/media\/9758"}],"wp:attachment":[{"href":"https:\/\/nabocadopovorn.com.br\/index.php\/wp-json\/wp\/v2\/media?parent=9757"}],"wp:term":[{"taxonomy":"category","embeddable":true,"href":"https:\/\/nabocadopovorn.com.br\/index.php\/wp-json\/wp\/v2\/categories?post=9757"},{"taxonomy":"post_tag","embeddable":true,"href":"https:\/\/nabocadopovorn.com.br\/index.php\/wp-json\/wp\/v2\/tags?post=9757"}],"curies":[{"name":"wp","href":"https:\/\/api.w.org\/{rel}","templated":true}]}}