{"id":9753,"date":"2026-09-03T21:14:55","date_gmt":"2026-09-04T00:14:55","guid":{"rendered":"https:\/\/nabocadopovorn.com.br\/?p=9753"},"modified":"2026-09-03T21:15:00","modified_gmt":"2026-09-04T00:15:00","slug":"rn-registra-mais-de-5-mil-pedidos-de-medidas-protetivas-em-2026","status":"publish","type":"post","link":"https:\/\/nabocadopovorn.com.br\/index.php\/2026\/09\/03\/rn-registra-mais-de-5-mil-pedidos-de-medidas-protetivas-em-2026\/","title":{"rendered":"RN registra mais de 5 mil pedidos de medidas protetivas em 2026"},"content":{"rendered":"\n<p class=\"wp-block-paragraph\">O Rio Grande do Norte registrou 5.089 solicita\u00e7\u00f5es de medidas protetivas de urg\u00eancia entre janeiro e agosto de 2026, segundo dados da Pol\u00edcia Civil.<\/p>\n\n\n\n<p class=\"wp-block-paragraph\">O n\u00famero refor\u00e7a o cen\u00e1rio de viol\u00eancia contra a mulher no estado e volta ao debate ap\u00f3s o caso de uma t\u00e9cnica de enfermagem agredida pelo marido em Parnamirim, na Grande Natal.<\/p>\n\n\n\n<p class=\"wp-block-paragraph\">A v\u00edtima, Ingrid Katerine, de 30 anos, denunciou ter sido agredida e sufocada durante uma discuss\u00e3o na manh\u00e3 desta quarta-feira (2). O suspeito foi preso em flagrante e permanece \u00e0 disposi\u00e7\u00e3o da Justi\u00e7a.<\/p>\n\n\n\n<p class=\"wp-block-paragraph\">De acordo com o relato, os dois est\u00e3o juntos h\u00e1 nove anos, mas vivem em casas separadas. A discuss\u00e3o teria come\u00e7ado quando Ingrid foi buscar um dos carros da fam\u00edlia. Ela pediu que a filha do casal pegasse as chaves, mas o homem teria tomado o objeto das m\u00e3os da crian\u00e7a e sa\u00eddo com o ve\u00edculo.<\/p>\n\n\n\n<p class=\"wp-block-paragraph\">Ainda segundo a v\u00edtima, essa n\u00e3o foi a primeira situa\u00e7\u00e3o de viol\u00eancia no relacionamento. Ela afirmou que agress\u00f5es verbais, psicol\u00f3gicas e f\u00edsicas, como empurr\u00f5es, j\u00e1 faziam parte da rotina do casal.<\/p>\n\n\n\n<p class=\"wp-block-paragraph\"><\/p>\n","protected":false},"excerpt":{"rendered":"<p>O Rio Grande do Norte registrou 5.089 solicita\u00e7\u00f5es de medidas protetivas de urg\u00eancia entre janeiro e agosto de<\/p>\n","protected":false},"author":1,"featured_media":9755,"comment_status":"closed","ping_status":"open","sticky":false,"template":"","format":"standard","meta":{"footnotes":""},"categories":[24],"tags":[],"class_list":["post-9753","post","type-post","status-publish","format-standard","has-post-thumbnail","hentry","category-seguranca"],"yoast_head":"<!-- This site is optimized with the Yoast SEO plugin v28.4 - https:\/\/yoast.com\/product\/yoast-seo-wordpress\/ -->\n<title>RN registra mais de 5 mil pedidos de medidas protetivas em 2026 - Na Boca do Povo RN<\/title>\n<meta name=\"robots\" content=\"index, follow, max-snippet:-1, max-image-preview:large, max-video-preview:-1\" \/>\n<link rel=\"canonical\" href=\"https:\/\/nabocadopovorn.com.br\/index.php\/2026\/09\/03\/rn-registra-mais-de-5-mil-pedidos-de-medidas-protetivas-em-2026\/\" \/>\n<meta property=\"og:locale\" content=\"pt_BR\" \/>\n<meta property=\"og:type\" content=\"article\" \/>\n<meta property=\"og:title\" content=\"RN registra mais de 5 mil pedidos de medidas protetivas em 2026 - Na Boca do Povo RN\" \/>\n<meta property=\"og:description\" content=\"O Rio Grande do Norte registrou 5.089 solicita\u00e7\u00f5es de medidas protetivas de urg\u00eancia entre janeiro e agosto de\" \/>\n<meta property=\"og:url\" content=\"https:\/\/nabocadopovorn.com.br\/index.php\/2026\/09\/03\/rn-registra-mais-de-5-mil-pedidos-de-medidas-protetivas-em-2026\/\" \/>\n<meta property=\"og:site_name\" content=\"Na Boca do Povo RN\" \/>\n<meta property=\"article:published_time\" content=\"2026-09-04T00:14:55+00:00\" \/>\n<meta property=\"article:modified_time\" content=\"2026-09-04T00:15:00+00:00\" \/>\n<meta property=\"og:image\" content=\"https:\/\/nabocadopovorn.com.br\/wp-content\/uploads\/2026\/09\/marai-da-penha.jpeg\" \/>\n\t<meta property=\"og:image:width\" content=\"269\" \/>\n\t<meta property=\"og:image:height\" content=\"180\" \/>\n\t<meta property=\"og:image:type\" content=\"image\/jpeg\" \/>\n<meta name=\"author\" content=\"Na Boca do Povo RN\" \/>\n<meta name=\"twitter:card\" content=\"summary_large_image\" \/>\n<meta name=\"twitter:label1\" content=\"Escrito por\" \/>\n\t<meta name=\"twitter:data1\" content=\"Na Boca do Povo RN\" \/>\n\t<meta name=\"twitter:label2\" content=\"Est. tempo de leitura\" \/>\n\t<meta name=\"twitter:data2\" content=\"2 minutos\" \/>\n<script type=\"application\/ld+json\" class=\"yoast-schema-graph\">{\"@context\":\"https:\\\/\\\/schema.org\",\"@graph\":[{\"@type\":\"Article\",\"@id\":\"https:\\\/\\\/nabocadopovorn.com.br\\\/index.php\\\/2026\\\/09\\\/03\\\/rn-registra-mais-de-5-mil-pedidos-de-medidas-protetivas-em-2026\\\/#article\",\"isPartOf\":{\"@id\":\"https:\\\/\\\/nabocadopovorn.com.br\\\/index.php\\\/2026\\\/09\\\/03\\\/rn-registra-mais-de-5-mil-pedidos-de-medidas-protetivas-em-2026\\\/\"},\"author\":{\"name\":\"Na Boca do Povo RN\",\"@id\":\"https:\\\/\\\/nabocadopovorn.com.br\\\/#\\\/schema\\\/person\\\/4784d91e6eb0ee789392e2506451ee44\"},\"headline\":\"RN registra mais de 5 mil pedidos de medidas protetivas em 2026\",\"datePublished\":\"2026-09-04T00:14:55+00:00\",\"dateModified\":\"2026-09-04T00:15:00+00:00\",\"mainEntityOfPage\":{\"@id\":\"https:\\\/\\\/nabocadopovorn.com.br\\\/index.php\\\/2026\\\/09\\\/03\\\/rn-registra-mais-de-5-mil-pedidos-de-medidas-protetivas-em-2026\\\/\"},\"wordCount\":210,\"publisher\":{\"@id\":\"https:\\\/\\\/nabocadopovorn.com.br\\\/#organization\"},\"image\":{\"@id\":\"https:\\\/\\\/nabocadopovorn.com.br\\\/index.php\\\/2026\\\/09\\\/03\\\/rn-registra-mais-de-5-mil-pedidos-de-medidas-protetivas-em-2026\\\/#primaryimage\"},\"thumbnailUrl\":\"https:\\\/\\\/nabocadopovorn.com.br\\\/wp-content\\\/uploads\\\/2026\\\/09\\\/marai-da-penha.jpeg\",\"articleSection\":[\"Seguran\u00e7a\"],\"inLanguage\":\"pt-BR\"},{\"@type\":\"WebPage\",\"@id\":\"https:\\\/\\\/nabocadopovorn.com.br\\\/index.php\\\/2026\\\/09\\\/03\\\/rn-registra-mais-de-5-mil-pedidos-de-medidas-protetivas-em-2026\\\/\",\"url\":\"https:\\\/\\\/nabocadopovorn.com.br\\\/index.php\\\/2026\\\/09\\\/03\\\/rn-registra-mais-de-5-mil-pedidos-de-medidas-protetivas-em-2026\\\/\",\"name\":\"RN registra mais de 5 mil pedidos de medidas protetivas em 2026 - Na Boca do Povo RN\",\"isPartOf\":{\"@id\":\"https:\\\/\\\/nabocadopovorn.com.br\\\/#website\"},\"primaryImageOfPage\":{\"@id\":\"https:\\\/\\\/nabocadopovorn.com.br\\\/index.php\\\/2026\\\/09\\\/03\\\/rn-registra-mais-de-5-mil-pedidos-de-medidas-protetivas-em-2026\\\/#primaryimage\"},\"image\":{\"@id\":\"https:\\\/\\\/nabocadopovorn.com.br\\\/index.php\\\/2026\\\/09\\\/03\\\/rn-registra-mais-de-5-mil-pedidos-de-medidas-protetivas-em-2026\\\/#primaryimage\"},\"thumbnailUrl\":\"https:\\\/\\\/nabocadopovorn.com.br\\\/wp-content\\\/uploads\\\/2026\\\/09\\\/marai-da-penha.jpeg\",\"datePublished\":\"2026-09-04T00:14:55+00:00\",\"dateModified\":\"2026-09-04T00:15:00+00:00\",\"breadcrumb\":{\"@id\":\"https:\\\/\\\/nabocadopovorn.com.br\\\/index.php\\\/2026\\\/09\\\/03\\\/rn-registra-mais-de-5-mil-pedidos-de-medidas-protetivas-em-2026\\\/#breadcrumb\"},\"inLanguage\":\"pt-BR\",\"potentialAction\":[{\"@type\":\"ReadAction\",\"target\":[\"https:\\\/\\\/nabocadopovorn.com.br\\\/index.php\\\/2026\\\/09\\\/03\\\/rn-registra-mais-de-5-mil-pedidos-de-medidas-protetivas-em-2026\\\/\"]}]},{\"@type\":\"ImageObject\",\"inLanguage\":\"pt-BR\",\"@id\":\"https:\\\/\\\/nabocadopovorn.com.br\\\/index.php\\\/2026\\\/09\\\/03\\\/rn-registra-mais-de-5-mil-pedidos-de-medidas-protetivas-em-2026\\\/#primaryimage\",\"url\":\"https:\\\/\\\/nabocadopovorn.com.br\\\/wp-content\\\/uploads\\\/2026\\\/09\\\/marai-da-penha.jpeg\",\"contentUrl\":\"https:\\\/\\\/nabocadopovorn.com.br\\\/wp-content\\\/uploads\\\/2026\\\/09\\\/marai-da-penha.jpeg\",\"width\":269,\"height\":180},{\"@type\":\"BreadcrumbList\",\"@id\":\"https:\\\/\\\/nabocadopovorn.com.br\\\/index.php\\\/2026\\\/09\\\/03\\\/rn-registra-mais-de-5-mil-pedidos-de-medidas-protetivas-em-2026\\\/#breadcrumb\",\"itemListElement\":[{\"@type\":\"ListItem\",\"position\":1,\"name\":\"Home\",\"item\":\"https:\\\/\\\/nabocadopovorn.com.br\\\/\"},{\"@type\":\"ListItem\",\"position\":2,\"name\":\"RN registra mais de 5 mil pedidos de medidas protetivas em 2026\"}]},{\"@type\":\"WebSite\",\"@id\":\"https:\\\/\\\/nabocadopovorn.com.br\\\/#website\",\"url\":\"https:\\\/\\\/nabocadopovorn.com.br\\\/\",\"name\":\"Na Boca do Povo RN\",\"description\":\"Informa\u00e7\u00e3o Total\",\"publisher\":{\"@id\":\"https:\\\/\\\/nabocadopovorn.com.br\\\/#organization\"},\"potentialAction\":[{\"@type\":\"SearchAction\",\"target\":{\"@type\":\"EntryPoint\",\"urlTemplate\":\"https:\\\/\\\/nabocadopovorn.com.br\\\/?s={search_term_string}\"},\"query-input\":{\"@type\":\"PropertyValueSpecification\",\"valueRequired\":true,\"valueName\":\"search_term_string\"}}],\"inLanguage\":\"pt-BR\"},{\"@type\":\"Organization\",\"@id\":\"https:\\\/\\\/nabocadopovorn.com.br\\\/#organization\",\"name\":\"Na Boca do Povo RN\",\"url\":\"https:\\\/\\\/nabocadopovorn.com.br\\\/\",\"logo\":{\"@type\":\"ImageObject\",\"inLanguage\":\"pt-BR\",\"@id\":\"https:\\\/\\\/nabocadopovorn.com.br\\\/#\\\/schema\\\/logo\\\/image\\\/\",\"url\":\"https:\\\/\\\/nabocadopovorn.com.br\\\/wp-content\\\/uploads\\\/2026\\\/05\\\/cropped-logo-nova-reduzida.png\",\"contentUrl\":\"https:\\\/\\\/nabocadopovorn.com.br\\\/wp-content\\\/uploads\\\/2026\\\/05\\\/cropped-logo-nova-reduzida.png\",\"width\":1024,\"height\":155,\"caption\":\"Na Boca do Povo RN\"},\"image\":{\"@id\":\"https:\\\/\\\/nabocadopovorn.com.br\\\/#\\\/schema\\\/logo\\\/image\\\/\"}},{\"@type\":\"Person\",\"@id\":\"https:\\\/\\\/nabocadopovorn.com.br\\\/#\\\/schema\\\/person\\\/4784d91e6eb0ee789392e2506451ee44\",\"name\":\"Na Boca do Povo RN\",\"image\":{\"@type\":\"ImageObject\",\"inLanguage\":\"pt-BR\",\"@id\":\"https:\\\/\\\/secure.gravatar.com\\\/avatar\\\/568abe1cbc790e8c79eadb7595ddaf9dccc533c248b489d4b018b6c00965b6ea?s=96&d=mm&r=g\",\"url\":\"https:\\\/\\\/secure.gravatar.com\\\/avatar\\\/568abe1cbc790e8c79eadb7595ddaf9dccc533c248b489d4b018b6c00965b6ea?s=96&d=mm&r=g\",\"contentUrl\":\"https:\\\/\\\/secure.gravatar.com\\\/avatar\\\/568abe1cbc790e8c79eadb7595ddaf9dccc533c248b489d4b018b6c00965b6ea?s=96&d=mm&r=g\",\"caption\":\"Na Boca do Povo RN\"},\"sameAs\":[\"http:\\\/\\\/nabocadopovorn.com.br\"],\"url\":\"https:\\\/\\\/nabocadopovorn.com.br\\\/index.php\\\/author\\\/nabocadopovorn23gmail-com\\\/\"}]}<\/script>\n<!-- \/ Yoast SEO plugin. -->","yoast_head_json":{"title":"RN registra mais de 5 mil pedidos de medidas protetivas em 2026 - Na Boca do Povo RN","robots":{"index":"index","follow":"follow","max-snippet":"max-snippet:-1","max-image-preview":"max-image-preview:large","max-video-preview":"max-video-preview:-1"},"canonical":"https:\/\/nabocadopovorn.com.br\/index.php\/2026\/09\/03\/rn-registra-mais-de-5-mil-pedidos-de-medidas-protetivas-em-2026\/","og_locale":"pt_BR","og_type":"article","og_title":"RN registra mais de 5 mil pedidos de medidas protetivas em 2026 - Na Boca do Povo RN","og_description":"O Rio Grande do Norte registrou 5.089 solicita\u00e7\u00f5es de medidas protetivas de urg\u00eancia entre janeiro e agosto de","og_url":"https:\/\/nabocadopovorn.com.br\/index.php\/2026\/09\/03\/rn-registra-mais-de-5-mil-pedidos-de-medidas-protetivas-em-2026\/","og_site_name":"Na Boca do Povo RN","article_published_time":"2026-09-04T00:14:55+00:00","article_modified_time":"2026-09-04T00:15:00+00:00","og_image":[{"width":269,"height":180,"url":"https:\/\/nabocadopovorn.com.br\/wp-content\/uploads\/2026\/09\/marai-da-penha.jpeg","type":"image\/jpeg"}],"author":"Na Boca do Povo RN","twitter_card":"summary_large_image","twitter_misc":{"Escrito por":"Na Boca do Povo RN","Est. tempo de leitura":"2 minutos"},"schema":{"@context":"https:\/\/schema.org","@graph":[{"@type":"Article","@id":"https:\/\/nabocadopovorn.com.br\/index.php\/2026\/09\/03\/rn-registra-mais-de-5-mil-pedidos-de-medidas-protetivas-em-2026\/#article","isPartOf":{"@id":"https:\/\/nabocadopovorn.com.br\/index.php\/2026\/09\/03\/rn-registra-mais-de-5-mil-pedidos-de-medidas-protetivas-em-2026\/"},"author":{"name":"Na Boca do Povo RN","@id":"https:\/\/nabocadopovorn.com.br\/#\/schema\/person\/4784d91e6eb0ee789392e2506451ee44"},"headline":"RN registra mais de 5 mil pedidos de medidas protetivas em 2026","datePublished":"2026-09-04T00:14:55+00:00","dateModified":"2026-09-04T00:15:00+00:00","mainEntityOfPage":{"@id":"https:\/\/nabocadopovorn.com.br\/index.php\/2026\/09\/03\/rn-registra-mais-de-5-mil-pedidos-de-medidas-protetivas-em-2026\/"},"wordCount":210,"publisher":{"@id":"https:\/\/nabocadopovorn.com.br\/#organization"},"image":{"@id":"https:\/\/nabocadopovorn.com.br\/index.php\/2026\/09\/03\/rn-registra-mais-de-5-mil-pedidos-de-medidas-protetivas-em-2026\/#primaryimage"},"thumbnailUrl":"https:\/\/nabocadopovorn.com.br\/wp-content\/uploads\/2026\/09\/marai-da-penha.jpeg","articleSection":["Seguran\u00e7a"],"inLanguage":"pt-BR"},{"@type":"WebPage","@id":"https:\/\/nabocadopovorn.com.br\/index.php\/2026\/09\/03\/rn-registra-mais-de-5-mil-pedidos-de-medidas-protetivas-em-2026\/","url":"https:\/\/nabocadopovorn.com.br\/index.php\/2026\/09\/03\/rn-registra-mais-de-5-mil-pedidos-de-medidas-protetivas-em-2026\/","name":"RN registra mais de 5 mil pedidos de medidas protetivas em 2026 - Na Boca do Povo RN","isPartOf":{"@id":"https:\/\/nabocadopovorn.com.br\/#website"},"primaryImageOfPage":{"@id":"https:\/\/nabocadopovorn.com.br\/index.php\/2026\/09\/03\/rn-registra-mais-de-5-mil-pedidos-de-medidas-protetivas-em-2026\/#primaryimage"},"image":{"@id":"https:\/\/nabocadopovorn.com.br\/index.php\/2026\/09\/03\/rn-registra-mais-de-5-mil-pedidos-de-medidas-protetivas-em-2026\/#primaryimage"},"thumbnailUrl":"https:\/\/nabocadopovorn.com.br\/wp-content\/uploads\/2026\/09\/marai-da-penha.jpeg","datePublished":"2026-09-04T00:14:55+00:00","dateModified":"2026-09-04T00:15:00+00:00","breadcrumb":{"@id":"https:\/\/nabocadopovorn.com.br\/index.php\/2026\/09\/03\/rn-registra-mais-de-5-mil-pedidos-de-medidas-protetivas-em-2026\/#breadcrumb"},"inLanguage":"pt-BR","potentialAction":[{"@type":"ReadAction","target":["https:\/\/nabocadopovorn.com.br\/index.php\/2026\/09\/03\/rn-registra-mais-de-5-mil-pedidos-de-medidas-protetivas-em-2026\/"]}]},{"@type":"ImageObject","inLanguage":"pt-BR","@id":"https:\/\/nabocadopovorn.com.br\/index.php\/2026\/09\/03\/rn-registra-mais-de-5-mil-pedidos-de-medidas-protetivas-em-2026\/#primaryimage","url":"https:\/\/nabocadopovorn.com.br\/wp-content\/uploads\/2026\/09\/marai-da-penha.jpeg","contentUrl":"https:\/\/nabocadopovorn.com.br\/wp-content\/uploads\/2026\/09\/marai-da-penha.jpeg","width":269,"height":180},{"@type":"BreadcrumbList","@id":"https:\/\/nabocadopovorn.com.br\/index.php\/2026\/09\/03\/rn-registra-mais-de-5-mil-pedidos-de-medidas-protetivas-em-2026\/#breadcrumb","itemListElement":[{"@type":"ListItem","position":1,"name":"Home","item":"https:\/\/nabocadopovorn.com.br\/"},{"@type":"ListItem","position":2,"name":"RN registra mais de 5 mil pedidos de medidas protetivas em 2026"}]},{"@type":"WebSite","@id":"https:\/\/nabocadopovorn.com.br\/#website","url":"https:\/\/nabocadopovorn.com.br\/","name":"Na Boca do Povo RN","description":"Informa\u00e7\u00e3o Total","publisher":{"@id":"https:\/\/nabocadopovorn.com.br\/#organization"},"potentialAction":[{"@type":"SearchAction","target":{"@type":"EntryPoint","urlTemplate":"https:\/\/nabocadopovorn.com.br\/?s={search_term_string}"},"query-input":{"@type":"PropertyValueSpecification","valueRequired":true,"valueName":"search_term_string"}}],"inLanguage":"pt-BR"},{"@type":"Organization","@id":"https:\/\/nabocadopovorn.com.br\/#organization","name":"Na Boca do Povo RN","url":"https:\/\/nabocadopovorn.com.br\/","logo":{"@type":"ImageObject","inLanguage":"pt-BR","@id":"https:\/\/nabocadopovorn.com.br\/#\/schema\/logo\/image\/","url":"https:\/\/nabocadopovorn.com.br\/wp-content\/uploads\/2026\/05\/cropped-logo-nova-reduzida.png","contentUrl":"https:\/\/nabocadopovorn.com.br\/wp-content\/uploads\/2026\/05\/cropped-logo-nova-reduzida.png","width":1024,"height":155,"caption":"Na Boca do Povo RN"},"image":{"@id":"https:\/\/nabocadopovorn.com.br\/#\/schema\/logo\/image\/"}},{"@type":"Person","@id":"https:\/\/nabocadopovorn.com.br\/#\/schema\/person\/4784d91e6eb0ee789392e2506451ee44","name":"Na Boca do Povo RN","image":{"@type":"ImageObject","inLanguage":"pt-BR","@id":"https:\/\/secure.gravatar.com\/avatar\/568abe1cbc790e8c79eadb7595ddaf9dccc533c248b489d4b018b6c00965b6ea?s=96&d=mm&r=g","url":"https:\/\/secure.gravatar.com\/avatar\/568abe1cbc790e8c79eadb7595ddaf9dccc533c248b489d4b018b6c00965b6ea?s=96&d=mm&r=g","contentUrl":"https:\/\/secure.gravatar.com\/avatar\/568abe1cbc790e8c79eadb7595ddaf9dccc533c248b489d4b018b6c00965b6ea?s=96&d=mm&r=g","caption":"Na Boca do Povo RN"},"sameAs":["http:\/\/nabocadopovorn.com.br"],"url":"https:\/\/nabocadopovorn.com.br\/index.php\/author\/nabocadopovorn23gmail-com\/"}]}},"_links":{"self":[{"href":"https:\/\/nabocadopovorn.com.br\/index.php\/wp-json\/wp\/v2\/posts\/9753","targetHints":{"allow":["GET"]}}],"collection":[{"href":"https:\/\/nabocadopovorn.com.br\/index.php\/wp-json\/wp\/v2\/posts"}],"about":[{"href":"https:\/\/nabocadopovorn.com.br\/index.php\/wp-json\/wp\/v2\/types\/post"}],"author":[{"embeddable":true,"href":"https:\/\/nabocadopovorn.com.br\/index.php\/wp-json\/wp\/v2\/users\/1"}],"replies":[{"embeddable":true,"href":"https:\/\/nabocadopovorn.com.br\/index.php\/wp-json\/wp\/v2\/comments?post=9753"}],"version-history":[{"count":1,"href":"https:\/\/nabocadopovorn.com.br\/index.php\/wp-json\/wp\/v2\/posts\/9753\/revisions"}],"predecessor-version":[{"id":9756,"href":"https:\/\/nabocadopovorn.com.br\/index.php\/wp-json\/wp\/v2\/posts\/9753\/revisions\/9756"}],"wp:featuredmedia":[{"embeddable":true,"href":"https:\/\/nabocadopovorn.com.br\/index.php\/wp-json\/wp\/v2\/media\/9755"}],"wp:attachment":[{"href":"https:\/\/nabocadopovorn.com.br\/index.php\/wp-json\/wp\/v2\/media?parent=9753"}],"wp:term":[{"taxonomy":"category","embeddable":true,"href":"https:\/\/nabocadopovorn.com.br\/index.php\/wp-json\/wp\/v2\/categories?post=9753"},{"taxonomy":"post_tag","embeddable":true,"href":"https:\/\/nabocadopovorn.com.br\/index.php\/wp-json\/wp\/v2\/tags?post=9753"}],"curies":[{"name":"wp","href":"https:\/\/api.w.org\/{rel}","templated":true}]}}