{"id":9741,"date":"2026-09-02T10:50:24","date_gmt":"2026-09-02T13:50:24","guid":{"rendered":"https:\/\/nabocadopovorn.com.br\/?p=9741"},"modified":"2026-09-02T10:50:33","modified_gmt":"2026-09-02T13:50:33","slug":"reforma-do-ginasio-davi-florentino-tem-inicio-em-macaiba","status":"publish","type":"post","link":"https:\/\/nabocadopovorn.com.br\/index.php\/2026\/09\/02\/reforma-do-ginasio-davi-florentino-tem-inicio-em-macaiba\/","title":{"rendered":"Reforma do Gin\u00e1sio Davi Florentino tem in\u00edcio em Maca\u00edba"},"content":{"rendered":"\n<p class=\"wp-block-paragraph\">A obra de reforma total do Gin\u00e1sio Davi Florentino, no bairro S\u00e3o Jos\u00e9, est\u00e1 avan\u00e7ando em sua primeira etapa nesta primeira semana de setembro. A interven\u00e7\u00e3o promovida pela Prefeitura de Maca\u00edba tem como objetivo revitalizar a estrutura do equipamento esportivo e oferecer melhores condi\u00e7\u00f5es para a pr\u00e1tica de atividades esportivas, eventos e a\u00e7\u00f5es comunit\u00e1rias.<\/p>\n\n\n\n<p class=\"wp-block-paragraph\">Nesta etapa inicial, est\u00e3o sendo executados os servi\u00e7os preliminares da obra, incluindo limpeza, hidrojateamento, remo\u00e7\u00e3o de tramas, ter\u00e7as e telhas da cobertura, al\u00e9m de demoli\u00e7\u00f5es em geral. As a\u00e7\u00f5es est\u00e3o sendo acompanhadas e executadas conforme o planejamento t\u00e9cnico do setor de Engenharia da Secretaria de Infraestrutura. A evolu\u00e7\u00e3o de obra est\u00e1 estimada em 18,32% com cerca de duas semanas de servi\u00e7os.<\/p>\n\n\n\n<p class=\"wp-block-paragraph\">A reforma contempla servi\u00e7os de recupera\u00e7\u00e3o e moderniza\u00e7\u00e3o do gin\u00e1sio, que dever\u00e1 receber melhorias em sua estrutura e nos espa\u00e7os destinados aos atletas e ao p\u00fablico. A expectativa \u00e9 de que, ap\u00f3s a conclus\u00e3o dos trabalhos, o equipamento esteja mais adequado para receber competi\u00e7\u00f5es, treinamentos e outras atividades.<\/p>\n\n\n\n<p class=\"wp-block-paragraph\">A expectativa \u00e9 que a nova estrutura do gin\u00e1sio Davi Florentino contribua para fortalecer as atividades esportivas em Maca\u00edba, beneficiando atletas, equipes, estudantes e a comunidade da Vila S\u00e3o Jos\u00e9 e vizinhan\u00e7a, voltando a ser um importante ponto de encontro para o esporte e para a popula\u00e7\u00e3o macaibense.<\/p>\n\n\n\n<p class=\"wp-block-paragraph\"><strong>Fonte: Assecom-PMM<\/strong><\/p>\n\n\n\n<p class=\"wp-block-paragraph\"><\/p>\n","protected":false},"excerpt":{"rendered":"<p>A obra de reforma total do Gin\u00e1sio Davi Florentino, no bairro S\u00e3o Jos\u00e9, est\u00e1 avan\u00e7ando em sua primeira<\/p>\n","protected":false},"author":4,"featured_media":9742,"comment_status":"closed","ping_status":"open","sticky":false,"template":"","format":"standard","meta":{"footnotes":""},"categories":[19],"tags":[],"class_list":["post-9741","post","type-post","status-publish","format-standard","has-post-thumbnail","hentry","category-macaiba"],"yoast_head":"<!-- This site is optimized with the Yoast SEO plugin v28.4 - https:\/\/yoast.com\/product\/yoast-seo-wordpress\/ -->\n<title>Reforma do Gin\u00e1sio Davi Florentino tem in\u00edcio em Maca\u00edba - Na Boca do Povo RN<\/title>\n<meta name=\"robots\" content=\"index, follow, max-snippet:-1, max-image-preview:large, max-video-preview:-1\" \/>\n<link rel=\"canonical\" href=\"https:\/\/nabocadopovorn.com.br\/index.php\/2026\/09\/02\/reforma-do-ginasio-davi-florentino-tem-inicio-em-macaiba\/\" \/>\n<meta property=\"og:locale\" content=\"pt_BR\" \/>\n<meta property=\"og:type\" content=\"article\" \/>\n<meta property=\"og:title\" content=\"Reforma do Gin\u00e1sio Davi Florentino tem in\u00edcio em Maca\u00edba - Na Boca do Povo RN\" \/>\n<meta property=\"og:description\" content=\"A obra de reforma total do Gin\u00e1sio Davi Florentino, no bairro S\u00e3o Jos\u00e9, est\u00e1 avan\u00e7ando em sua primeira\" \/>\n<meta property=\"og:url\" content=\"https:\/\/nabocadopovorn.com.br\/index.php\/2026\/09\/02\/reforma-do-ginasio-davi-florentino-tem-inicio-em-macaiba\/\" \/>\n<meta property=\"og:site_name\" content=\"Na Boca do Povo RN\" \/>\n<meta property=\"article:published_time\" content=\"2026-09-02T13:50:24+00:00\" \/>\n<meta property=\"article:modified_time\" content=\"2026-09-02T13:50:33+00:00\" \/>\n<meta property=\"og:image\" content=\"https:\/\/nabocadopovorn.com.br\/wp-content\/uploads\/2026\/09\/ginasio.jpg\" \/>\n\t<meta property=\"og:image:width\" content=\"1920\" \/>\n\t<meta property=\"og:image:height\" content=\"1080\" \/>\n\t<meta property=\"og:image:type\" content=\"image\/jpeg\" \/>\n<meta name=\"author\" content=\"Caio Rodrigo\" \/>\n<meta name=\"twitter:card\" content=\"summary_large_image\" \/>\n<meta name=\"twitter:label1\" content=\"Escrito por\" \/>\n\t<meta name=\"twitter:data1\" content=\"Caio Rodrigo\" \/>\n\t<meta name=\"twitter:label2\" content=\"Est. tempo de leitura\" \/>\n\t<meta name=\"twitter:data2\" content=\"2 minutos\" \/>\n<script type=\"application\/ld+json\" class=\"yoast-schema-graph\">{\"@context\":\"https:\\\/\\\/schema.org\",\"@graph\":[{\"@type\":\"Article\",\"@id\":\"https:\\\/\\\/nabocadopovorn.com.br\\\/index.php\\\/2026\\\/09\\\/02\\\/reforma-do-ginasio-davi-florentino-tem-inicio-em-macaiba\\\/#article\",\"isPartOf\":{\"@id\":\"https:\\\/\\\/nabocadopovorn.com.br\\\/index.php\\\/2026\\\/09\\\/02\\\/reforma-do-ginasio-davi-florentino-tem-inicio-em-macaiba\\\/\"},\"author\":{\"name\":\"Caio Rodrigo\",\"@id\":\"https:\\\/\\\/nabocadopovorn.com.br\\\/#\\\/schema\\\/person\\\/4468ae2379df0d02bb183cb4b56757e7\"},\"headline\":\"Reforma do Gin\u00e1sio Davi Florentino tem in\u00edcio em Maca\u00edba\",\"datePublished\":\"2026-09-02T13:50:24+00:00\",\"dateModified\":\"2026-09-02T13:50:33+00:00\",\"mainEntityOfPage\":{\"@id\":\"https:\\\/\\\/nabocadopovorn.com.br\\\/index.php\\\/2026\\\/09\\\/02\\\/reforma-do-ginasio-davi-florentino-tem-inicio-em-macaiba\\\/\"},\"wordCount\":256,\"publisher\":{\"@id\":\"https:\\\/\\\/nabocadopovorn.com.br\\\/#organization\"},\"image\":{\"@id\":\"https:\\\/\\\/nabocadopovorn.com.br\\\/index.php\\\/2026\\\/09\\\/02\\\/reforma-do-ginasio-davi-florentino-tem-inicio-em-macaiba\\\/#primaryimage\"},\"thumbnailUrl\":\"https:\\\/\\\/nabocadopovorn.com.br\\\/wp-content\\\/uploads\\\/2026\\\/09\\\/ginasio.jpg\",\"articleSection\":[\"Maca\u00edba\"],\"inLanguage\":\"pt-BR\"},{\"@type\":\"WebPage\",\"@id\":\"https:\\\/\\\/nabocadopovorn.com.br\\\/index.php\\\/2026\\\/09\\\/02\\\/reforma-do-ginasio-davi-florentino-tem-inicio-em-macaiba\\\/\",\"url\":\"https:\\\/\\\/nabocadopovorn.com.br\\\/index.php\\\/2026\\\/09\\\/02\\\/reforma-do-ginasio-davi-florentino-tem-inicio-em-macaiba\\\/\",\"name\":\"Reforma do Gin\u00e1sio Davi Florentino tem in\u00edcio em Maca\u00edba - Na Boca do Povo RN\",\"isPartOf\":{\"@id\":\"https:\\\/\\\/nabocadopovorn.com.br\\\/#website\"},\"primaryImageOfPage\":{\"@id\":\"https:\\\/\\\/nabocadopovorn.com.br\\\/index.php\\\/2026\\\/09\\\/02\\\/reforma-do-ginasio-davi-florentino-tem-inicio-em-macaiba\\\/#primaryimage\"},\"image\":{\"@id\":\"https:\\\/\\\/nabocadopovorn.com.br\\\/index.php\\\/2026\\\/09\\\/02\\\/reforma-do-ginasio-davi-florentino-tem-inicio-em-macaiba\\\/#primaryimage\"},\"thumbnailUrl\":\"https:\\\/\\\/nabocadopovorn.com.br\\\/wp-content\\\/uploads\\\/2026\\\/09\\\/ginasio.jpg\",\"datePublished\":\"2026-09-02T13:50:24+00:00\",\"dateModified\":\"2026-09-02T13:50:33+00:00\",\"breadcrumb\":{\"@id\":\"https:\\\/\\\/nabocadopovorn.com.br\\\/index.php\\\/2026\\\/09\\\/02\\\/reforma-do-ginasio-davi-florentino-tem-inicio-em-macaiba\\\/#breadcrumb\"},\"inLanguage\":\"pt-BR\",\"potentialAction\":[{\"@type\":\"ReadAction\",\"target\":[\"https:\\\/\\\/nabocadopovorn.com.br\\\/index.php\\\/2026\\\/09\\\/02\\\/reforma-do-ginasio-davi-florentino-tem-inicio-em-macaiba\\\/\"]}]},{\"@type\":\"ImageObject\",\"inLanguage\":\"pt-BR\",\"@id\":\"https:\\\/\\\/nabocadopovorn.com.br\\\/index.php\\\/2026\\\/09\\\/02\\\/reforma-do-ginasio-davi-florentino-tem-inicio-em-macaiba\\\/#primaryimage\",\"url\":\"https:\\\/\\\/nabocadopovorn.com.br\\\/wp-content\\\/uploads\\\/2026\\\/09\\\/ginasio.jpg\",\"contentUrl\":\"https:\\\/\\\/nabocadopovorn.com.br\\\/wp-content\\\/uploads\\\/2026\\\/09\\\/ginasio.jpg\",\"width\":1920,\"height\":1080},{\"@type\":\"BreadcrumbList\",\"@id\":\"https:\\\/\\\/nabocadopovorn.com.br\\\/index.php\\\/2026\\\/09\\\/02\\\/reforma-do-ginasio-davi-florentino-tem-inicio-em-macaiba\\\/#breadcrumb\",\"itemListElement\":[{\"@type\":\"ListItem\",\"position\":1,\"name\":\"Home\",\"item\":\"https:\\\/\\\/nabocadopovorn.com.br\\\/\"},{\"@type\":\"ListItem\",\"position\":2,\"name\":\"Reforma do Gin\u00e1sio Davi Florentino tem in\u00edcio em Maca\u00edba\"}]},{\"@type\":\"WebSite\",\"@id\":\"https:\\\/\\\/nabocadopovorn.com.br\\\/#website\",\"url\":\"https:\\\/\\\/nabocadopovorn.com.br\\\/\",\"name\":\"Na Boca do Povo RN\",\"description\":\"Informa\u00e7\u00e3o Total\",\"publisher\":{\"@id\":\"https:\\\/\\\/nabocadopovorn.com.br\\\/#organization\"},\"potentialAction\":[{\"@type\":\"SearchAction\",\"target\":{\"@type\":\"EntryPoint\",\"urlTemplate\":\"https:\\\/\\\/nabocadopovorn.com.br\\\/?s={search_term_string}\"},\"query-input\":{\"@type\":\"PropertyValueSpecification\",\"valueRequired\":true,\"valueName\":\"search_term_string\"}}],\"inLanguage\":\"pt-BR\"},{\"@type\":\"Organization\",\"@id\":\"https:\\\/\\\/nabocadopovorn.com.br\\\/#organization\",\"name\":\"Na Boca do Povo RN\",\"url\":\"https:\\\/\\\/nabocadopovorn.com.br\\\/\",\"logo\":{\"@type\":\"ImageObject\",\"inLanguage\":\"pt-BR\",\"@id\":\"https:\\\/\\\/nabocadopovorn.com.br\\\/#\\\/schema\\\/logo\\\/image\\\/\",\"url\":\"https:\\\/\\\/nabocadopovorn.com.br\\\/wp-content\\\/uploads\\\/2026\\\/05\\\/cropped-logo-nova-reduzida.png\",\"contentUrl\":\"https:\\\/\\\/nabocadopovorn.com.br\\\/wp-content\\\/uploads\\\/2026\\\/05\\\/cropped-logo-nova-reduzida.png\",\"width\":1024,\"height\":155,\"caption\":\"Na Boca do Povo RN\"},\"image\":{\"@id\":\"https:\\\/\\\/nabocadopovorn.com.br\\\/#\\\/schema\\\/logo\\\/image\\\/\"}},{\"@type\":\"Person\",\"@id\":\"https:\\\/\\\/nabocadopovorn.com.br\\\/#\\\/schema\\\/person\\\/4468ae2379df0d02bb183cb4b56757e7\",\"name\":\"Caio Rodrigo\",\"image\":{\"@type\":\"ImageObject\",\"inLanguage\":\"pt-BR\",\"@id\":\"https:\\\/\\\/nabocadopovorn.com.br\\\/wp-content\\\/uploads\\\/2026\\\/08\\\/down-150x150.jpg\",\"url\":\"https:\\\/\\\/nabocadopovorn.com.br\\\/wp-content\\\/uploads\\\/2026\\\/08\\\/down-150x150.jpg\",\"contentUrl\":\"https:\\\/\\\/nabocadopovorn.com.br\\\/wp-content\\\/uploads\\\/2026\\\/08\\\/down-150x150.jpg\",\"caption\":\"Caio Rodrigo\"},\"url\":\"https:\\\/\\\/nabocadopovorn.com.br\\\/index.php\\\/author\\\/caiordrg4gmail-com\\\/\"}]}<\/script>\n<!-- \/ Yoast SEO plugin. -->","yoast_head_json":{"title":"Reforma do Gin\u00e1sio Davi Florentino tem in\u00edcio em Maca\u00edba - Na Boca do Povo RN","robots":{"index":"index","follow":"follow","max-snippet":"max-snippet:-1","max-image-preview":"max-image-preview:large","max-video-preview":"max-video-preview:-1"},"canonical":"https:\/\/nabocadopovorn.com.br\/index.php\/2026\/09\/02\/reforma-do-ginasio-davi-florentino-tem-inicio-em-macaiba\/","og_locale":"pt_BR","og_type":"article","og_title":"Reforma do Gin\u00e1sio Davi Florentino tem in\u00edcio em Maca\u00edba - Na Boca do Povo RN","og_description":"A obra de reforma total do Gin\u00e1sio Davi Florentino, no bairro S\u00e3o Jos\u00e9, est\u00e1 avan\u00e7ando em sua primeira","og_url":"https:\/\/nabocadopovorn.com.br\/index.php\/2026\/09\/02\/reforma-do-ginasio-davi-florentino-tem-inicio-em-macaiba\/","og_site_name":"Na Boca do Povo RN","article_published_time":"2026-09-02T13:50:24+00:00","article_modified_time":"2026-09-02T13:50:33+00:00","og_image":[{"width":1920,"height":1080,"url":"https:\/\/nabocadopovorn.com.br\/wp-content\/uploads\/2026\/09\/ginasio.jpg","type":"image\/jpeg"}],"author":"Caio Rodrigo","twitter_card":"summary_large_image","twitter_misc":{"Escrito por":"Caio Rodrigo","Est. tempo de leitura":"2 minutos"},"schema":{"@context":"https:\/\/schema.org","@graph":[{"@type":"Article","@id":"https:\/\/nabocadopovorn.com.br\/index.php\/2026\/09\/02\/reforma-do-ginasio-davi-florentino-tem-inicio-em-macaiba\/#article","isPartOf":{"@id":"https:\/\/nabocadopovorn.com.br\/index.php\/2026\/09\/02\/reforma-do-ginasio-davi-florentino-tem-inicio-em-macaiba\/"},"author":{"name":"Caio Rodrigo","@id":"https:\/\/nabocadopovorn.com.br\/#\/schema\/person\/4468ae2379df0d02bb183cb4b56757e7"},"headline":"Reforma do Gin\u00e1sio Davi Florentino tem in\u00edcio em Maca\u00edba","datePublished":"2026-09-02T13:50:24+00:00","dateModified":"2026-09-02T13:50:33+00:00","mainEntityOfPage":{"@id":"https:\/\/nabocadopovorn.com.br\/index.php\/2026\/09\/02\/reforma-do-ginasio-davi-florentino-tem-inicio-em-macaiba\/"},"wordCount":256,"publisher":{"@id":"https:\/\/nabocadopovorn.com.br\/#organization"},"image":{"@id":"https:\/\/nabocadopovorn.com.br\/index.php\/2026\/09\/02\/reforma-do-ginasio-davi-florentino-tem-inicio-em-macaiba\/#primaryimage"},"thumbnailUrl":"https:\/\/nabocadopovorn.com.br\/wp-content\/uploads\/2026\/09\/ginasio.jpg","articleSection":["Maca\u00edba"],"inLanguage":"pt-BR"},{"@type":"WebPage","@id":"https:\/\/nabocadopovorn.com.br\/index.php\/2026\/09\/02\/reforma-do-ginasio-davi-florentino-tem-inicio-em-macaiba\/","url":"https:\/\/nabocadopovorn.com.br\/index.php\/2026\/09\/02\/reforma-do-ginasio-davi-florentino-tem-inicio-em-macaiba\/","name":"Reforma do Gin\u00e1sio Davi Florentino tem in\u00edcio em Maca\u00edba - Na Boca do Povo RN","isPartOf":{"@id":"https:\/\/nabocadopovorn.com.br\/#website"},"primaryImageOfPage":{"@id":"https:\/\/nabocadopovorn.com.br\/index.php\/2026\/09\/02\/reforma-do-ginasio-davi-florentino-tem-inicio-em-macaiba\/#primaryimage"},"image":{"@id":"https:\/\/nabocadopovorn.com.br\/index.php\/2026\/09\/02\/reforma-do-ginasio-davi-florentino-tem-inicio-em-macaiba\/#primaryimage"},"thumbnailUrl":"https:\/\/nabocadopovorn.com.br\/wp-content\/uploads\/2026\/09\/ginasio.jpg","datePublished":"2026-09-02T13:50:24+00:00","dateModified":"2026-09-02T13:50:33+00:00","breadcrumb":{"@id":"https:\/\/nabocadopovorn.com.br\/index.php\/2026\/09\/02\/reforma-do-ginasio-davi-florentino-tem-inicio-em-macaiba\/#breadcrumb"},"inLanguage":"pt-BR","potentialAction":[{"@type":"ReadAction","target":["https:\/\/nabocadopovorn.com.br\/index.php\/2026\/09\/02\/reforma-do-ginasio-davi-florentino-tem-inicio-em-macaiba\/"]}]},{"@type":"ImageObject","inLanguage":"pt-BR","@id":"https:\/\/nabocadopovorn.com.br\/index.php\/2026\/09\/02\/reforma-do-ginasio-davi-florentino-tem-inicio-em-macaiba\/#primaryimage","url":"https:\/\/nabocadopovorn.com.br\/wp-content\/uploads\/2026\/09\/ginasio.jpg","contentUrl":"https:\/\/nabocadopovorn.com.br\/wp-content\/uploads\/2026\/09\/ginasio.jpg","width":1920,"height":1080},{"@type":"BreadcrumbList","@id":"https:\/\/nabocadopovorn.com.br\/index.php\/2026\/09\/02\/reforma-do-ginasio-davi-florentino-tem-inicio-em-macaiba\/#breadcrumb","itemListElement":[{"@type":"ListItem","position":1,"name":"Home","item":"https:\/\/nabocadopovorn.com.br\/"},{"@type":"ListItem","position":2,"name":"Reforma do Gin\u00e1sio Davi Florentino tem in\u00edcio em Maca\u00edba"}]},{"@type":"WebSite","@id":"https:\/\/nabocadopovorn.com.br\/#website","url":"https:\/\/nabocadopovorn.com.br\/","name":"Na Boca do Povo RN","description":"Informa\u00e7\u00e3o Total","publisher":{"@id":"https:\/\/nabocadopovorn.com.br\/#organization"},"potentialAction":[{"@type":"SearchAction","target":{"@type":"EntryPoint","urlTemplate":"https:\/\/nabocadopovorn.com.br\/?s={search_term_string}"},"query-input":{"@type":"PropertyValueSpecification","valueRequired":true,"valueName":"search_term_string"}}],"inLanguage":"pt-BR"},{"@type":"Organization","@id":"https:\/\/nabocadopovorn.com.br\/#organization","name":"Na Boca do Povo RN","url":"https:\/\/nabocadopovorn.com.br\/","logo":{"@type":"ImageObject","inLanguage":"pt-BR","@id":"https:\/\/nabocadopovorn.com.br\/#\/schema\/logo\/image\/","url":"https:\/\/nabocadopovorn.com.br\/wp-content\/uploads\/2026\/05\/cropped-logo-nova-reduzida.png","contentUrl":"https:\/\/nabocadopovorn.com.br\/wp-content\/uploads\/2026\/05\/cropped-logo-nova-reduzida.png","width":1024,"height":155,"caption":"Na Boca do Povo RN"},"image":{"@id":"https:\/\/nabocadopovorn.com.br\/#\/schema\/logo\/image\/"}},{"@type":"Person","@id":"https:\/\/nabocadopovorn.com.br\/#\/schema\/person\/4468ae2379df0d02bb183cb4b56757e7","name":"Caio Rodrigo","image":{"@type":"ImageObject","inLanguage":"pt-BR","@id":"https:\/\/nabocadopovorn.com.br\/wp-content\/uploads\/2026\/08\/down-150x150.jpg","url":"https:\/\/nabocadopovorn.com.br\/wp-content\/uploads\/2026\/08\/down-150x150.jpg","contentUrl":"https:\/\/nabocadopovorn.com.br\/wp-content\/uploads\/2026\/08\/down-150x150.jpg","caption":"Caio Rodrigo"},"url":"https:\/\/nabocadopovorn.com.br\/index.php\/author\/caiordrg4gmail-com\/"}]}},"_links":{"self":[{"href":"https:\/\/nabocadopovorn.com.br\/index.php\/wp-json\/wp\/v2\/posts\/9741","targetHints":{"allow":["GET"]}}],"collection":[{"href":"https:\/\/nabocadopovorn.com.br\/index.php\/wp-json\/wp\/v2\/posts"}],"about":[{"href":"https:\/\/nabocadopovorn.com.br\/index.php\/wp-json\/wp\/v2\/types\/post"}],"author":[{"embeddable":true,"href":"https:\/\/nabocadopovorn.com.br\/index.php\/wp-json\/wp\/v2\/users\/4"}],"replies":[{"embeddable":true,"href":"https:\/\/nabocadopovorn.com.br\/index.php\/wp-json\/wp\/v2\/comments?post=9741"}],"version-history":[{"count":1,"href":"https:\/\/nabocadopovorn.com.br\/index.php\/wp-json\/wp\/v2\/posts\/9741\/revisions"}],"predecessor-version":[{"id":9743,"href":"https:\/\/nabocadopovorn.com.br\/index.php\/wp-json\/wp\/v2\/posts\/9741\/revisions\/9743"}],"wp:featuredmedia":[{"embeddable":true,"href":"https:\/\/nabocadopovorn.com.br\/index.php\/wp-json\/wp\/v2\/media\/9742"}],"wp:attachment":[{"href":"https:\/\/nabocadopovorn.com.br\/index.php\/wp-json\/wp\/v2\/media?parent=9741"}],"wp:term":[{"taxonomy":"category","embeddable":true,"href":"https:\/\/nabocadopovorn.com.br\/index.php\/wp-json\/wp\/v2\/categories?post=9741"},{"taxonomy":"post_tag","embeddable":true,"href":"https:\/\/nabocadopovorn.com.br\/index.php\/wp-json\/wp\/v2\/tags?post=9741"}],"curies":[{"name":"wp","href":"https:\/\/api.w.org\/{rel}","templated":true}]}}