{"id":9738,"date":"2026-08-31T10:29:54","date_gmt":"2026-08-31T13:29:54","guid":{"rendered":"https:\/\/nabocadopovorn.com.br\/?p=9738"},"modified":"2026-08-31T10:30:12","modified_gmt":"2026-08-31T13:30:12","slug":"david-correa-jogador-do-vasco-e-alvo-de-operacao-contra-trafico-de-armas-e-drogas-no-rj","status":"publish","type":"post","link":"https:\/\/nabocadopovorn.com.br\/index.php\/2026\/08\/31\/david-correa-jogador-do-vasco-e-alvo-de-operacao-contra-trafico-de-armas-e-drogas-no-rj\/","title":{"rendered":"David Corr\u00eaa, jogador do Vasco, \u00e9 alvo de opera\u00e7\u00e3o contra tr\u00e1fico de armas e drogas no RJ"},"content":{"rendered":"\n<p class=\"wp-block-paragraph\">O atacante David Corr\u00eaa, do Vasco, \u00e9 alvo de uma opera\u00e7\u00e3o realizada pela Pol\u00edcia Civil do Rio de Janeiro, nesta segunda-feira, 31, por poss\u00edvel v\u00ednculo com uma fac\u00e7\u00e3o criminosa respons\u00e1vel pelo tr\u00e1fico interestadual de drogas e armas e lavagem de dinheiro. Policiais cumpriram mandados no endere\u00e7o do atleta, na Barra da Tijuca, e no centro de treinamento do clube cruz-maltino, em Vargem Grande, ambos na zona sudoeste do Rio.<\/p>\n\n\n\n<p class=\"wp-block-paragraph\">O Estad\u00e3o procurou a assessoria de David, mas n\u00e3o obteve retorno sobre o tema at\u00e9 o momento. O Vasco tamb\u00e9m n\u00e3o se posicionou sobre o assunto at\u00e9 o momento e a mat\u00e9ria ser\u00e1 atualizada em caso de manifesta\u00e7\u00e3o.<\/p>\n\n\n\n<p class=\"wp-block-paragraph\">Segundo o G1, o atacante Reyner Oliveira, atleta revelado no Santos que atualmente defende o Azuriz, de Pato Branco, no Paran\u00e1, tamb\u00e9m foi alvo da opera\u00e7\u00e3o. Ele acabou preso por desacato durante a abordagem policial.<\/p>\n\n\n\n<p class=\"wp-block-paragraph\">Batizada de &#8220;Opera\u00e7\u00e3o Tropa&#8221;, a a\u00e7\u00e3o \u00e9 decorrente de investiga\u00e7\u00e3o da Pol\u00edcia Civil do Esp\u00edrito Santo. No Rio de Janeiro, a a\u00e7\u00e3o \u00e9 coordenada pela 14\u00aa DP (Leblon), com apoio da Delegacia de Repress\u00e3o a Armas e Explosivos (Desarme) e de outras unidades do Departamento-Geral de Pol\u00edcia da Capital (DGPC).<\/p>\n\n\n\n<p class=\"wp-block-paragraph\">Segundo a Pol\u00edcia Civil do RJ, a opera\u00e7\u00e3o apura a atua\u00e7\u00e3o do grupo, que possui ramifica\u00e7\u00f5es em diferentes estados, e analisa poss\u00edveis envolvimentos de atletas profissionais e empres\u00e1rios com a organiza\u00e7\u00e3o criminosa&#8221;, diz nota da Pol\u00edcia Civil.<\/p>\n\n\n\n<p class=\"wp-block-paragraph\">&#8220;A opera\u00e7\u00e3o integra uma atua\u00e7\u00e3o conjunta entre as Pol\u00edcias Civis dos estados para o cumprimento de medidas judiciais e o enfrentamento de organiza\u00e7\u00f5es criminosas que atuam de forma interestadual&#8221;, disse a Pol\u00edcia Civil do RJ, em nota.<\/p>\n\n\n\n<p class=\"wp-block-paragraph\"><strong>Fonte: Estad\u00e3o Conte\u00fado<\/strong><\/p>\n\n\n\n<p class=\"wp-block-paragraph\"><\/p>\n","protected":false},"excerpt":{"rendered":"<p>O atacante David Corr\u00eaa, do Vasco, \u00e9 alvo de uma opera\u00e7\u00e3o realizada pela Pol\u00edcia Civil do Rio de<\/p>\n","protected":false},"author":4,"featured_media":9739,"comment_status":"closed","ping_status":"open","sticky":false,"template":"","format":"standard","meta":{"footnotes":""},"categories":[84],"tags":[],"class_list":["post-9738","post","type-post","status-publish","format-standard","has-post-thumbnail","hentry","category-esporte"],"yoast_head":"<!-- This site is optimized with the Yoast SEO plugin v28.4 - https:\/\/yoast.com\/product\/yoast-seo-wordpress\/ -->\n<title>David Corr\u00eaa, jogador do Vasco, \u00e9 alvo de opera\u00e7\u00e3o contra tr\u00e1fico de armas e drogas no RJ - Na Boca do Povo RN<\/title>\n<meta name=\"robots\" content=\"index, follow, max-snippet:-1, max-image-preview:large, max-video-preview:-1\" \/>\n<link rel=\"canonical\" href=\"https:\/\/nabocadopovorn.com.br\/index.php\/2026\/08\/31\/david-correa-jogador-do-vasco-e-alvo-de-operacao-contra-trafico-de-armas-e-drogas-no-rj\/\" \/>\n<meta property=\"og:locale\" content=\"pt_BR\" \/>\n<meta property=\"og:type\" content=\"article\" \/>\n<meta property=\"og:title\" content=\"David Corr\u00eaa, jogador do Vasco, \u00e9 alvo de opera\u00e7\u00e3o contra tr\u00e1fico de armas e drogas no RJ - Na Boca do Povo RN\" \/>\n<meta property=\"og:description\" content=\"O atacante David Corr\u00eaa, do Vasco, \u00e9 alvo de uma opera\u00e7\u00e3o realizada pela Pol\u00edcia Civil do Rio de\" \/>\n<meta property=\"og:url\" content=\"https:\/\/nabocadopovorn.com.br\/index.php\/2026\/08\/31\/david-correa-jogador-do-vasco-e-alvo-de-operacao-contra-trafico-de-armas-e-drogas-no-rj\/\" \/>\n<meta property=\"og:site_name\" content=\"Na Boca do Povo RN\" \/>\n<meta property=\"article:published_time\" content=\"2026-08-31T13:29:54+00:00\" \/>\n<meta property=\"article:modified_time\" content=\"2026-08-31T13:30:12+00:00\" \/>\n<meta property=\"og:image\" content=\"https:\/\/nabocadopovorn.com.br\/wp-content\/uploads\/2026\/08\/sporting-bet.jpg\" \/>\n\t<meta property=\"og:image:width\" content=\"1920\" \/>\n\t<meta property=\"og:image:height\" content=\"1080\" \/>\n\t<meta property=\"og:image:type\" content=\"image\/jpeg\" \/>\n<meta name=\"author\" content=\"Caio Rodrigo\" \/>\n<meta name=\"twitter:card\" content=\"summary_large_image\" \/>\n<meta name=\"twitter:label1\" content=\"Escrito por\" \/>\n\t<meta name=\"twitter:data1\" content=\"Caio Rodrigo\" \/>\n\t<meta name=\"twitter:label2\" content=\"Est. tempo de leitura\" \/>\n\t<meta name=\"twitter:data2\" content=\"2 minutos\" \/>\n<script type=\"application\/ld+json\" class=\"yoast-schema-graph\">{\"@context\":\"https:\\\/\\\/schema.org\",\"@graph\":[{\"@type\":\"Article\",\"@id\":\"https:\\\/\\\/nabocadopovorn.com.br\\\/index.php\\\/2026\\\/08\\\/31\\\/david-correa-jogador-do-vasco-e-alvo-de-operacao-contra-trafico-de-armas-e-drogas-no-rj\\\/#article\",\"isPartOf\":{\"@id\":\"https:\\\/\\\/nabocadopovorn.com.br\\\/index.php\\\/2026\\\/08\\\/31\\\/david-correa-jogador-do-vasco-e-alvo-de-operacao-contra-trafico-de-armas-e-drogas-no-rj\\\/\"},\"author\":{\"name\":\"Caio Rodrigo\",\"@id\":\"https:\\\/\\\/nabocadopovorn.com.br\\\/#\\\/schema\\\/person\\\/4468ae2379df0d02bb183cb4b56757e7\"},\"headline\":\"David Corr\u00eaa, jogador do Vasco, \u00e9 alvo de opera\u00e7\u00e3o contra tr\u00e1fico de armas e drogas no RJ\",\"datePublished\":\"2026-08-31T13:29:54+00:00\",\"dateModified\":\"2026-08-31T13:30:12+00:00\",\"mainEntityOfPage\":{\"@id\":\"https:\\\/\\\/nabocadopovorn.com.br\\\/index.php\\\/2026\\\/08\\\/31\\\/david-correa-jogador-do-vasco-e-alvo-de-operacao-contra-trafico-de-armas-e-drogas-no-rj\\\/\"},\"wordCount\":323,\"publisher\":{\"@id\":\"https:\\\/\\\/nabocadopovorn.com.br\\\/#organization\"},\"image\":{\"@id\":\"https:\\\/\\\/nabocadopovorn.com.br\\\/index.php\\\/2026\\\/08\\\/31\\\/david-correa-jogador-do-vasco-e-alvo-de-operacao-contra-trafico-de-armas-e-drogas-no-rj\\\/#primaryimage\"},\"thumbnailUrl\":\"https:\\\/\\\/nabocadopovorn.com.br\\\/wp-content\\\/uploads\\\/2026\\\/08\\\/sporting-bet.jpg\",\"articleSection\":[\"Esporte\"],\"inLanguage\":\"pt-BR\"},{\"@type\":\"WebPage\",\"@id\":\"https:\\\/\\\/nabocadopovorn.com.br\\\/index.php\\\/2026\\\/08\\\/31\\\/david-correa-jogador-do-vasco-e-alvo-de-operacao-contra-trafico-de-armas-e-drogas-no-rj\\\/\",\"url\":\"https:\\\/\\\/nabocadopovorn.com.br\\\/index.php\\\/2026\\\/08\\\/31\\\/david-correa-jogador-do-vasco-e-alvo-de-operacao-contra-trafico-de-armas-e-drogas-no-rj\\\/\",\"name\":\"David Corr\u00eaa, jogador do Vasco, \u00e9 alvo de opera\u00e7\u00e3o contra tr\u00e1fico de armas e drogas no RJ - Na Boca do Povo RN\",\"isPartOf\":{\"@id\":\"https:\\\/\\\/nabocadopovorn.com.br\\\/#website\"},\"primaryImageOfPage\":{\"@id\":\"https:\\\/\\\/nabocadopovorn.com.br\\\/index.php\\\/2026\\\/08\\\/31\\\/david-correa-jogador-do-vasco-e-alvo-de-operacao-contra-trafico-de-armas-e-drogas-no-rj\\\/#primaryimage\"},\"image\":{\"@id\":\"https:\\\/\\\/nabocadopovorn.com.br\\\/index.php\\\/2026\\\/08\\\/31\\\/david-correa-jogador-do-vasco-e-alvo-de-operacao-contra-trafico-de-armas-e-drogas-no-rj\\\/#primaryimage\"},\"thumbnailUrl\":\"https:\\\/\\\/nabocadopovorn.com.br\\\/wp-content\\\/uploads\\\/2026\\\/08\\\/sporting-bet.jpg\",\"datePublished\":\"2026-08-31T13:29:54+00:00\",\"dateModified\":\"2026-08-31T13:30:12+00:00\",\"breadcrumb\":{\"@id\":\"https:\\\/\\\/nabocadopovorn.com.br\\\/index.php\\\/2026\\\/08\\\/31\\\/david-correa-jogador-do-vasco-e-alvo-de-operacao-contra-trafico-de-armas-e-drogas-no-rj\\\/#breadcrumb\"},\"inLanguage\":\"pt-BR\",\"potentialAction\":[{\"@type\":\"ReadAction\",\"target\":[\"https:\\\/\\\/nabocadopovorn.com.br\\\/index.php\\\/2026\\\/08\\\/31\\\/david-correa-jogador-do-vasco-e-alvo-de-operacao-contra-trafico-de-armas-e-drogas-no-rj\\\/\"]}]},{\"@type\":\"ImageObject\",\"inLanguage\":\"pt-BR\",\"@id\":\"https:\\\/\\\/nabocadopovorn.com.br\\\/index.php\\\/2026\\\/08\\\/31\\\/david-correa-jogador-do-vasco-e-alvo-de-operacao-contra-trafico-de-armas-e-drogas-no-rj\\\/#primaryimage\",\"url\":\"https:\\\/\\\/nabocadopovorn.com.br\\\/wp-content\\\/uploads\\\/2026\\\/08\\\/sporting-bet.jpg\",\"contentUrl\":\"https:\\\/\\\/nabocadopovorn.com.br\\\/wp-content\\\/uploads\\\/2026\\\/08\\\/sporting-bet.jpg\",\"width\":1920,\"height\":1080},{\"@type\":\"BreadcrumbList\",\"@id\":\"https:\\\/\\\/nabocadopovorn.com.br\\\/index.php\\\/2026\\\/08\\\/31\\\/david-correa-jogador-do-vasco-e-alvo-de-operacao-contra-trafico-de-armas-e-drogas-no-rj\\\/#breadcrumb\",\"itemListElement\":[{\"@type\":\"ListItem\",\"position\":1,\"name\":\"Home\",\"item\":\"https:\\\/\\\/nabocadopovorn.com.br\\\/\"},{\"@type\":\"ListItem\",\"position\":2,\"name\":\"David Corr\u00eaa, jogador do Vasco, \u00e9 alvo de opera\u00e7\u00e3o contra tr\u00e1fico de armas e drogas no RJ\"}]},{\"@type\":\"WebSite\",\"@id\":\"https:\\\/\\\/nabocadopovorn.com.br\\\/#website\",\"url\":\"https:\\\/\\\/nabocadopovorn.com.br\\\/\",\"name\":\"Na Boca do Povo RN\",\"description\":\"Informa\u00e7\u00e3o Total\",\"publisher\":{\"@id\":\"https:\\\/\\\/nabocadopovorn.com.br\\\/#organization\"},\"potentialAction\":[{\"@type\":\"SearchAction\",\"target\":{\"@type\":\"EntryPoint\",\"urlTemplate\":\"https:\\\/\\\/nabocadopovorn.com.br\\\/?s={search_term_string}\"},\"query-input\":{\"@type\":\"PropertyValueSpecification\",\"valueRequired\":true,\"valueName\":\"search_term_string\"}}],\"inLanguage\":\"pt-BR\"},{\"@type\":\"Organization\",\"@id\":\"https:\\\/\\\/nabocadopovorn.com.br\\\/#organization\",\"name\":\"Na Boca do Povo RN\",\"url\":\"https:\\\/\\\/nabocadopovorn.com.br\\\/\",\"logo\":{\"@type\":\"ImageObject\",\"inLanguage\":\"pt-BR\",\"@id\":\"https:\\\/\\\/nabocadopovorn.com.br\\\/#\\\/schema\\\/logo\\\/image\\\/\",\"url\":\"https:\\\/\\\/nabocadopovorn.com.br\\\/wp-content\\\/uploads\\\/2026\\\/05\\\/cropped-logo-nova-reduzida.png\",\"contentUrl\":\"https:\\\/\\\/nabocadopovorn.com.br\\\/wp-content\\\/uploads\\\/2026\\\/05\\\/cropped-logo-nova-reduzida.png\",\"width\":1024,\"height\":155,\"caption\":\"Na Boca do Povo RN\"},\"image\":{\"@id\":\"https:\\\/\\\/nabocadopovorn.com.br\\\/#\\\/schema\\\/logo\\\/image\\\/\"}},{\"@type\":\"Person\",\"@id\":\"https:\\\/\\\/nabocadopovorn.com.br\\\/#\\\/schema\\\/person\\\/4468ae2379df0d02bb183cb4b56757e7\",\"name\":\"Caio Rodrigo\",\"image\":{\"@type\":\"ImageObject\",\"inLanguage\":\"pt-BR\",\"@id\":\"https:\\\/\\\/nabocadopovorn.com.br\\\/wp-content\\\/uploads\\\/2026\\\/08\\\/down-150x150.jpg\",\"url\":\"https:\\\/\\\/nabocadopovorn.com.br\\\/wp-content\\\/uploads\\\/2026\\\/08\\\/down-150x150.jpg\",\"contentUrl\":\"https:\\\/\\\/nabocadopovorn.com.br\\\/wp-content\\\/uploads\\\/2026\\\/08\\\/down-150x150.jpg\",\"caption\":\"Caio Rodrigo\"},\"url\":\"https:\\\/\\\/nabocadopovorn.com.br\\\/index.php\\\/author\\\/caiordrg4gmail-com\\\/\"}]}<\/script>\n<!-- \/ Yoast SEO plugin. -->","yoast_head_json":{"title":"David Corr\u00eaa, jogador do Vasco, \u00e9 alvo de opera\u00e7\u00e3o contra tr\u00e1fico de armas e drogas no RJ - Na Boca do Povo RN","robots":{"index":"index","follow":"follow","max-snippet":"max-snippet:-1","max-image-preview":"max-image-preview:large","max-video-preview":"max-video-preview:-1"},"canonical":"https:\/\/nabocadopovorn.com.br\/index.php\/2026\/08\/31\/david-correa-jogador-do-vasco-e-alvo-de-operacao-contra-trafico-de-armas-e-drogas-no-rj\/","og_locale":"pt_BR","og_type":"article","og_title":"David Corr\u00eaa, jogador do Vasco, \u00e9 alvo de opera\u00e7\u00e3o contra tr\u00e1fico de armas e drogas no RJ - Na Boca do Povo RN","og_description":"O atacante David Corr\u00eaa, do Vasco, \u00e9 alvo de uma opera\u00e7\u00e3o realizada pela Pol\u00edcia Civil do Rio de","og_url":"https:\/\/nabocadopovorn.com.br\/index.php\/2026\/08\/31\/david-correa-jogador-do-vasco-e-alvo-de-operacao-contra-trafico-de-armas-e-drogas-no-rj\/","og_site_name":"Na Boca do Povo RN","article_published_time":"2026-08-31T13:29:54+00:00","article_modified_time":"2026-08-31T13:30:12+00:00","og_image":[{"width":1920,"height":1080,"url":"https:\/\/nabocadopovorn.com.br\/wp-content\/uploads\/2026\/08\/sporting-bet.jpg","type":"image\/jpeg"}],"author":"Caio Rodrigo","twitter_card":"summary_large_image","twitter_misc":{"Escrito por":"Caio Rodrigo","Est. tempo de leitura":"2 minutos"},"schema":{"@context":"https:\/\/schema.org","@graph":[{"@type":"Article","@id":"https:\/\/nabocadopovorn.com.br\/index.php\/2026\/08\/31\/david-correa-jogador-do-vasco-e-alvo-de-operacao-contra-trafico-de-armas-e-drogas-no-rj\/#article","isPartOf":{"@id":"https:\/\/nabocadopovorn.com.br\/index.php\/2026\/08\/31\/david-correa-jogador-do-vasco-e-alvo-de-operacao-contra-trafico-de-armas-e-drogas-no-rj\/"},"author":{"name":"Caio Rodrigo","@id":"https:\/\/nabocadopovorn.com.br\/#\/schema\/person\/4468ae2379df0d02bb183cb4b56757e7"},"headline":"David Corr\u00eaa, jogador do Vasco, \u00e9 alvo de opera\u00e7\u00e3o contra tr\u00e1fico de armas e drogas no RJ","datePublished":"2026-08-31T13:29:54+00:00","dateModified":"2026-08-31T13:30:12+00:00","mainEntityOfPage":{"@id":"https:\/\/nabocadopovorn.com.br\/index.php\/2026\/08\/31\/david-correa-jogador-do-vasco-e-alvo-de-operacao-contra-trafico-de-armas-e-drogas-no-rj\/"},"wordCount":323,"publisher":{"@id":"https:\/\/nabocadopovorn.com.br\/#organization"},"image":{"@id":"https:\/\/nabocadopovorn.com.br\/index.php\/2026\/08\/31\/david-correa-jogador-do-vasco-e-alvo-de-operacao-contra-trafico-de-armas-e-drogas-no-rj\/#primaryimage"},"thumbnailUrl":"https:\/\/nabocadopovorn.com.br\/wp-content\/uploads\/2026\/08\/sporting-bet.jpg","articleSection":["Esporte"],"inLanguage":"pt-BR"},{"@type":"WebPage","@id":"https:\/\/nabocadopovorn.com.br\/index.php\/2026\/08\/31\/david-correa-jogador-do-vasco-e-alvo-de-operacao-contra-trafico-de-armas-e-drogas-no-rj\/","url":"https:\/\/nabocadopovorn.com.br\/index.php\/2026\/08\/31\/david-correa-jogador-do-vasco-e-alvo-de-operacao-contra-trafico-de-armas-e-drogas-no-rj\/","name":"David Corr\u00eaa, jogador do Vasco, \u00e9 alvo de opera\u00e7\u00e3o contra tr\u00e1fico de armas e drogas no RJ - Na Boca do Povo RN","isPartOf":{"@id":"https:\/\/nabocadopovorn.com.br\/#website"},"primaryImageOfPage":{"@id":"https:\/\/nabocadopovorn.com.br\/index.php\/2026\/08\/31\/david-correa-jogador-do-vasco-e-alvo-de-operacao-contra-trafico-de-armas-e-drogas-no-rj\/#primaryimage"},"image":{"@id":"https:\/\/nabocadopovorn.com.br\/index.php\/2026\/08\/31\/david-correa-jogador-do-vasco-e-alvo-de-operacao-contra-trafico-de-armas-e-drogas-no-rj\/#primaryimage"},"thumbnailUrl":"https:\/\/nabocadopovorn.com.br\/wp-content\/uploads\/2026\/08\/sporting-bet.jpg","datePublished":"2026-08-31T13:29:54+00:00","dateModified":"2026-08-31T13:30:12+00:00","breadcrumb":{"@id":"https:\/\/nabocadopovorn.com.br\/index.php\/2026\/08\/31\/david-correa-jogador-do-vasco-e-alvo-de-operacao-contra-trafico-de-armas-e-drogas-no-rj\/#breadcrumb"},"inLanguage":"pt-BR","potentialAction":[{"@type":"ReadAction","target":["https:\/\/nabocadopovorn.com.br\/index.php\/2026\/08\/31\/david-correa-jogador-do-vasco-e-alvo-de-operacao-contra-trafico-de-armas-e-drogas-no-rj\/"]}]},{"@type":"ImageObject","inLanguage":"pt-BR","@id":"https:\/\/nabocadopovorn.com.br\/index.php\/2026\/08\/31\/david-correa-jogador-do-vasco-e-alvo-de-operacao-contra-trafico-de-armas-e-drogas-no-rj\/#primaryimage","url":"https:\/\/nabocadopovorn.com.br\/wp-content\/uploads\/2026\/08\/sporting-bet.jpg","contentUrl":"https:\/\/nabocadopovorn.com.br\/wp-content\/uploads\/2026\/08\/sporting-bet.jpg","width":1920,"height":1080},{"@type":"BreadcrumbList","@id":"https:\/\/nabocadopovorn.com.br\/index.php\/2026\/08\/31\/david-correa-jogador-do-vasco-e-alvo-de-operacao-contra-trafico-de-armas-e-drogas-no-rj\/#breadcrumb","itemListElement":[{"@type":"ListItem","position":1,"name":"Home","item":"https:\/\/nabocadopovorn.com.br\/"},{"@type":"ListItem","position":2,"name":"David Corr\u00eaa, jogador do Vasco, \u00e9 alvo de opera\u00e7\u00e3o contra tr\u00e1fico de armas e drogas no RJ"}]},{"@type":"WebSite","@id":"https:\/\/nabocadopovorn.com.br\/#website","url":"https:\/\/nabocadopovorn.com.br\/","name":"Na Boca do Povo RN","description":"Informa\u00e7\u00e3o Total","publisher":{"@id":"https:\/\/nabocadopovorn.com.br\/#organization"},"potentialAction":[{"@type":"SearchAction","target":{"@type":"EntryPoint","urlTemplate":"https:\/\/nabocadopovorn.com.br\/?s={search_term_string}"},"query-input":{"@type":"PropertyValueSpecification","valueRequired":true,"valueName":"search_term_string"}}],"inLanguage":"pt-BR"},{"@type":"Organization","@id":"https:\/\/nabocadopovorn.com.br\/#organization","name":"Na Boca do Povo RN","url":"https:\/\/nabocadopovorn.com.br\/","logo":{"@type":"ImageObject","inLanguage":"pt-BR","@id":"https:\/\/nabocadopovorn.com.br\/#\/schema\/logo\/image\/","url":"https:\/\/nabocadopovorn.com.br\/wp-content\/uploads\/2026\/05\/cropped-logo-nova-reduzida.png","contentUrl":"https:\/\/nabocadopovorn.com.br\/wp-content\/uploads\/2026\/05\/cropped-logo-nova-reduzida.png","width":1024,"height":155,"caption":"Na Boca do Povo RN"},"image":{"@id":"https:\/\/nabocadopovorn.com.br\/#\/schema\/logo\/image\/"}},{"@type":"Person","@id":"https:\/\/nabocadopovorn.com.br\/#\/schema\/person\/4468ae2379df0d02bb183cb4b56757e7","name":"Caio Rodrigo","image":{"@type":"ImageObject","inLanguage":"pt-BR","@id":"https:\/\/nabocadopovorn.com.br\/wp-content\/uploads\/2026\/08\/down-150x150.jpg","url":"https:\/\/nabocadopovorn.com.br\/wp-content\/uploads\/2026\/08\/down-150x150.jpg","contentUrl":"https:\/\/nabocadopovorn.com.br\/wp-content\/uploads\/2026\/08\/down-150x150.jpg","caption":"Caio Rodrigo"},"url":"https:\/\/nabocadopovorn.com.br\/index.php\/author\/caiordrg4gmail-com\/"}]}},"_links":{"self":[{"href":"https:\/\/nabocadopovorn.com.br\/index.php\/wp-json\/wp\/v2\/posts\/9738","targetHints":{"allow":["GET"]}}],"collection":[{"href":"https:\/\/nabocadopovorn.com.br\/index.php\/wp-json\/wp\/v2\/posts"}],"about":[{"href":"https:\/\/nabocadopovorn.com.br\/index.php\/wp-json\/wp\/v2\/types\/post"}],"author":[{"embeddable":true,"href":"https:\/\/nabocadopovorn.com.br\/index.php\/wp-json\/wp\/v2\/users\/4"}],"replies":[{"embeddable":true,"href":"https:\/\/nabocadopovorn.com.br\/index.php\/wp-json\/wp\/v2\/comments?post=9738"}],"version-history":[{"count":1,"href":"https:\/\/nabocadopovorn.com.br\/index.php\/wp-json\/wp\/v2\/posts\/9738\/revisions"}],"predecessor-version":[{"id":9740,"href":"https:\/\/nabocadopovorn.com.br\/index.php\/wp-json\/wp\/v2\/posts\/9738\/revisions\/9740"}],"wp:featuredmedia":[{"embeddable":true,"href":"https:\/\/nabocadopovorn.com.br\/index.php\/wp-json\/wp\/v2\/media\/9739"}],"wp:attachment":[{"href":"https:\/\/nabocadopovorn.com.br\/index.php\/wp-json\/wp\/v2\/media?parent=9738"}],"wp:term":[{"taxonomy":"category","embeddable":true,"href":"https:\/\/nabocadopovorn.com.br\/index.php\/wp-json\/wp\/v2\/categories?post=9738"},{"taxonomy":"post_tag","embeddable":true,"href":"https:\/\/nabocadopovorn.com.br\/index.php\/wp-json\/wp\/v2\/tags?post=9738"}],"curies":[{"name":"wp","href":"https:\/\/api.w.org\/{rel}","templated":true}]}}