{"id":9732,"date":"2026-08-31T10:17:47","date_gmt":"2026-08-31T13:17:47","guid":{"rendered":"https:\/\/nabocadopovorn.com.br\/?p=9732"},"modified":"2026-08-31T10:17:58","modified_gmt":"2026-08-31T13:17:58","slug":"receita-paga-nesta-segunda-ultimo-lote-de-restituicao-do-ir-2026","status":"publish","type":"post","link":"https:\/\/nabocadopovorn.com.br\/index.php\/2026\/08\/31\/receita-paga-nesta-segunda-ultimo-lote-de-restituicao-do-ir-2026\/","title":{"rendered":"Receita paga nesta segunda \u00faltimo lote de restitui\u00e7\u00e3o do IR 2026"},"content":{"rendered":"\n<p class=\"wp-block-paragraph\">Cerca de 500 mil contribuintes recebem, nesta segunda-feira (31), o quarto e \u00faltimo lote de restitui\u00e7\u00e3o do Imposto de Renda 2026.&nbsp;<strong>Ao longo do dia, a Receita Federal liberar\u00e1 R$ 1,24 bilh\u00e3o a 521.935 pessoas<\/strong>. O pagamento tamb\u00e9m contempla restitui\u00e7\u00f5es residuais de anos anteriores.<img decoding=\"async\" src=\"https:\/\/agenciabrasil.ebc.com.br\/ebc.png?id=1700817&amp;o=node\"><img decoding=\"async\" src=\"https:\/\/agenciabrasil.ebc.com.br\/ebc.gif?id=1700817&amp;o=node\"><\/p>\n\n\n\n<p class=\"wp-block-paragraph\">A consulta est\u00e1 dispon\u00edvel desde o \u00faltimo dia 24,&nbsp;<a href=\"https:\/\/www.gov.br\/receitafederal\/pt-br\" target=\"_blank\" rel=\"noopener\">na p\u00e1gina da Receita Federal na internet<\/a>.&nbsp;Basta o contribuinte clicar em \u201cMeu Imposto de Renda\u201d e, em seguida, no bot\u00e3o \u201cConsultar a Restitui\u00e7\u00e3o\u201d. Tamb\u00e9m \u00e9 poss\u00edvel fazer a consulta no aplicativo da Receita Federal para tablets e smartphones.<\/p>\n\n\n\n<p class=\"wp-block-paragraph\">Do R$ 1,24 bilh\u00e3o desse lote, R$ 704,12 milh\u00f5es ir\u00e3o para contribuintes com prioridade legal no reembolso.<\/p>\n\n\n\n<p class=\"wp-block-paragraph\">As restitui\u00e7\u00f5es est\u00e3o distribu\u00eddas da seguinte forma:<\/p>\n\n\n\n<ul class=\"wp-block-list\">\n<li>338.912 contribuintes que usaram a declara\u00e7\u00e3o pr\u00e9-preenchida e\/ou optaram simultaneamente por receber a restitui\u00e7\u00e3o via Pix (prioridade n\u00e3o determinada por lei);<\/li>\n\n\n\n<li>86.873 contribuintes de 60 a 79 anos (prioridade legal);<\/li>\n\n\n\n<li>43.502 contribuintes n\u00e3o priorit\u00e1rios;<\/li>\n\n\n\n<li>26.769 contribuintes cuja maior fonte de renda seja o magist\u00e9rio (prioridade legal);<\/li>\n\n\n\n<li>16.850 contribuintes acima de 80 anos (prioridade legal);<\/li>\n\n\n\n<li>9.029 contribuintes com defici\u00eancia f\u00edsica ou mental ou doen\u00e7a grave (prioridade legal).<\/li>\n<\/ul>\n\n\n\n<p class=\"wp-block-paragraph\"><strong>Fonte: Agencia Brasil<\/strong><\/p>\n\n\n\n<p class=\"wp-block-paragraph\"><\/p>\n","protected":false},"excerpt":{"rendered":"<p>Cerca de 500 mil contribuintes recebem, nesta segunda-feira (31), o quarto e \u00faltimo lote de restitui\u00e7\u00e3o do Imposto<\/p>\n","protected":false},"author":4,"featured_media":9733,"comment_status":"closed","ping_status":"open","sticky":false,"template":"","format":"standard","meta":{"footnotes":""},"categories":[85],"tags":[],"class_list":["post-9732","post","type-post","status-publish","format-standard","has-post-thumbnail","hentry","category-brasil"],"yoast_head":"<!-- This site is optimized with the Yoast SEO plugin v28.4 - https:\/\/yoast.com\/product\/yoast-seo-wordpress\/ -->\n<title>Receita paga nesta segunda \u00faltimo lote de restitui\u00e7\u00e3o do IR 2026 - Na Boca do Povo RN<\/title>\n<meta name=\"robots\" content=\"index, follow, max-snippet:-1, max-image-preview:large, max-video-preview:-1\" \/>\n<link rel=\"canonical\" href=\"https:\/\/nabocadopovorn.com.br\/index.php\/2026\/08\/31\/receita-paga-nesta-segunda-ultimo-lote-de-restituicao-do-ir-2026\/\" \/>\n<meta property=\"og:locale\" content=\"pt_BR\" \/>\n<meta property=\"og:type\" content=\"article\" \/>\n<meta property=\"og:title\" content=\"Receita paga nesta segunda \u00faltimo lote de restitui\u00e7\u00e3o do IR 2026 - Na Boca do Povo RN\" \/>\n<meta property=\"og:description\" content=\"Cerca de 500 mil contribuintes recebem, nesta segunda-feira (31), o quarto e \u00faltimo lote de restitui\u00e7\u00e3o do Imposto\" \/>\n<meta property=\"og:url\" content=\"https:\/\/nabocadopovorn.com.br\/index.php\/2026\/08\/31\/receita-paga-nesta-segunda-ultimo-lote-de-restituicao-do-ir-2026\/\" \/>\n<meta property=\"og:site_name\" content=\"Na Boca do Povo RN\" \/>\n<meta property=\"article:published_time\" content=\"2026-08-31T13:17:47+00:00\" \/>\n<meta property=\"article:modified_time\" content=\"2026-08-31T13:17:58+00:00\" \/>\n<meta property=\"og:image\" content=\"https:\/\/nabocadopovorn.com.br\/wp-content\/uploads\/2026\/08\/reveita.jpg\" \/>\n\t<meta property=\"og:image:width\" content=\"1920\" \/>\n\t<meta property=\"og:image:height\" content=\"1080\" \/>\n\t<meta property=\"og:image:type\" content=\"image\/jpeg\" \/>\n<meta name=\"author\" content=\"Caio Rodrigo\" \/>\n<meta name=\"twitter:card\" content=\"summary_large_image\" \/>\n<meta name=\"twitter:label1\" content=\"Escrito por\" \/>\n\t<meta name=\"twitter:data1\" content=\"Caio Rodrigo\" \/>\n\t<meta name=\"twitter:label2\" content=\"Est. tempo de leitura\" \/>\n\t<meta name=\"twitter:data2\" content=\"2 minutos\" \/>\n<script type=\"application\/ld+json\" class=\"yoast-schema-graph\">{\"@context\":\"https:\\\/\\\/schema.org\",\"@graph\":[{\"@type\":\"Article\",\"@id\":\"https:\\\/\\\/nabocadopovorn.com.br\\\/index.php\\\/2026\\\/08\\\/31\\\/receita-paga-nesta-segunda-ultimo-lote-de-restituicao-do-ir-2026\\\/#article\",\"isPartOf\":{\"@id\":\"https:\\\/\\\/nabocadopovorn.com.br\\\/index.php\\\/2026\\\/08\\\/31\\\/receita-paga-nesta-segunda-ultimo-lote-de-restituicao-do-ir-2026\\\/\"},\"author\":{\"name\":\"Caio Rodrigo\",\"@id\":\"https:\\\/\\\/nabocadopovorn.com.br\\\/#\\\/schema\\\/person\\\/4468ae2379df0d02bb183cb4b56757e7\"},\"headline\":\"Receita paga nesta segunda \u00faltimo lote de restitui\u00e7\u00e3o do IR 2026\",\"datePublished\":\"2026-08-31T13:17:47+00:00\",\"dateModified\":\"2026-08-31T13:17:58+00:00\",\"mainEntityOfPage\":{\"@id\":\"https:\\\/\\\/nabocadopovorn.com.br\\\/index.php\\\/2026\\\/08\\\/31\\\/receita-paga-nesta-segunda-ultimo-lote-de-restituicao-do-ir-2026\\\/\"},\"wordCount\":208,\"publisher\":{\"@id\":\"https:\\\/\\\/nabocadopovorn.com.br\\\/#organization\"},\"image\":{\"@id\":\"https:\\\/\\\/nabocadopovorn.com.br\\\/index.php\\\/2026\\\/08\\\/31\\\/receita-paga-nesta-segunda-ultimo-lote-de-restituicao-do-ir-2026\\\/#primaryimage\"},\"thumbnailUrl\":\"https:\\\/\\\/nabocadopovorn.com.br\\\/wp-content\\\/uploads\\\/2026\\\/08\\\/reveita.jpg\",\"articleSection\":[\"Brasil\"],\"inLanguage\":\"pt-BR\"},{\"@type\":\"WebPage\",\"@id\":\"https:\\\/\\\/nabocadopovorn.com.br\\\/index.php\\\/2026\\\/08\\\/31\\\/receita-paga-nesta-segunda-ultimo-lote-de-restituicao-do-ir-2026\\\/\",\"url\":\"https:\\\/\\\/nabocadopovorn.com.br\\\/index.php\\\/2026\\\/08\\\/31\\\/receita-paga-nesta-segunda-ultimo-lote-de-restituicao-do-ir-2026\\\/\",\"name\":\"Receita paga nesta segunda \u00faltimo lote de restitui\u00e7\u00e3o do IR 2026 - Na Boca do Povo RN\",\"isPartOf\":{\"@id\":\"https:\\\/\\\/nabocadopovorn.com.br\\\/#website\"},\"primaryImageOfPage\":{\"@id\":\"https:\\\/\\\/nabocadopovorn.com.br\\\/index.php\\\/2026\\\/08\\\/31\\\/receita-paga-nesta-segunda-ultimo-lote-de-restituicao-do-ir-2026\\\/#primaryimage\"},\"image\":{\"@id\":\"https:\\\/\\\/nabocadopovorn.com.br\\\/index.php\\\/2026\\\/08\\\/31\\\/receita-paga-nesta-segunda-ultimo-lote-de-restituicao-do-ir-2026\\\/#primaryimage\"},\"thumbnailUrl\":\"https:\\\/\\\/nabocadopovorn.com.br\\\/wp-content\\\/uploads\\\/2026\\\/08\\\/reveita.jpg\",\"datePublished\":\"2026-08-31T13:17:47+00:00\",\"dateModified\":\"2026-08-31T13:17:58+00:00\",\"breadcrumb\":{\"@id\":\"https:\\\/\\\/nabocadopovorn.com.br\\\/index.php\\\/2026\\\/08\\\/31\\\/receita-paga-nesta-segunda-ultimo-lote-de-restituicao-do-ir-2026\\\/#breadcrumb\"},\"inLanguage\":\"pt-BR\",\"potentialAction\":[{\"@type\":\"ReadAction\",\"target\":[\"https:\\\/\\\/nabocadopovorn.com.br\\\/index.php\\\/2026\\\/08\\\/31\\\/receita-paga-nesta-segunda-ultimo-lote-de-restituicao-do-ir-2026\\\/\"]}]},{\"@type\":\"ImageObject\",\"inLanguage\":\"pt-BR\",\"@id\":\"https:\\\/\\\/nabocadopovorn.com.br\\\/index.php\\\/2026\\\/08\\\/31\\\/receita-paga-nesta-segunda-ultimo-lote-de-restituicao-do-ir-2026\\\/#primaryimage\",\"url\":\"https:\\\/\\\/nabocadopovorn.com.br\\\/wp-content\\\/uploads\\\/2026\\\/08\\\/reveita.jpg\",\"contentUrl\":\"https:\\\/\\\/nabocadopovorn.com.br\\\/wp-content\\\/uploads\\\/2026\\\/08\\\/reveita.jpg\",\"width\":1920,\"height\":1080},{\"@type\":\"BreadcrumbList\",\"@id\":\"https:\\\/\\\/nabocadopovorn.com.br\\\/index.php\\\/2026\\\/08\\\/31\\\/receita-paga-nesta-segunda-ultimo-lote-de-restituicao-do-ir-2026\\\/#breadcrumb\",\"itemListElement\":[{\"@type\":\"ListItem\",\"position\":1,\"name\":\"Home\",\"item\":\"https:\\\/\\\/nabocadopovorn.com.br\\\/\"},{\"@type\":\"ListItem\",\"position\":2,\"name\":\"Receita paga nesta segunda \u00faltimo lote de restitui\u00e7\u00e3o do IR 2026\"}]},{\"@type\":\"WebSite\",\"@id\":\"https:\\\/\\\/nabocadopovorn.com.br\\\/#website\",\"url\":\"https:\\\/\\\/nabocadopovorn.com.br\\\/\",\"name\":\"Na Boca do Povo RN\",\"description\":\"Informa\u00e7\u00e3o Total\",\"publisher\":{\"@id\":\"https:\\\/\\\/nabocadopovorn.com.br\\\/#organization\"},\"potentialAction\":[{\"@type\":\"SearchAction\",\"target\":{\"@type\":\"EntryPoint\",\"urlTemplate\":\"https:\\\/\\\/nabocadopovorn.com.br\\\/?s={search_term_string}\"},\"query-input\":{\"@type\":\"PropertyValueSpecification\",\"valueRequired\":true,\"valueName\":\"search_term_string\"}}],\"inLanguage\":\"pt-BR\"},{\"@type\":\"Organization\",\"@id\":\"https:\\\/\\\/nabocadopovorn.com.br\\\/#organization\",\"name\":\"Na Boca do Povo RN\",\"url\":\"https:\\\/\\\/nabocadopovorn.com.br\\\/\",\"logo\":{\"@type\":\"ImageObject\",\"inLanguage\":\"pt-BR\",\"@id\":\"https:\\\/\\\/nabocadopovorn.com.br\\\/#\\\/schema\\\/logo\\\/image\\\/\",\"url\":\"https:\\\/\\\/nabocadopovorn.com.br\\\/wp-content\\\/uploads\\\/2026\\\/05\\\/cropped-logo-nova-reduzida.png\",\"contentUrl\":\"https:\\\/\\\/nabocadopovorn.com.br\\\/wp-content\\\/uploads\\\/2026\\\/05\\\/cropped-logo-nova-reduzida.png\",\"width\":1024,\"height\":155,\"caption\":\"Na Boca do Povo RN\"},\"image\":{\"@id\":\"https:\\\/\\\/nabocadopovorn.com.br\\\/#\\\/schema\\\/logo\\\/image\\\/\"}},{\"@type\":\"Person\",\"@id\":\"https:\\\/\\\/nabocadopovorn.com.br\\\/#\\\/schema\\\/person\\\/4468ae2379df0d02bb183cb4b56757e7\",\"name\":\"Caio Rodrigo\",\"image\":{\"@type\":\"ImageObject\",\"inLanguage\":\"pt-BR\",\"@id\":\"https:\\\/\\\/nabocadopovorn.com.br\\\/wp-content\\\/uploads\\\/2026\\\/08\\\/down-150x150.jpg\",\"url\":\"https:\\\/\\\/nabocadopovorn.com.br\\\/wp-content\\\/uploads\\\/2026\\\/08\\\/down-150x150.jpg\",\"contentUrl\":\"https:\\\/\\\/nabocadopovorn.com.br\\\/wp-content\\\/uploads\\\/2026\\\/08\\\/down-150x150.jpg\",\"caption\":\"Caio Rodrigo\"},\"url\":\"https:\\\/\\\/nabocadopovorn.com.br\\\/index.php\\\/author\\\/caiordrg4gmail-com\\\/\"}]}<\/script>\n<!-- \/ Yoast SEO plugin. -->","yoast_head_json":{"title":"Receita paga nesta segunda \u00faltimo lote de restitui\u00e7\u00e3o do IR 2026 - Na Boca do Povo RN","robots":{"index":"index","follow":"follow","max-snippet":"max-snippet:-1","max-image-preview":"max-image-preview:large","max-video-preview":"max-video-preview:-1"},"canonical":"https:\/\/nabocadopovorn.com.br\/index.php\/2026\/08\/31\/receita-paga-nesta-segunda-ultimo-lote-de-restituicao-do-ir-2026\/","og_locale":"pt_BR","og_type":"article","og_title":"Receita paga nesta segunda \u00faltimo lote de restitui\u00e7\u00e3o do IR 2026 - Na Boca do Povo RN","og_description":"Cerca de 500 mil contribuintes recebem, nesta segunda-feira (31), o quarto e \u00faltimo lote de restitui\u00e7\u00e3o do Imposto","og_url":"https:\/\/nabocadopovorn.com.br\/index.php\/2026\/08\/31\/receita-paga-nesta-segunda-ultimo-lote-de-restituicao-do-ir-2026\/","og_site_name":"Na Boca do Povo RN","article_published_time":"2026-08-31T13:17:47+00:00","article_modified_time":"2026-08-31T13:17:58+00:00","og_image":[{"width":1920,"height":1080,"url":"https:\/\/nabocadopovorn.com.br\/wp-content\/uploads\/2026\/08\/reveita.jpg","type":"image\/jpeg"}],"author":"Caio Rodrigo","twitter_card":"summary_large_image","twitter_misc":{"Escrito por":"Caio Rodrigo","Est. tempo de leitura":"2 minutos"},"schema":{"@context":"https:\/\/schema.org","@graph":[{"@type":"Article","@id":"https:\/\/nabocadopovorn.com.br\/index.php\/2026\/08\/31\/receita-paga-nesta-segunda-ultimo-lote-de-restituicao-do-ir-2026\/#article","isPartOf":{"@id":"https:\/\/nabocadopovorn.com.br\/index.php\/2026\/08\/31\/receita-paga-nesta-segunda-ultimo-lote-de-restituicao-do-ir-2026\/"},"author":{"name":"Caio Rodrigo","@id":"https:\/\/nabocadopovorn.com.br\/#\/schema\/person\/4468ae2379df0d02bb183cb4b56757e7"},"headline":"Receita paga nesta segunda \u00faltimo lote de restitui\u00e7\u00e3o do IR 2026","datePublished":"2026-08-31T13:17:47+00:00","dateModified":"2026-08-31T13:17:58+00:00","mainEntityOfPage":{"@id":"https:\/\/nabocadopovorn.com.br\/index.php\/2026\/08\/31\/receita-paga-nesta-segunda-ultimo-lote-de-restituicao-do-ir-2026\/"},"wordCount":208,"publisher":{"@id":"https:\/\/nabocadopovorn.com.br\/#organization"},"image":{"@id":"https:\/\/nabocadopovorn.com.br\/index.php\/2026\/08\/31\/receita-paga-nesta-segunda-ultimo-lote-de-restituicao-do-ir-2026\/#primaryimage"},"thumbnailUrl":"https:\/\/nabocadopovorn.com.br\/wp-content\/uploads\/2026\/08\/reveita.jpg","articleSection":["Brasil"],"inLanguage":"pt-BR"},{"@type":"WebPage","@id":"https:\/\/nabocadopovorn.com.br\/index.php\/2026\/08\/31\/receita-paga-nesta-segunda-ultimo-lote-de-restituicao-do-ir-2026\/","url":"https:\/\/nabocadopovorn.com.br\/index.php\/2026\/08\/31\/receita-paga-nesta-segunda-ultimo-lote-de-restituicao-do-ir-2026\/","name":"Receita paga nesta segunda \u00faltimo lote de restitui\u00e7\u00e3o do IR 2026 - Na Boca do Povo RN","isPartOf":{"@id":"https:\/\/nabocadopovorn.com.br\/#website"},"primaryImageOfPage":{"@id":"https:\/\/nabocadopovorn.com.br\/index.php\/2026\/08\/31\/receita-paga-nesta-segunda-ultimo-lote-de-restituicao-do-ir-2026\/#primaryimage"},"image":{"@id":"https:\/\/nabocadopovorn.com.br\/index.php\/2026\/08\/31\/receita-paga-nesta-segunda-ultimo-lote-de-restituicao-do-ir-2026\/#primaryimage"},"thumbnailUrl":"https:\/\/nabocadopovorn.com.br\/wp-content\/uploads\/2026\/08\/reveita.jpg","datePublished":"2026-08-31T13:17:47+00:00","dateModified":"2026-08-31T13:17:58+00:00","breadcrumb":{"@id":"https:\/\/nabocadopovorn.com.br\/index.php\/2026\/08\/31\/receita-paga-nesta-segunda-ultimo-lote-de-restituicao-do-ir-2026\/#breadcrumb"},"inLanguage":"pt-BR","potentialAction":[{"@type":"ReadAction","target":["https:\/\/nabocadopovorn.com.br\/index.php\/2026\/08\/31\/receita-paga-nesta-segunda-ultimo-lote-de-restituicao-do-ir-2026\/"]}]},{"@type":"ImageObject","inLanguage":"pt-BR","@id":"https:\/\/nabocadopovorn.com.br\/index.php\/2026\/08\/31\/receita-paga-nesta-segunda-ultimo-lote-de-restituicao-do-ir-2026\/#primaryimage","url":"https:\/\/nabocadopovorn.com.br\/wp-content\/uploads\/2026\/08\/reveita.jpg","contentUrl":"https:\/\/nabocadopovorn.com.br\/wp-content\/uploads\/2026\/08\/reveita.jpg","width":1920,"height":1080},{"@type":"BreadcrumbList","@id":"https:\/\/nabocadopovorn.com.br\/index.php\/2026\/08\/31\/receita-paga-nesta-segunda-ultimo-lote-de-restituicao-do-ir-2026\/#breadcrumb","itemListElement":[{"@type":"ListItem","position":1,"name":"Home","item":"https:\/\/nabocadopovorn.com.br\/"},{"@type":"ListItem","position":2,"name":"Receita paga nesta segunda \u00faltimo lote de restitui\u00e7\u00e3o do IR 2026"}]},{"@type":"WebSite","@id":"https:\/\/nabocadopovorn.com.br\/#website","url":"https:\/\/nabocadopovorn.com.br\/","name":"Na Boca do Povo RN","description":"Informa\u00e7\u00e3o Total","publisher":{"@id":"https:\/\/nabocadopovorn.com.br\/#organization"},"potentialAction":[{"@type":"SearchAction","target":{"@type":"EntryPoint","urlTemplate":"https:\/\/nabocadopovorn.com.br\/?s={search_term_string}"},"query-input":{"@type":"PropertyValueSpecification","valueRequired":true,"valueName":"search_term_string"}}],"inLanguage":"pt-BR"},{"@type":"Organization","@id":"https:\/\/nabocadopovorn.com.br\/#organization","name":"Na Boca do Povo RN","url":"https:\/\/nabocadopovorn.com.br\/","logo":{"@type":"ImageObject","inLanguage":"pt-BR","@id":"https:\/\/nabocadopovorn.com.br\/#\/schema\/logo\/image\/","url":"https:\/\/nabocadopovorn.com.br\/wp-content\/uploads\/2026\/05\/cropped-logo-nova-reduzida.png","contentUrl":"https:\/\/nabocadopovorn.com.br\/wp-content\/uploads\/2026\/05\/cropped-logo-nova-reduzida.png","width":1024,"height":155,"caption":"Na Boca do Povo RN"},"image":{"@id":"https:\/\/nabocadopovorn.com.br\/#\/schema\/logo\/image\/"}},{"@type":"Person","@id":"https:\/\/nabocadopovorn.com.br\/#\/schema\/person\/4468ae2379df0d02bb183cb4b56757e7","name":"Caio Rodrigo","image":{"@type":"ImageObject","inLanguage":"pt-BR","@id":"https:\/\/nabocadopovorn.com.br\/wp-content\/uploads\/2026\/08\/down-150x150.jpg","url":"https:\/\/nabocadopovorn.com.br\/wp-content\/uploads\/2026\/08\/down-150x150.jpg","contentUrl":"https:\/\/nabocadopovorn.com.br\/wp-content\/uploads\/2026\/08\/down-150x150.jpg","caption":"Caio Rodrigo"},"url":"https:\/\/nabocadopovorn.com.br\/index.php\/author\/caiordrg4gmail-com\/"}]}},"_links":{"self":[{"href":"https:\/\/nabocadopovorn.com.br\/index.php\/wp-json\/wp\/v2\/posts\/9732","targetHints":{"allow":["GET"]}}],"collection":[{"href":"https:\/\/nabocadopovorn.com.br\/index.php\/wp-json\/wp\/v2\/posts"}],"about":[{"href":"https:\/\/nabocadopovorn.com.br\/index.php\/wp-json\/wp\/v2\/types\/post"}],"author":[{"embeddable":true,"href":"https:\/\/nabocadopovorn.com.br\/index.php\/wp-json\/wp\/v2\/users\/4"}],"replies":[{"embeddable":true,"href":"https:\/\/nabocadopovorn.com.br\/index.php\/wp-json\/wp\/v2\/comments?post=9732"}],"version-history":[{"count":1,"href":"https:\/\/nabocadopovorn.com.br\/index.php\/wp-json\/wp\/v2\/posts\/9732\/revisions"}],"predecessor-version":[{"id":9734,"href":"https:\/\/nabocadopovorn.com.br\/index.php\/wp-json\/wp\/v2\/posts\/9732\/revisions\/9734"}],"wp:featuredmedia":[{"embeddable":true,"href":"https:\/\/nabocadopovorn.com.br\/index.php\/wp-json\/wp\/v2\/media\/9733"}],"wp:attachment":[{"href":"https:\/\/nabocadopovorn.com.br\/index.php\/wp-json\/wp\/v2\/media?parent=9732"}],"wp:term":[{"taxonomy":"category","embeddable":true,"href":"https:\/\/nabocadopovorn.com.br\/index.php\/wp-json\/wp\/v2\/categories?post=9732"},{"taxonomy":"post_tag","embeddable":true,"href":"https:\/\/nabocadopovorn.com.br\/index.php\/wp-json\/wp\/v2\/tags?post=9732"}],"curies":[{"name":"wp","href":"https:\/\/api.w.org\/{rel}","templated":true}]}}