{"id":9729,"date":"2026-08-30T09:25:40","date_gmt":"2026-08-30T12:25:40","guid":{"rendered":"https:\/\/nabocadopovorn.com.br\/?p=9729"},"modified":"2026-08-30T09:25:45","modified_gmt":"2026-08-30T12:25:45","slug":"sinduscon-rn-pede-cautela-ao-senado-antes-da-votacao-da-pec-do-fim-da-escala-6x1","status":"publish","type":"post","link":"https:\/\/nabocadopovorn.com.br\/index.php\/2026\/08\/30\/sinduscon-rn-pede-cautela-ao-senado-antes-da-votacao-da-pec-do-fim-da-escala-6x1\/","title":{"rendered":"Sinduscon-RN pede cautela ao Senado antes da vota\u00e7\u00e3o da PEC do fim da escala 6\u00d71"},"content":{"rendered":"\n<p class=\"wp-block-paragraph\">\u00c0s v\u00e9speras do in\u00edcio do esfor\u00e7o concentrado do Senado, o Sindicato da Ind\u00fastria da Constru\u00e7\u00e3o Civil do Rio Grande do Norte (Sinduscon-RN) divulgou, neste s\u00e1bado 29, uma carta aberta aos senadores pedindo cautela na an\u00e1lise da Proposta de Emenda \u00e0 Constitui\u00e7\u00e3o (PEC) que extingue a escala de trabalho 6\u00d71 e reduz de 44 para 40 horas a jornada m\u00e1xima semanal.<\/p>\n\n\n\n<p class=\"wp-block-paragraph\">A manifesta\u00e7\u00e3o ocorre antes da retomada das atividades presenciais do Senado, marcada para segunda-feira 31, quando a proposta estar\u00e1 entre as prioridades da pauta do Congresso Nacional.<\/p>\n\n\n\n<p class=\"wp-block-paragraph\">A PEC 221\/2019 assegura dois dias de repouso remunerado por semana, sem redu\u00e7\u00e3o salarial. O texto j\u00e1 foi aprovado pela C\u00e2mara dos Deputados e recebeu parecer favor\u00e1vel do relator na Comiss\u00e3o de Constitui\u00e7\u00e3o e Justi\u00e7a (CCJ) do Senado, Omar Aziz (PSD-AM), que rejeitou as 12 emendas apresentadas e manteve a vers\u00e3o aprovada pelos deputados.<\/p>\n\n\n\n<p class=\"wp-block-paragraph\">Na carta, assinada pelo presidente do Sinduscon-RN e vice-presidente da C\u00e2mara Brasileira da Ind\u00fastria da Constru\u00e7\u00e3o (CBIC), S\u00e9rgio Henrique Andrade de Azevedo, a entidade afirma que n\u00e3o \u00e9 contr\u00e1ria, por princ\u00edpio, \u00e0 redu\u00e7\u00e3o da jornada de trabalho, mas considera necess\u00e1ria uma discuss\u00e3o mais ampla sobre os impactos da proposta.<\/p>\n\n\n\n<p class=\"wp-block-paragraph\">\u201cDecis\u00f5es constitucionais desta magnitude n\u00e3o deveriam ser tomadas em janelas curtas de calend\u00e1rio legislativo\u201d, afirma o documento.<\/p>\n\n\n\n<p class=\"wp-block-paragraph\">O sindicato pede que os senadores ou\u00e7am representantes de trabalhadores e empregadores, analisem os efeitos econ\u00f4micos e sociais da proposta e preservem o papel da negocia\u00e7\u00e3o coletiva.<\/p>\n\n\n\n<p class=\"wp-block-paragraph\">Segundo a entidade, uma redu\u00e7\u00e3o da jornada sem diminui\u00e7\u00e3o salarial pode elevar os custos de contrata\u00e7\u00e3o, principalmente em setores com grande utiliza\u00e7\u00e3o de m\u00e3o de obra, como a constru\u00e7\u00e3o civil. O documento tamb\u00e9m sustenta que mudan\u00e7as desse porte deveriam ser precedidas por a\u00e7\u00f5es voltadas ao aumento da produtividade da economia brasileira.<\/p>\n\n\n\n<p class=\"wp-block-paragraph\">\u201cPa\u00edses n\u00e3o se tornam mais produtivos porque trabalham menos. Tornam-se capazes de trabalhar menos porque se tornaram mais produtivos\u201d, diz um dos trechos da carta.<\/p>\n\n\n\n<p class=\"wp-block-paragraph\">O posicionamento do Sinduscon-RN acompanha manifesta\u00e7\u00f5es de outras entidades empresariais. A Confedera\u00e7\u00e3o Nacional da Ind\u00fastria (CNI), por exemplo, tamb\u00e9m tem alertado para poss\u00edveis impactos da redu\u00e7\u00e3o da jornada sobre os custos das empresas e da cria\u00e7\u00e3o de um segundo dia de descanso semanal remunerado.<\/p>\n\n\n\n<p class=\"wp-block-paragraph\"><strong>Fonte: Agora RN<\/strong><\/p>\n\n\n\n<p class=\"wp-block-paragraph\"><\/p>\n","protected":false},"excerpt":{"rendered":"<p>\u00c0s v\u00e9speras do in\u00edcio do esfor\u00e7o concentrado do Senado, o Sindicato da Ind\u00fastria da Constru\u00e7\u00e3o Civil do Rio<\/p>\n","protected":false},"author":4,"featured_media":9730,"comment_status":"closed","ping_status":"open","sticky":false,"template":"","format":"standard","meta":{"footnotes":""},"categories":[18],"tags":[],"class_list":["post-9729","post","type-post","status-publish","format-standard","has-post-thumbnail","hentry","category-rn"],"yoast_head":"<!-- This site is optimized with the Yoast SEO plugin v28.3 - https:\/\/yoast.com\/product\/yoast-seo-wordpress\/ -->\n<title>Sinduscon-RN pede cautela ao Senado antes da vota\u00e7\u00e3o da PEC do fim da escala 6\u00d71 - Na Boca do Povo RN<\/title>\n<meta name=\"robots\" content=\"index, follow, max-snippet:-1, max-image-preview:large, max-video-preview:-1\" \/>\n<link rel=\"canonical\" href=\"https:\/\/nabocadopovorn.com.br\/index.php\/2026\/08\/30\/sinduscon-rn-pede-cautela-ao-senado-antes-da-votacao-da-pec-do-fim-da-escala-6x1\/\" \/>\n<meta property=\"og:locale\" content=\"pt_BR\" \/>\n<meta property=\"og:type\" content=\"article\" \/>\n<meta property=\"og:title\" content=\"Sinduscon-RN pede cautela ao Senado antes da vota\u00e7\u00e3o da PEC do fim da escala 6\u00d71 - Na Boca do Povo RN\" \/>\n<meta property=\"og:description\" content=\"\u00c0s v\u00e9speras do in\u00edcio do esfor\u00e7o concentrado do Senado, o Sindicato da Ind\u00fastria da Constru\u00e7\u00e3o Civil do Rio\" \/>\n<meta property=\"og:url\" content=\"https:\/\/nabocadopovorn.com.br\/index.php\/2026\/08\/30\/sinduscon-rn-pede-cautela-ao-senado-antes-da-votacao-da-pec-do-fim-da-escala-6x1\/\" \/>\n<meta property=\"og:site_name\" content=\"Na Boca do Povo RN\" \/>\n<meta property=\"article:published_time\" content=\"2026-08-30T12:25:40+00:00\" \/>\n<meta property=\"article:modified_time\" content=\"2026-08-30T12:25:45+00:00\" \/>\n<meta property=\"og:image\" content=\"https:\/\/nabocadopovorn.com.br\/wp-content\/uploads\/2026\/08\/senadono.jpg\" \/>\n\t<meta property=\"og:image:width\" content=\"1920\" \/>\n\t<meta property=\"og:image:height\" content=\"1080\" \/>\n\t<meta property=\"og:image:type\" content=\"image\/jpeg\" \/>\n<meta name=\"author\" content=\"Caio Rodrigo\" \/>\n<meta name=\"twitter:card\" content=\"summary_large_image\" \/>\n<meta name=\"twitter:label1\" content=\"Escrito por\" \/>\n\t<meta name=\"twitter:data1\" content=\"Caio Rodrigo\" \/>\n\t<meta name=\"twitter:label2\" content=\"Est. tempo de leitura\" \/>\n\t<meta name=\"twitter:data2\" content=\"3 minutos\" \/>\n<script type=\"application\/ld+json\" class=\"yoast-schema-graph\">{\"@context\":\"https:\\\/\\\/schema.org\",\"@graph\":[{\"@type\":\"Article\",\"@id\":\"https:\\\/\\\/nabocadopovorn.com.br\\\/index.php\\\/2026\\\/08\\\/30\\\/sinduscon-rn-pede-cautela-ao-senado-antes-da-votacao-da-pec-do-fim-da-escala-6x1\\\/#article\",\"isPartOf\":{\"@id\":\"https:\\\/\\\/nabocadopovorn.com.br\\\/index.php\\\/2026\\\/08\\\/30\\\/sinduscon-rn-pede-cautela-ao-senado-antes-da-votacao-da-pec-do-fim-da-escala-6x1\\\/\"},\"author\":{\"name\":\"Caio Rodrigo\",\"@id\":\"https:\\\/\\\/nabocadopovorn.com.br\\\/#\\\/schema\\\/person\\\/4468ae2379df0d02bb183cb4b56757e7\"},\"headline\":\"Sinduscon-RN pede cautela ao Senado antes da vota\u00e7\u00e3o da PEC do fim da escala 6\u00d71\",\"datePublished\":\"2026-08-30T12:25:40+00:00\",\"dateModified\":\"2026-08-30T12:25:45+00:00\",\"mainEntityOfPage\":{\"@id\":\"https:\\\/\\\/nabocadopovorn.com.br\\\/index.php\\\/2026\\\/08\\\/30\\\/sinduscon-rn-pede-cautela-ao-senado-antes-da-votacao-da-pec-do-fim-da-escala-6x1\\\/\"},\"wordCount\":413,\"publisher\":{\"@id\":\"https:\\\/\\\/nabocadopovorn.com.br\\\/#organization\"},\"image\":{\"@id\":\"https:\\\/\\\/nabocadopovorn.com.br\\\/index.php\\\/2026\\\/08\\\/30\\\/sinduscon-rn-pede-cautela-ao-senado-antes-da-votacao-da-pec-do-fim-da-escala-6x1\\\/#primaryimage\"},\"thumbnailUrl\":\"https:\\\/\\\/nabocadopovorn.com.br\\\/wp-content\\\/uploads\\\/2026\\\/08\\\/senadono.jpg\",\"articleSection\":[\"RN\"],\"inLanguage\":\"pt-BR\"},{\"@type\":\"WebPage\",\"@id\":\"https:\\\/\\\/nabocadopovorn.com.br\\\/index.php\\\/2026\\\/08\\\/30\\\/sinduscon-rn-pede-cautela-ao-senado-antes-da-votacao-da-pec-do-fim-da-escala-6x1\\\/\",\"url\":\"https:\\\/\\\/nabocadopovorn.com.br\\\/index.php\\\/2026\\\/08\\\/30\\\/sinduscon-rn-pede-cautela-ao-senado-antes-da-votacao-da-pec-do-fim-da-escala-6x1\\\/\",\"name\":\"Sinduscon-RN pede cautela ao Senado antes da vota\u00e7\u00e3o da PEC do fim da escala 6\u00d71 - Na Boca do Povo RN\",\"isPartOf\":{\"@id\":\"https:\\\/\\\/nabocadopovorn.com.br\\\/#website\"},\"primaryImageOfPage\":{\"@id\":\"https:\\\/\\\/nabocadopovorn.com.br\\\/index.php\\\/2026\\\/08\\\/30\\\/sinduscon-rn-pede-cautela-ao-senado-antes-da-votacao-da-pec-do-fim-da-escala-6x1\\\/#primaryimage\"},\"image\":{\"@id\":\"https:\\\/\\\/nabocadopovorn.com.br\\\/index.php\\\/2026\\\/08\\\/30\\\/sinduscon-rn-pede-cautela-ao-senado-antes-da-votacao-da-pec-do-fim-da-escala-6x1\\\/#primaryimage\"},\"thumbnailUrl\":\"https:\\\/\\\/nabocadopovorn.com.br\\\/wp-content\\\/uploads\\\/2026\\\/08\\\/senadono.jpg\",\"datePublished\":\"2026-08-30T12:25:40+00:00\",\"dateModified\":\"2026-08-30T12:25:45+00:00\",\"breadcrumb\":{\"@id\":\"https:\\\/\\\/nabocadopovorn.com.br\\\/index.php\\\/2026\\\/08\\\/30\\\/sinduscon-rn-pede-cautela-ao-senado-antes-da-votacao-da-pec-do-fim-da-escala-6x1\\\/#breadcrumb\"},\"inLanguage\":\"pt-BR\",\"potentialAction\":[{\"@type\":\"ReadAction\",\"target\":[\"https:\\\/\\\/nabocadopovorn.com.br\\\/index.php\\\/2026\\\/08\\\/30\\\/sinduscon-rn-pede-cautela-ao-senado-antes-da-votacao-da-pec-do-fim-da-escala-6x1\\\/\"]}]},{\"@type\":\"ImageObject\",\"inLanguage\":\"pt-BR\",\"@id\":\"https:\\\/\\\/nabocadopovorn.com.br\\\/index.php\\\/2026\\\/08\\\/30\\\/sinduscon-rn-pede-cautela-ao-senado-antes-da-votacao-da-pec-do-fim-da-escala-6x1\\\/#primaryimage\",\"url\":\"https:\\\/\\\/nabocadopovorn.com.br\\\/wp-content\\\/uploads\\\/2026\\\/08\\\/senadono.jpg\",\"contentUrl\":\"https:\\\/\\\/nabocadopovorn.com.br\\\/wp-content\\\/uploads\\\/2026\\\/08\\\/senadono.jpg\",\"width\":1920,\"height\":1080},{\"@type\":\"BreadcrumbList\",\"@id\":\"https:\\\/\\\/nabocadopovorn.com.br\\\/index.php\\\/2026\\\/08\\\/30\\\/sinduscon-rn-pede-cautela-ao-senado-antes-da-votacao-da-pec-do-fim-da-escala-6x1\\\/#breadcrumb\",\"itemListElement\":[{\"@type\":\"ListItem\",\"position\":1,\"name\":\"Home\",\"item\":\"https:\\\/\\\/nabocadopovorn.com.br\\\/\"},{\"@type\":\"ListItem\",\"position\":2,\"name\":\"Sinduscon-RN pede cautela ao Senado antes da vota\u00e7\u00e3o da PEC do fim da escala 6\u00d71\"}]},{\"@type\":\"WebSite\",\"@id\":\"https:\\\/\\\/nabocadopovorn.com.br\\\/#website\",\"url\":\"https:\\\/\\\/nabocadopovorn.com.br\\\/\",\"name\":\"Na Boca do Povo RN\",\"description\":\"Informa\u00e7\u00e3o Total\",\"publisher\":{\"@id\":\"https:\\\/\\\/nabocadopovorn.com.br\\\/#organization\"},\"potentialAction\":[{\"@type\":\"SearchAction\",\"target\":{\"@type\":\"EntryPoint\",\"urlTemplate\":\"https:\\\/\\\/nabocadopovorn.com.br\\\/?s={search_term_string}\"},\"query-input\":{\"@type\":\"PropertyValueSpecification\",\"valueRequired\":true,\"valueName\":\"search_term_string\"}}],\"inLanguage\":\"pt-BR\"},{\"@type\":\"Organization\",\"@id\":\"https:\\\/\\\/nabocadopovorn.com.br\\\/#organization\",\"name\":\"Na Boca do Povo RN\",\"url\":\"https:\\\/\\\/nabocadopovorn.com.br\\\/\",\"logo\":{\"@type\":\"ImageObject\",\"inLanguage\":\"pt-BR\",\"@id\":\"https:\\\/\\\/nabocadopovorn.com.br\\\/#\\\/schema\\\/logo\\\/image\\\/\",\"url\":\"https:\\\/\\\/nabocadopovorn.com.br\\\/wp-content\\\/uploads\\\/2026\\\/05\\\/cropped-logo-nova-reduzida.png\",\"contentUrl\":\"https:\\\/\\\/nabocadopovorn.com.br\\\/wp-content\\\/uploads\\\/2026\\\/05\\\/cropped-logo-nova-reduzida.png\",\"width\":1024,\"height\":155,\"caption\":\"Na Boca do Povo RN\"},\"image\":{\"@id\":\"https:\\\/\\\/nabocadopovorn.com.br\\\/#\\\/schema\\\/logo\\\/image\\\/\"}},{\"@type\":\"Person\",\"@id\":\"https:\\\/\\\/nabocadopovorn.com.br\\\/#\\\/schema\\\/person\\\/4468ae2379df0d02bb183cb4b56757e7\",\"name\":\"Caio Rodrigo\",\"image\":{\"@type\":\"ImageObject\",\"inLanguage\":\"pt-BR\",\"@id\":\"https:\\\/\\\/nabocadopovorn.com.br\\\/wp-content\\\/uploads\\\/2026\\\/08\\\/down-150x150.jpg\",\"url\":\"https:\\\/\\\/nabocadopovorn.com.br\\\/wp-content\\\/uploads\\\/2026\\\/08\\\/down-150x150.jpg\",\"contentUrl\":\"https:\\\/\\\/nabocadopovorn.com.br\\\/wp-content\\\/uploads\\\/2026\\\/08\\\/down-150x150.jpg\",\"caption\":\"Caio Rodrigo\"},\"url\":\"https:\\\/\\\/nabocadopovorn.com.br\\\/index.php\\\/author\\\/caiordrg4gmail-com\\\/\"}]}<\/script>\n<!-- \/ Yoast SEO plugin. -->","yoast_head_json":{"title":"Sinduscon-RN pede cautela ao Senado antes da vota\u00e7\u00e3o da PEC do fim da escala 6\u00d71 - Na Boca do Povo RN","robots":{"index":"index","follow":"follow","max-snippet":"max-snippet:-1","max-image-preview":"max-image-preview:large","max-video-preview":"max-video-preview:-1"},"canonical":"https:\/\/nabocadopovorn.com.br\/index.php\/2026\/08\/30\/sinduscon-rn-pede-cautela-ao-senado-antes-da-votacao-da-pec-do-fim-da-escala-6x1\/","og_locale":"pt_BR","og_type":"article","og_title":"Sinduscon-RN pede cautela ao Senado antes da vota\u00e7\u00e3o da PEC do fim da escala 6\u00d71 - Na Boca do Povo RN","og_description":"\u00c0s v\u00e9speras do in\u00edcio do esfor\u00e7o concentrado do Senado, o Sindicato da Ind\u00fastria da Constru\u00e7\u00e3o Civil do Rio","og_url":"https:\/\/nabocadopovorn.com.br\/index.php\/2026\/08\/30\/sinduscon-rn-pede-cautela-ao-senado-antes-da-votacao-da-pec-do-fim-da-escala-6x1\/","og_site_name":"Na Boca do Povo RN","article_published_time":"2026-08-30T12:25:40+00:00","article_modified_time":"2026-08-30T12:25:45+00:00","og_image":[{"width":1920,"height":1080,"url":"https:\/\/nabocadopovorn.com.br\/wp-content\/uploads\/2026\/08\/senadono.jpg","type":"image\/jpeg"}],"author":"Caio Rodrigo","twitter_card":"summary_large_image","twitter_misc":{"Escrito por":"Caio Rodrigo","Est. tempo de leitura":"3 minutos"},"schema":{"@context":"https:\/\/schema.org","@graph":[{"@type":"Article","@id":"https:\/\/nabocadopovorn.com.br\/index.php\/2026\/08\/30\/sinduscon-rn-pede-cautela-ao-senado-antes-da-votacao-da-pec-do-fim-da-escala-6x1\/#article","isPartOf":{"@id":"https:\/\/nabocadopovorn.com.br\/index.php\/2026\/08\/30\/sinduscon-rn-pede-cautela-ao-senado-antes-da-votacao-da-pec-do-fim-da-escala-6x1\/"},"author":{"name":"Caio Rodrigo","@id":"https:\/\/nabocadopovorn.com.br\/#\/schema\/person\/4468ae2379df0d02bb183cb4b56757e7"},"headline":"Sinduscon-RN pede cautela ao Senado antes da vota\u00e7\u00e3o da PEC do fim da escala 6\u00d71","datePublished":"2026-08-30T12:25:40+00:00","dateModified":"2026-08-30T12:25:45+00:00","mainEntityOfPage":{"@id":"https:\/\/nabocadopovorn.com.br\/index.php\/2026\/08\/30\/sinduscon-rn-pede-cautela-ao-senado-antes-da-votacao-da-pec-do-fim-da-escala-6x1\/"},"wordCount":413,"publisher":{"@id":"https:\/\/nabocadopovorn.com.br\/#organization"},"image":{"@id":"https:\/\/nabocadopovorn.com.br\/index.php\/2026\/08\/30\/sinduscon-rn-pede-cautela-ao-senado-antes-da-votacao-da-pec-do-fim-da-escala-6x1\/#primaryimage"},"thumbnailUrl":"https:\/\/nabocadopovorn.com.br\/wp-content\/uploads\/2026\/08\/senadono.jpg","articleSection":["RN"],"inLanguage":"pt-BR"},{"@type":"WebPage","@id":"https:\/\/nabocadopovorn.com.br\/index.php\/2026\/08\/30\/sinduscon-rn-pede-cautela-ao-senado-antes-da-votacao-da-pec-do-fim-da-escala-6x1\/","url":"https:\/\/nabocadopovorn.com.br\/index.php\/2026\/08\/30\/sinduscon-rn-pede-cautela-ao-senado-antes-da-votacao-da-pec-do-fim-da-escala-6x1\/","name":"Sinduscon-RN pede cautela ao Senado antes da vota\u00e7\u00e3o da PEC do fim da escala 6\u00d71 - Na Boca do Povo RN","isPartOf":{"@id":"https:\/\/nabocadopovorn.com.br\/#website"},"primaryImageOfPage":{"@id":"https:\/\/nabocadopovorn.com.br\/index.php\/2026\/08\/30\/sinduscon-rn-pede-cautela-ao-senado-antes-da-votacao-da-pec-do-fim-da-escala-6x1\/#primaryimage"},"image":{"@id":"https:\/\/nabocadopovorn.com.br\/index.php\/2026\/08\/30\/sinduscon-rn-pede-cautela-ao-senado-antes-da-votacao-da-pec-do-fim-da-escala-6x1\/#primaryimage"},"thumbnailUrl":"https:\/\/nabocadopovorn.com.br\/wp-content\/uploads\/2026\/08\/senadono.jpg","datePublished":"2026-08-30T12:25:40+00:00","dateModified":"2026-08-30T12:25:45+00:00","breadcrumb":{"@id":"https:\/\/nabocadopovorn.com.br\/index.php\/2026\/08\/30\/sinduscon-rn-pede-cautela-ao-senado-antes-da-votacao-da-pec-do-fim-da-escala-6x1\/#breadcrumb"},"inLanguage":"pt-BR","potentialAction":[{"@type":"ReadAction","target":["https:\/\/nabocadopovorn.com.br\/index.php\/2026\/08\/30\/sinduscon-rn-pede-cautela-ao-senado-antes-da-votacao-da-pec-do-fim-da-escala-6x1\/"]}]},{"@type":"ImageObject","inLanguage":"pt-BR","@id":"https:\/\/nabocadopovorn.com.br\/index.php\/2026\/08\/30\/sinduscon-rn-pede-cautela-ao-senado-antes-da-votacao-da-pec-do-fim-da-escala-6x1\/#primaryimage","url":"https:\/\/nabocadopovorn.com.br\/wp-content\/uploads\/2026\/08\/senadono.jpg","contentUrl":"https:\/\/nabocadopovorn.com.br\/wp-content\/uploads\/2026\/08\/senadono.jpg","width":1920,"height":1080},{"@type":"BreadcrumbList","@id":"https:\/\/nabocadopovorn.com.br\/index.php\/2026\/08\/30\/sinduscon-rn-pede-cautela-ao-senado-antes-da-votacao-da-pec-do-fim-da-escala-6x1\/#breadcrumb","itemListElement":[{"@type":"ListItem","position":1,"name":"Home","item":"https:\/\/nabocadopovorn.com.br\/"},{"@type":"ListItem","position":2,"name":"Sinduscon-RN pede cautela ao Senado antes da vota\u00e7\u00e3o da PEC do fim da escala 6\u00d71"}]},{"@type":"WebSite","@id":"https:\/\/nabocadopovorn.com.br\/#website","url":"https:\/\/nabocadopovorn.com.br\/","name":"Na Boca do Povo RN","description":"Informa\u00e7\u00e3o Total","publisher":{"@id":"https:\/\/nabocadopovorn.com.br\/#organization"},"potentialAction":[{"@type":"SearchAction","target":{"@type":"EntryPoint","urlTemplate":"https:\/\/nabocadopovorn.com.br\/?s={search_term_string}"},"query-input":{"@type":"PropertyValueSpecification","valueRequired":true,"valueName":"search_term_string"}}],"inLanguage":"pt-BR"},{"@type":"Organization","@id":"https:\/\/nabocadopovorn.com.br\/#organization","name":"Na Boca do Povo RN","url":"https:\/\/nabocadopovorn.com.br\/","logo":{"@type":"ImageObject","inLanguage":"pt-BR","@id":"https:\/\/nabocadopovorn.com.br\/#\/schema\/logo\/image\/","url":"https:\/\/nabocadopovorn.com.br\/wp-content\/uploads\/2026\/05\/cropped-logo-nova-reduzida.png","contentUrl":"https:\/\/nabocadopovorn.com.br\/wp-content\/uploads\/2026\/05\/cropped-logo-nova-reduzida.png","width":1024,"height":155,"caption":"Na Boca do Povo RN"},"image":{"@id":"https:\/\/nabocadopovorn.com.br\/#\/schema\/logo\/image\/"}},{"@type":"Person","@id":"https:\/\/nabocadopovorn.com.br\/#\/schema\/person\/4468ae2379df0d02bb183cb4b56757e7","name":"Caio Rodrigo","image":{"@type":"ImageObject","inLanguage":"pt-BR","@id":"https:\/\/nabocadopovorn.com.br\/wp-content\/uploads\/2026\/08\/down-150x150.jpg","url":"https:\/\/nabocadopovorn.com.br\/wp-content\/uploads\/2026\/08\/down-150x150.jpg","contentUrl":"https:\/\/nabocadopovorn.com.br\/wp-content\/uploads\/2026\/08\/down-150x150.jpg","caption":"Caio Rodrigo"},"url":"https:\/\/nabocadopovorn.com.br\/index.php\/author\/caiordrg4gmail-com\/"}]}},"_links":{"self":[{"href":"https:\/\/nabocadopovorn.com.br\/index.php\/wp-json\/wp\/v2\/posts\/9729","targetHints":{"allow":["GET"]}}],"collection":[{"href":"https:\/\/nabocadopovorn.com.br\/index.php\/wp-json\/wp\/v2\/posts"}],"about":[{"href":"https:\/\/nabocadopovorn.com.br\/index.php\/wp-json\/wp\/v2\/types\/post"}],"author":[{"embeddable":true,"href":"https:\/\/nabocadopovorn.com.br\/index.php\/wp-json\/wp\/v2\/users\/4"}],"replies":[{"embeddable":true,"href":"https:\/\/nabocadopovorn.com.br\/index.php\/wp-json\/wp\/v2\/comments?post=9729"}],"version-history":[{"count":1,"href":"https:\/\/nabocadopovorn.com.br\/index.php\/wp-json\/wp\/v2\/posts\/9729\/revisions"}],"predecessor-version":[{"id":9731,"href":"https:\/\/nabocadopovorn.com.br\/index.php\/wp-json\/wp\/v2\/posts\/9729\/revisions\/9731"}],"wp:featuredmedia":[{"embeddable":true,"href":"https:\/\/nabocadopovorn.com.br\/index.php\/wp-json\/wp\/v2\/media\/9730"}],"wp:attachment":[{"href":"https:\/\/nabocadopovorn.com.br\/index.php\/wp-json\/wp\/v2\/media?parent=9729"}],"wp:term":[{"taxonomy":"category","embeddable":true,"href":"https:\/\/nabocadopovorn.com.br\/index.php\/wp-json\/wp\/v2\/categories?post=9729"},{"taxonomy":"post_tag","embeddable":true,"href":"https:\/\/nabocadopovorn.com.br\/index.php\/wp-json\/wp\/v2\/tags?post=9729"}],"curies":[{"name":"wp","href":"https:\/\/api.w.org\/{rel}","templated":true}]}}