{"id":8964,"date":"2026-07-19T09:09:03","date_gmt":"2026-07-19T12:09:03","guid":{"rendered":"https:\/\/nabocadopovorn.com.br\/?p=8964"},"modified":"2026-07-19T09:09:05","modified_gmt":"2026-07-19T12:09:05","slug":"cadu-xavier-confirma-ex-deputada-larissa-rosado-como-pre-candidata-a-vice","status":"publish","type":"post","link":"https:\/\/nabocadopovorn.com.br\/index.php\/2026\/07\/19\/cadu-xavier-confirma-ex-deputada-larissa-rosado-como-pre-candidata-a-vice\/","title":{"rendered":"Cadu Xavier confirma ex-deputada Larissa Rosado como pr\u00e9-candidata a vice"},"content":{"rendered":"\n<p class=\"wp-block-paragraph\"><em>Com Larissa de vice, Cadu se fortalece mais em Mossor\u00f3 e repete alian\u00e7a nacional<\/em><\/p>\n\n\n\n<p class=\"wp-block-paragraph\">O pr\u00e9-candidato ao Governo do Rio Grande do Norte Cadu Xavier (PT) anunciou na noite desta sexta-feira (17) a ex-deputada estadual Larissa Rosado (PSB) como candidata a vice-governadora em sua chapa<a><\/a>para as elei\u00e7\u00f5es de 2026. A defini\u00e7\u00e3o repete no estado a alian\u00e7a nacional entre o PT e o PSB, mantendo a composi\u00e7\u00e3o partid\u00e1ria observada na chapa do presidente Luiz In\u00e1cio Lula da Silva com Geraldo Alckmin.<\/p>\n\n\n\n<p class=\"wp-block-paragraph\">A confirma\u00e7\u00e3o da vice conclui a forma\u00e7\u00e3o da chapa majorit\u00e1ria apoiada pela governadora F\u00e1tima Bezerra (PT). O grupo conta com as candidaturas confirmadas \u00e0 disputa do Senado Federal da vereadora de Natal Samanda Alves (PT) e do ex-deputado federal Rafael Motta (PDT). A alian\u00e7a eleitoral engloba cinco legendas: a Federa\u00e7\u00e3o Brasil da Esperan\u00e7a (formada por PT, PV e PCdoB), o PSB e o PDT. A homologa\u00e7\u00e3o oficial ocorrer\u00e1 em conven\u00e7\u00e3o agendada para o dia 25 de julho, \u00e0s 9h, na Escola Estadual Professor Edgar Barbosa, no bairro de Lagoa Nova, em Natal.<\/p>\n\n\n\n<p class=\"wp-block-paragraph\">A indica\u00e7\u00e3o da vaga atende a uma reivindica\u00e7\u00e3o do PSB estadual, presidido por Larissa Rosado, que solicitava espa\u00e7o no grupo majorit\u00e1rio desde o in\u00edcio do ano. A posi\u00e7\u00e3o esteve em negocia\u00e7\u00e3o com a Federa\u00e7\u00e3o PSDB-Cidadania, sob lideran\u00e7a do presidente da Assembleia Legislativa, Ezequiel Ferreira (PSDB). Na quarta-feira (15), contudo, Ezequiel confirmou que apoiar\u00e1 a candidatura de \u00c1lvaro Dias (PL), direcionando a vice do PT para o PSB.<\/p>\n\n\n\n<p class=\"wp-block-paragraph\">Larissa Daniela da Esc\u00f3ssia Rosado \u00e9 natural de Mossor\u00f3, empres\u00e1ria e administradora formada pela Universidade Potiguar (UnP). Filha dos ex-deputados federais Sandra e La\u00edre Rosado, exerceu quatro mandatos na Assembleia Legislativa do Rio Grande do Norte entre os anos de 2003 e 2018. Comandou a Secretaria Estadual da Agricultura, da Pecu\u00e1ria e da Pesca entre 2007 e 2008, na gest\u00e3o da ex-governadora Wilma de Faria, e disputou a Prefeitura de Mossor\u00f3 em quatro pleitos. Em 2020, foi eleita vereadora do munic\u00edpio, tendo o mandato cassado em 2023 pela Justi\u00e7a Eleitoral em raz\u00e3o do descumprimento da cota de g\u00eanero pelo PSDB, sua antiga agremia\u00e7\u00e3o.<\/p>\n\n\n\n<p class=\"wp-block-paragraph\">Fonte Novo Noticias<\/p>\n","protected":false},"excerpt":{"rendered":"<p>Com Larissa de vice, Cadu se fortalece mais em Mossor\u00f3 e repete alian\u00e7a nacional O pr\u00e9-candidato ao Governo<\/p>\n","protected":false},"author":1,"featured_media":8965,"comment_status":"closed","ping_status":"open","sticky":false,"template":"","format":"standard","meta":{"footnotes":""},"categories":[23],"tags":[],"class_list":["post-8964","post","type-post","status-publish","format-standard","has-post-thumbnail","hentry","category-politica"],"yoast_head":"<!-- This site is optimized with the Yoast SEO plugin v28.4 - https:\/\/yoast.com\/product\/yoast-seo-wordpress\/ -->\n<title>Cadu Xavier confirma ex-deputada Larissa Rosado como pr\u00e9-candidata a vice - Na Boca do Povo RN<\/title>\n<meta name=\"robots\" content=\"index, follow, max-snippet:-1, max-image-preview:large, max-video-preview:-1\" \/>\n<link rel=\"canonical\" href=\"https:\/\/nabocadopovorn.com.br\/index.php\/2026\/07\/19\/cadu-xavier-confirma-ex-deputada-larissa-rosado-como-pre-candidata-a-vice\/\" \/>\n<meta property=\"og:locale\" content=\"pt_BR\" \/>\n<meta property=\"og:type\" content=\"article\" \/>\n<meta property=\"og:title\" content=\"Cadu Xavier confirma ex-deputada Larissa Rosado como pr\u00e9-candidata a vice - Na Boca do Povo RN\" \/>\n<meta property=\"og:description\" content=\"Com Larissa de vice, Cadu se fortalece mais em Mossor\u00f3 e repete alian\u00e7a nacional O pr\u00e9-candidato ao Governo\" \/>\n<meta property=\"og:url\" content=\"https:\/\/nabocadopovorn.com.br\/index.php\/2026\/07\/19\/cadu-xavier-confirma-ex-deputada-larissa-rosado-como-pre-candidata-a-vice\/\" \/>\n<meta property=\"og:site_name\" content=\"Na Boca do Povo RN\" \/>\n<meta property=\"article:published_time\" content=\"2026-07-19T12:09:03+00:00\" \/>\n<meta property=\"article:modified_time\" content=\"2026-07-19T12:09:05+00:00\" \/>\n<meta property=\"og:image\" content=\"https:\/\/nabocadopovorn.com.br\/wp-content\/uploads\/2026\/07\/WhatsApp-Image-2026-07-17-at-20.41.15-768x576-1.jpeg\" \/>\n\t<meta property=\"og:image:width\" content=\"768\" \/>\n\t<meta property=\"og:image:height\" content=\"576\" \/>\n\t<meta property=\"og:image:type\" content=\"image\/jpeg\" \/>\n<meta name=\"author\" content=\"Na Boca do Povo RN\" \/>\n<meta name=\"twitter:card\" content=\"summary_large_image\" \/>\n<meta name=\"twitter:label1\" content=\"Escrito por\" \/>\n\t<meta name=\"twitter:data1\" content=\"Na Boca do Povo RN\" \/>\n\t<meta name=\"twitter:label2\" content=\"Est. tempo de leitura\" \/>\n\t<meta name=\"twitter:data2\" content=\"3 minutos\" \/>\n<script type=\"application\/ld+json\" class=\"yoast-schema-graph\">{\"@context\":\"https:\\\/\\\/schema.org\",\"@graph\":[{\"@type\":\"Article\",\"@id\":\"https:\\\/\\\/nabocadopovorn.com.br\\\/index.php\\\/2026\\\/07\\\/19\\\/cadu-xavier-confirma-ex-deputada-larissa-rosado-como-pre-candidata-a-vice\\\/#article\",\"isPartOf\":{\"@id\":\"https:\\\/\\\/nabocadopovorn.com.br\\\/index.php\\\/2026\\\/07\\\/19\\\/cadu-xavier-confirma-ex-deputada-larissa-rosado-como-pre-candidata-a-vice\\\/\"},\"author\":{\"name\":\"Na Boca do Povo RN\",\"@id\":\"https:\\\/\\\/nabocadopovorn.com.br\\\/#\\\/schema\\\/person\\\/4784d91e6eb0ee789392e2506451ee44\"},\"headline\":\"Cadu Xavier confirma ex-deputada Larissa Rosado como pr\u00e9-candidata a vice\",\"datePublished\":\"2026-07-19T12:09:03+00:00\",\"dateModified\":\"2026-07-19T12:09:05+00:00\",\"mainEntityOfPage\":{\"@id\":\"https:\\\/\\\/nabocadopovorn.com.br\\\/index.php\\\/2026\\\/07\\\/19\\\/cadu-xavier-confirma-ex-deputada-larissa-rosado-como-pre-candidata-a-vice\\\/\"},\"wordCount\":381,\"publisher\":{\"@id\":\"https:\\\/\\\/nabocadopovorn.com.br\\\/#organization\"},\"image\":{\"@id\":\"https:\\\/\\\/nabocadopovorn.com.br\\\/index.php\\\/2026\\\/07\\\/19\\\/cadu-xavier-confirma-ex-deputada-larissa-rosado-como-pre-candidata-a-vice\\\/#primaryimage\"},\"thumbnailUrl\":\"https:\\\/\\\/nabocadopovorn.com.br\\\/wp-content\\\/uploads\\\/2026\\\/07\\\/WhatsApp-Image-2026-07-17-at-20.41.15-768x576-1.jpeg\",\"articleSection\":[\"Pol\u00edtica\"],\"inLanguage\":\"pt-BR\"},{\"@type\":\"WebPage\",\"@id\":\"https:\\\/\\\/nabocadopovorn.com.br\\\/index.php\\\/2026\\\/07\\\/19\\\/cadu-xavier-confirma-ex-deputada-larissa-rosado-como-pre-candidata-a-vice\\\/\",\"url\":\"https:\\\/\\\/nabocadopovorn.com.br\\\/index.php\\\/2026\\\/07\\\/19\\\/cadu-xavier-confirma-ex-deputada-larissa-rosado-como-pre-candidata-a-vice\\\/\",\"name\":\"Cadu Xavier confirma ex-deputada Larissa Rosado como pr\u00e9-candidata a vice - Na Boca do Povo RN\",\"isPartOf\":{\"@id\":\"https:\\\/\\\/nabocadopovorn.com.br\\\/#website\"},\"primaryImageOfPage\":{\"@id\":\"https:\\\/\\\/nabocadopovorn.com.br\\\/index.php\\\/2026\\\/07\\\/19\\\/cadu-xavier-confirma-ex-deputada-larissa-rosado-como-pre-candidata-a-vice\\\/#primaryimage\"},\"image\":{\"@id\":\"https:\\\/\\\/nabocadopovorn.com.br\\\/index.php\\\/2026\\\/07\\\/19\\\/cadu-xavier-confirma-ex-deputada-larissa-rosado-como-pre-candidata-a-vice\\\/#primaryimage\"},\"thumbnailUrl\":\"https:\\\/\\\/nabocadopovorn.com.br\\\/wp-content\\\/uploads\\\/2026\\\/07\\\/WhatsApp-Image-2026-07-17-at-20.41.15-768x576-1.jpeg\",\"datePublished\":\"2026-07-19T12:09:03+00:00\",\"dateModified\":\"2026-07-19T12:09:05+00:00\",\"breadcrumb\":{\"@id\":\"https:\\\/\\\/nabocadopovorn.com.br\\\/index.php\\\/2026\\\/07\\\/19\\\/cadu-xavier-confirma-ex-deputada-larissa-rosado-como-pre-candidata-a-vice\\\/#breadcrumb\"},\"inLanguage\":\"pt-BR\",\"potentialAction\":[{\"@type\":\"ReadAction\",\"target\":[\"https:\\\/\\\/nabocadopovorn.com.br\\\/index.php\\\/2026\\\/07\\\/19\\\/cadu-xavier-confirma-ex-deputada-larissa-rosado-como-pre-candidata-a-vice\\\/\"]}]},{\"@type\":\"ImageObject\",\"inLanguage\":\"pt-BR\",\"@id\":\"https:\\\/\\\/nabocadopovorn.com.br\\\/index.php\\\/2026\\\/07\\\/19\\\/cadu-xavier-confirma-ex-deputada-larissa-rosado-como-pre-candidata-a-vice\\\/#primaryimage\",\"url\":\"https:\\\/\\\/nabocadopovorn.com.br\\\/wp-content\\\/uploads\\\/2026\\\/07\\\/WhatsApp-Image-2026-07-17-at-20.41.15-768x576-1.jpeg\",\"contentUrl\":\"https:\\\/\\\/nabocadopovorn.com.br\\\/wp-content\\\/uploads\\\/2026\\\/07\\\/WhatsApp-Image-2026-07-17-at-20.41.15-768x576-1.jpeg\",\"width\":768,\"height\":576},{\"@type\":\"BreadcrumbList\",\"@id\":\"https:\\\/\\\/nabocadopovorn.com.br\\\/index.php\\\/2026\\\/07\\\/19\\\/cadu-xavier-confirma-ex-deputada-larissa-rosado-como-pre-candidata-a-vice\\\/#breadcrumb\",\"itemListElement\":[{\"@type\":\"ListItem\",\"position\":1,\"name\":\"Home\",\"item\":\"https:\\\/\\\/nabocadopovorn.com.br\\\/\"},{\"@type\":\"ListItem\",\"position\":2,\"name\":\"Cadu Xavier confirma ex-deputada Larissa Rosado como pr\u00e9-candidata a vice\"}]},{\"@type\":\"WebSite\",\"@id\":\"https:\\\/\\\/nabocadopovorn.com.br\\\/#website\",\"url\":\"https:\\\/\\\/nabocadopovorn.com.br\\\/\",\"name\":\"Na Boca do Povo RN\",\"description\":\"Informa\u00e7\u00e3o Total\",\"publisher\":{\"@id\":\"https:\\\/\\\/nabocadopovorn.com.br\\\/#organization\"},\"potentialAction\":[{\"@type\":\"SearchAction\",\"target\":{\"@type\":\"EntryPoint\",\"urlTemplate\":\"https:\\\/\\\/nabocadopovorn.com.br\\\/?s={search_term_string}\"},\"query-input\":{\"@type\":\"PropertyValueSpecification\",\"valueRequired\":true,\"valueName\":\"search_term_string\"}}],\"inLanguage\":\"pt-BR\"},{\"@type\":\"Organization\",\"@id\":\"https:\\\/\\\/nabocadopovorn.com.br\\\/#organization\",\"name\":\"Na Boca do Povo RN\",\"url\":\"https:\\\/\\\/nabocadopovorn.com.br\\\/\",\"logo\":{\"@type\":\"ImageObject\",\"inLanguage\":\"pt-BR\",\"@id\":\"https:\\\/\\\/nabocadopovorn.com.br\\\/#\\\/schema\\\/logo\\\/image\\\/\",\"url\":\"https:\\\/\\\/nabocadopovorn.com.br\\\/wp-content\\\/uploads\\\/2026\\\/05\\\/cropped-logo-nova-reduzida.png\",\"contentUrl\":\"https:\\\/\\\/nabocadopovorn.com.br\\\/wp-content\\\/uploads\\\/2026\\\/05\\\/cropped-logo-nova-reduzida.png\",\"width\":1024,\"height\":155,\"caption\":\"Na Boca do Povo RN\"},\"image\":{\"@id\":\"https:\\\/\\\/nabocadopovorn.com.br\\\/#\\\/schema\\\/logo\\\/image\\\/\"}},{\"@type\":\"Person\",\"@id\":\"https:\\\/\\\/nabocadopovorn.com.br\\\/#\\\/schema\\\/person\\\/4784d91e6eb0ee789392e2506451ee44\",\"name\":\"Na Boca do Povo RN\",\"image\":{\"@type\":\"ImageObject\",\"inLanguage\":\"pt-BR\",\"@id\":\"https:\\\/\\\/secure.gravatar.com\\\/avatar\\\/568abe1cbc790e8c79eadb7595ddaf9dccc533c248b489d4b018b6c00965b6ea?s=96&d=mm&r=g\",\"url\":\"https:\\\/\\\/secure.gravatar.com\\\/avatar\\\/568abe1cbc790e8c79eadb7595ddaf9dccc533c248b489d4b018b6c00965b6ea?s=96&d=mm&r=g\",\"contentUrl\":\"https:\\\/\\\/secure.gravatar.com\\\/avatar\\\/568abe1cbc790e8c79eadb7595ddaf9dccc533c248b489d4b018b6c00965b6ea?s=96&d=mm&r=g\",\"caption\":\"Na Boca do Povo RN\"},\"sameAs\":[\"http:\\\/\\\/nabocadopovorn.com.br\"],\"url\":\"https:\\\/\\\/nabocadopovorn.com.br\\\/index.php\\\/author\\\/nabocadopovorn23gmail-com\\\/\"}]}<\/script>\n<!-- \/ Yoast SEO plugin. -->","yoast_head_json":{"title":"Cadu Xavier confirma ex-deputada Larissa Rosado como pr\u00e9-candidata a vice - Na Boca do Povo RN","robots":{"index":"index","follow":"follow","max-snippet":"max-snippet:-1","max-image-preview":"max-image-preview:large","max-video-preview":"max-video-preview:-1"},"canonical":"https:\/\/nabocadopovorn.com.br\/index.php\/2026\/07\/19\/cadu-xavier-confirma-ex-deputada-larissa-rosado-como-pre-candidata-a-vice\/","og_locale":"pt_BR","og_type":"article","og_title":"Cadu Xavier confirma ex-deputada Larissa Rosado como pr\u00e9-candidata a vice - Na Boca do Povo RN","og_description":"Com Larissa de vice, Cadu se fortalece mais em Mossor\u00f3 e repete alian\u00e7a nacional O pr\u00e9-candidato ao Governo","og_url":"https:\/\/nabocadopovorn.com.br\/index.php\/2026\/07\/19\/cadu-xavier-confirma-ex-deputada-larissa-rosado-como-pre-candidata-a-vice\/","og_site_name":"Na Boca do Povo RN","article_published_time":"2026-07-19T12:09:03+00:00","article_modified_time":"2026-07-19T12:09:05+00:00","og_image":[{"width":768,"height":576,"url":"https:\/\/nabocadopovorn.com.br\/wp-content\/uploads\/2026\/07\/WhatsApp-Image-2026-07-17-at-20.41.15-768x576-1.jpeg","type":"image\/jpeg"}],"author":"Na Boca do Povo RN","twitter_card":"summary_large_image","twitter_misc":{"Escrito por":"Na Boca do Povo RN","Est. tempo de leitura":"3 minutos"},"schema":{"@context":"https:\/\/schema.org","@graph":[{"@type":"Article","@id":"https:\/\/nabocadopovorn.com.br\/index.php\/2026\/07\/19\/cadu-xavier-confirma-ex-deputada-larissa-rosado-como-pre-candidata-a-vice\/#article","isPartOf":{"@id":"https:\/\/nabocadopovorn.com.br\/index.php\/2026\/07\/19\/cadu-xavier-confirma-ex-deputada-larissa-rosado-como-pre-candidata-a-vice\/"},"author":{"name":"Na Boca do Povo RN","@id":"https:\/\/nabocadopovorn.com.br\/#\/schema\/person\/4784d91e6eb0ee789392e2506451ee44"},"headline":"Cadu Xavier confirma ex-deputada Larissa Rosado como pr\u00e9-candidata a vice","datePublished":"2026-07-19T12:09:03+00:00","dateModified":"2026-07-19T12:09:05+00:00","mainEntityOfPage":{"@id":"https:\/\/nabocadopovorn.com.br\/index.php\/2026\/07\/19\/cadu-xavier-confirma-ex-deputada-larissa-rosado-como-pre-candidata-a-vice\/"},"wordCount":381,"publisher":{"@id":"https:\/\/nabocadopovorn.com.br\/#organization"},"image":{"@id":"https:\/\/nabocadopovorn.com.br\/index.php\/2026\/07\/19\/cadu-xavier-confirma-ex-deputada-larissa-rosado-como-pre-candidata-a-vice\/#primaryimage"},"thumbnailUrl":"https:\/\/nabocadopovorn.com.br\/wp-content\/uploads\/2026\/07\/WhatsApp-Image-2026-07-17-at-20.41.15-768x576-1.jpeg","articleSection":["Pol\u00edtica"],"inLanguage":"pt-BR"},{"@type":"WebPage","@id":"https:\/\/nabocadopovorn.com.br\/index.php\/2026\/07\/19\/cadu-xavier-confirma-ex-deputada-larissa-rosado-como-pre-candidata-a-vice\/","url":"https:\/\/nabocadopovorn.com.br\/index.php\/2026\/07\/19\/cadu-xavier-confirma-ex-deputada-larissa-rosado-como-pre-candidata-a-vice\/","name":"Cadu Xavier confirma ex-deputada Larissa Rosado como pr\u00e9-candidata a vice - Na Boca do Povo RN","isPartOf":{"@id":"https:\/\/nabocadopovorn.com.br\/#website"},"primaryImageOfPage":{"@id":"https:\/\/nabocadopovorn.com.br\/index.php\/2026\/07\/19\/cadu-xavier-confirma-ex-deputada-larissa-rosado-como-pre-candidata-a-vice\/#primaryimage"},"image":{"@id":"https:\/\/nabocadopovorn.com.br\/index.php\/2026\/07\/19\/cadu-xavier-confirma-ex-deputada-larissa-rosado-como-pre-candidata-a-vice\/#primaryimage"},"thumbnailUrl":"https:\/\/nabocadopovorn.com.br\/wp-content\/uploads\/2026\/07\/WhatsApp-Image-2026-07-17-at-20.41.15-768x576-1.jpeg","datePublished":"2026-07-19T12:09:03+00:00","dateModified":"2026-07-19T12:09:05+00:00","breadcrumb":{"@id":"https:\/\/nabocadopovorn.com.br\/index.php\/2026\/07\/19\/cadu-xavier-confirma-ex-deputada-larissa-rosado-como-pre-candidata-a-vice\/#breadcrumb"},"inLanguage":"pt-BR","potentialAction":[{"@type":"ReadAction","target":["https:\/\/nabocadopovorn.com.br\/index.php\/2026\/07\/19\/cadu-xavier-confirma-ex-deputada-larissa-rosado-como-pre-candidata-a-vice\/"]}]},{"@type":"ImageObject","inLanguage":"pt-BR","@id":"https:\/\/nabocadopovorn.com.br\/index.php\/2026\/07\/19\/cadu-xavier-confirma-ex-deputada-larissa-rosado-como-pre-candidata-a-vice\/#primaryimage","url":"https:\/\/nabocadopovorn.com.br\/wp-content\/uploads\/2026\/07\/WhatsApp-Image-2026-07-17-at-20.41.15-768x576-1.jpeg","contentUrl":"https:\/\/nabocadopovorn.com.br\/wp-content\/uploads\/2026\/07\/WhatsApp-Image-2026-07-17-at-20.41.15-768x576-1.jpeg","width":768,"height":576},{"@type":"BreadcrumbList","@id":"https:\/\/nabocadopovorn.com.br\/index.php\/2026\/07\/19\/cadu-xavier-confirma-ex-deputada-larissa-rosado-como-pre-candidata-a-vice\/#breadcrumb","itemListElement":[{"@type":"ListItem","position":1,"name":"Home","item":"https:\/\/nabocadopovorn.com.br\/"},{"@type":"ListItem","position":2,"name":"Cadu Xavier confirma ex-deputada Larissa Rosado como pr\u00e9-candidata a vice"}]},{"@type":"WebSite","@id":"https:\/\/nabocadopovorn.com.br\/#website","url":"https:\/\/nabocadopovorn.com.br\/","name":"Na Boca do Povo RN","description":"Informa\u00e7\u00e3o Total","publisher":{"@id":"https:\/\/nabocadopovorn.com.br\/#organization"},"potentialAction":[{"@type":"SearchAction","target":{"@type":"EntryPoint","urlTemplate":"https:\/\/nabocadopovorn.com.br\/?s={search_term_string}"},"query-input":{"@type":"PropertyValueSpecification","valueRequired":true,"valueName":"search_term_string"}}],"inLanguage":"pt-BR"},{"@type":"Organization","@id":"https:\/\/nabocadopovorn.com.br\/#organization","name":"Na Boca do Povo RN","url":"https:\/\/nabocadopovorn.com.br\/","logo":{"@type":"ImageObject","inLanguage":"pt-BR","@id":"https:\/\/nabocadopovorn.com.br\/#\/schema\/logo\/image\/","url":"https:\/\/nabocadopovorn.com.br\/wp-content\/uploads\/2026\/05\/cropped-logo-nova-reduzida.png","contentUrl":"https:\/\/nabocadopovorn.com.br\/wp-content\/uploads\/2026\/05\/cropped-logo-nova-reduzida.png","width":1024,"height":155,"caption":"Na Boca do Povo RN"},"image":{"@id":"https:\/\/nabocadopovorn.com.br\/#\/schema\/logo\/image\/"}},{"@type":"Person","@id":"https:\/\/nabocadopovorn.com.br\/#\/schema\/person\/4784d91e6eb0ee789392e2506451ee44","name":"Na Boca do Povo RN","image":{"@type":"ImageObject","inLanguage":"pt-BR","@id":"https:\/\/secure.gravatar.com\/avatar\/568abe1cbc790e8c79eadb7595ddaf9dccc533c248b489d4b018b6c00965b6ea?s=96&d=mm&r=g","url":"https:\/\/secure.gravatar.com\/avatar\/568abe1cbc790e8c79eadb7595ddaf9dccc533c248b489d4b018b6c00965b6ea?s=96&d=mm&r=g","contentUrl":"https:\/\/secure.gravatar.com\/avatar\/568abe1cbc790e8c79eadb7595ddaf9dccc533c248b489d4b018b6c00965b6ea?s=96&d=mm&r=g","caption":"Na Boca do Povo RN"},"sameAs":["http:\/\/nabocadopovorn.com.br"],"url":"https:\/\/nabocadopovorn.com.br\/index.php\/author\/nabocadopovorn23gmail-com\/"}]}},"_links":{"self":[{"href":"https:\/\/nabocadopovorn.com.br\/index.php\/wp-json\/wp\/v2\/posts\/8964","targetHints":{"allow":["GET"]}}],"collection":[{"href":"https:\/\/nabocadopovorn.com.br\/index.php\/wp-json\/wp\/v2\/posts"}],"about":[{"href":"https:\/\/nabocadopovorn.com.br\/index.php\/wp-json\/wp\/v2\/types\/post"}],"author":[{"embeddable":true,"href":"https:\/\/nabocadopovorn.com.br\/index.php\/wp-json\/wp\/v2\/users\/1"}],"replies":[{"embeddable":true,"href":"https:\/\/nabocadopovorn.com.br\/index.php\/wp-json\/wp\/v2\/comments?post=8964"}],"version-history":[{"count":1,"href":"https:\/\/nabocadopovorn.com.br\/index.php\/wp-json\/wp\/v2\/posts\/8964\/revisions"}],"predecessor-version":[{"id":8966,"href":"https:\/\/nabocadopovorn.com.br\/index.php\/wp-json\/wp\/v2\/posts\/8964\/revisions\/8966"}],"wp:featuredmedia":[{"embeddable":true,"href":"https:\/\/nabocadopovorn.com.br\/index.php\/wp-json\/wp\/v2\/media\/8965"}],"wp:attachment":[{"href":"https:\/\/nabocadopovorn.com.br\/index.php\/wp-json\/wp\/v2\/media?parent=8964"}],"wp:term":[{"taxonomy":"category","embeddable":true,"href":"https:\/\/nabocadopovorn.com.br\/index.php\/wp-json\/wp\/v2\/categories?post=8964"},{"taxonomy":"post_tag","embeddable":true,"href":"https:\/\/nabocadopovorn.com.br\/index.php\/wp-json\/wp\/v2\/tags?post=8964"}],"curies":[{"name":"wp","href":"https:\/\/api.w.org\/{rel}","templated":true}]}}