{"id":8952,"date":"2026-07-19T09:03:06","date_gmt":"2026-07-19T12:03:06","guid":{"rendered":"https:\/\/nabocadopovorn.com.br\/?p=8952"},"modified":"2026-07-19T09:03:09","modified_gmt":"2026-07-19T12:03:09","slug":"policial-penal-suspeito-de-matar-ex-companheira-e-ex-sogro-e-preso-no-interior-do-rn","status":"publish","type":"post","link":"https:\/\/nabocadopovorn.com.br\/index.php\/2026\/07\/19\/policial-penal-suspeito-de-matar-ex-companheira-e-ex-sogro-e-preso-no-interior-do-rn\/","title":{"rendered":"Policial penal suspeito de matar ex-companheira e ex-sogro \u00e9 preso no interior do RN"},"content":{"rendered":"\n<p class=\"wp-block-paragraph\">&nbsp;Informa\u00e7\u00f5es exclusivas do<em>&nbsp;RN News&nbsp;<\/em>apontam que o policial penal Francisco H\u00e9lio, suspeito de matar a ex-esposa e o ex-sogro na \u00faltima ter\u00e7a-feira (14), em Maxaranguape, foi preso neste s\u00e1bado (18) em Senador El\u00f3i de Souza.<a><\/a><\/p>\n\n\n\n<p class=\"wp-block-paragraph\">Segundo as informa\u00e7\u00f5es obtidas com exclusividade pelo RN News, ele foi localizado por policiais militares do 15\u00ba Batalh\u00e3o enquanto sa\u00eda de uma \u00e1rea de mata em dire\u00e7\u00e3o \u00e0 cidade. No momento da abordagem, o suspeito estava desorientado, com diversos arranh\u00f5es pelo corpo, e portava uma arma de fogo, que ser\u00e1 periciada e pode ter sido utilizada no crime.<\/p>\n\n\n\n<p class=\"wp-block-paragraph\">Ainda de acordo com o RN News, Francisco H\u00e9lio foi encaminhado para a Delegacia Regional de Santa Cruz, onde ser\u00e1 apresentado \u00e0 Pol\u00edcia Civil e permanecer\u00e1 \u00e0 disposi\u00e7\u00e3o da Justi\u00e7a.<\/p>\n\n\n\n<p class=\"wp-block-paragraph\">Fonte 96FM<\/p>\n","protected":false},"excerpt":{"rendered":"<p>&nbsp;Informa\u00e7\u00f5es exclusivas do&nbsp;RN News&nbsp;apontam que o policial penal Francisco H\u00e9lio, suspeito de matar a ex-esposa e o ex-sogro<\/p>\n","protected":false},"author":1,"featured_media":8953,"comment_status":"closed","ping_status":"open","sticky":false,"template":"","format":"standard","meta":{"footnotes":""},"categories":[87],"tags":[],"class_list":["post-8952","post","type-post","status-publish","format-standard","has-post-thumbnail","hentry","category-policia"],"yoast_head":"<!-- This site is optimized with the Yoast SEO plugin v28.4 - https:\/\/yoast.com\/product\/yoast-seo-wordpress\/ -->\n<title>Policial penal suspeito de matar ex-companheira e ex-sogro \u00e9 preso no interior do RN - Na Boca do Povo RN<\/title>\n<meta name=\"robots\" content=\"index, follow, max-snippet:-1, max-image-preview:large, max-video-preview:-1\" \/>\n<link rel=\"canonical\" href=\"https:\/\/nabocadopovorn.com.br\/index.php\/2026\/07\/19\/policial-penal-suspeito-de-matar-ex-companheira-e-ex-sogro-e-preso-no-interior-do-rn\/\" \/>\n<meta property=\"og:locale\" content=\"pt_BR\" \/>\n<meta property=\"og:type\" content=\"article\" \/>\n<meta property=\"og:title\" content=\"Policial penal suspeito de matar ex-companheira e ex-sogro \u00e9 preso no interior do RN - Na Boca do Povo RN\" \/>\n<meta property=\"og:description\" content=\"&nbsp;Informa\u00e7\u00f5es exclusivas do&nbsp;RN News&nbsp;apontam que o policial penal Francisco H\u00e9lio, suspeito de matar a ex-esposa e o ex-sogro\" \/>\n<meta property=\"og:url\" content=\"https:\/\/nabocadopovorn.com.br\/index.php\/2026\/07\/19\/policial-penal-suspeito-de-matar-ex-companheira-e-ex-sogro-e-preso-no-interior-do-rn\/\" \/>\n<meta property=\"og:site_name\" content=\"Na Boca do Povo RN\" \/>\n<meta property=\"article:published_time\" content=\"2026-07-19T12:03:06+00:00\" \/>\n<meta property=\"article:modified_time\" content=\"2026-07-19T12:03:09+00:00\" \/>\n<meta property=\"og:image\" content=\"https:\/\/nabocadopovorn.com.br\/wp-content\/uploads\/2026\/07\/01KXVDEVMB9CJ08PRWC8WFWV2Q.png\" \/>\n\t<meta property=\"og:image:width\" content=\"1023\" \/>\n\t<meta property=\"og:image:height\" content=\"790\" \/>\n\t<meta property=\"og:image:type\" content=\"image\/png\" \/>\n<meta name=\"author\" content=\"Na Boca do Povo RN\" \/>\n<meta name=\"twitter:card\" content=\"summary_large_image\" \/>\n<meta name=\"twitter:label1\" content=\"Escrito por\" \/>\n\t<meta name=\"twitter:data1\" content=\"Na Boca do Povo RN\" \/>\n\t<meta name=\"twitter:label2\" content=\"Est. tempo de leitura\" \/>\n\t<meta name=\"twitter:data2\" content=\"1 minuto\" \/>\n<script type=\"application\/ld+json\" class=\"yoast-schema-graph\">{\"@context\":\"https:\\\/\\\/schema.org\",\"@graph\":[{\"@type\":\"Article\",\"@id\":\"https:\\\/\\\/nabocadopovorn.com.br\\\/index.php\\\/2026\\\/07\\\/19\\\/policial-penal-suspeito-de-matar-ex-companheira-e-ex-sogro-e-preso-no-interior-do-rn\\\/#article\",\"isPartOf\":{\"@id\":\"https:\\\/\\\/nabocadopovorn.com.br\\\/index.php\\\/2026\\\/07\\\/19\\\/policial-penal-suspeito-de-matar-ex-companheira-e-ex-sogro-e-preso-no-interior-do-rn\\\/\"},\"author\":{\"name\":\"Na Boca do Povo RN\",\"@id\":\"https:\\\/\\\/nabocadopovorn.com.br\\\/#\\\/schema\\\/person\\\/4784d91e6eb0ee789392e2506451ee44\"},\"headline\":\"Policial penal suspeito de matar ex-companheira e ex-sogro \u00e9 preso no interior do RN\",\"datePublished\":\"2026-07-19T12:03:06+00:00\",\"dateModified\":\"2026-07-19T12:03:09+00:00\",\"mainEntityOfPage\":{\"@id\":\"https:\\\/\\\/nabocadopovorn.com.br\\\/index.php\\\/2026\\\/07\\\/19\\\/policial-penal-suspeito-de-matar-ex-companheira-e-ex-sogro-e-preso-no-interior-do-rn\\\/\"},\"wordCount\":150,\"publisher\":{\"@id\":\"https:\\\/\\\/nabocadopovorn.com.br\\\/#organization\"},\"image\":{\"@id\":\"https:\\\/\\\/nabocadopovorn.com.br\\\/index.php\\\/2026\\\/07\\\/19\\\/policial-penal-suspeito-de-matar-ex-companheira-e-ex-sogro-e-preso-no-interior-do-rn\\\/#primaryimage\"},\"thumbnailUrl\":\"https:\\\/\\\/nabocadopovorn.com.br\\\/wp-content\\\/uploads\\\/2026\\\/07\\\/01KXVDEVMB9CJ08PRWC8WFWV2Q.png\",\"articleSection\":[\"Pol\u00edcia\"],\"inLanguage\":\"pt-BR\"},{\"@type\":\"WebPage\",\"@id\":\"https:\\\/\\\/nabocadopovorn.com.br\\\/index.php\\\/2026\\\/07\\\/19\\\/policial-penal-suspeito-de-matar-ex-companheira-e-ex-sogro-e-preso-no-interior-do-rn\\\/\",\"url\":\"https:\\\/\\\/nabocadopovorn.com.br\\\/index.php\\\/2026\\\/07\\\/19\\\/policial-penal-suspeito-de-matar-ex-companheira-e-ex-sogro-e-preso-no-interior-do-rn\\\/\",\"name\":\"Policial penal suspeito de matar ex-companheira e ex-sogro \u00e9 preso no interior do RN - Na Boca do Povo RN\",\"isPartOf\":{\"@id\":\"https:\\\/\\\/nabocadopovorn.com.br\\\/#website\"},\"primaryImageOfPage\":{\"@id\":\"https:\\\/\\\/nabocadopovorn.com.br\\\/index.php\\\/2026\\\/07\\\/19\\\/policial-penal-suspeito-de-matar-ex-companheira-e-ex-sogro-e-preso-no-interior-do-rn\\\/#primaryimage\"},\"image\":{\"@id\":\"https:\\\/\\\/nabocadopovorn.com.br\\\/index.php\\\/2026\\\/07\\\/19\\\/policial-penal-suspeito-de-matar-ex-companheira-e-ex-sogro-e-preso-no-interior-do-rn\\\/#primaryimage\"},\"thumbnailUrl\":\"https:\\\/\\\/nabocadopovorn.com.br\\\/wp-content\\\/uploads\\\/2026\\\/07\\\/01KXVDEVMB9CJ08PRWC8WFWV2Q.png\",\"datePublished\":\"2026-07-19T12:03:06+00:00\",\"dateModified\":\"2026-07-19T12:03:09+00:00\",\"breadcrumb\":{\"@id\":\"https:\\\/\\\/nabocadopovorn.com.br\\\/index.php\\\/2026\\\/07\\\/19\\\/policial-penal-suspeito-de-matar-ex-companheira-e-ex-sogro-e-preso-no-interior-do-rn\\\/#breadcrumb\"},\"inLanguage\":\"pt-BR\",\"potentialAction\":[{\"@type\":\"ReadAction\",\"target\":[\"https:\\\/\\\/nabocadopovorn.com.br\\\/index.php\\\/2026\\\/07\\\/19\\\/policial-penal-suspeito-de-matar-ex-companheira-e-ex-sogro-e-preso-no-interior-do-rn\\\/\"]}]},{\"@type\":\"ImageObject\",\"inLanguage\":\"pt-BR\",\"@id\":\"https:\\\/\\\/nabocadopovorn.com.br\\\/index.php\\\/2026\\\/07\\\/19\\\/policial-penal-suspeito-de-matar-ex-companheira-e-ex-sogro-e-preso-no-interior-do-rn\\\/#primaryimage\",\"url\":\"https:\\\/\\\/nabocadopovorn.com.br\\\/wp-content\\\/uploads\\\/2026\\\/07\\\/01KXVDEVMB9CJ08PRWC8WFWV2Q.png\",\"contentUrl\":\"https:\\\/\\\/nabocadopovorn.com.br\\\/wp-content\\\/uploads\\\/2026\\\/07\\\/01KXVDEVMB9CJ08PRWC8WFWV2Q.png\",\"width\":1023,\"height\":790},{\"@type\":\"BreadcrumbList\",\"@id\":\"https:\\\/\\\/nabocadopovorn.com.br\\\/index.php\\\/2026\\\/07\\\/19\\\/policial-penal-suspeito-de-matar-ex-companheira-e-ex-sogro-e-preso-no-interior-do-rn\\\/#breadcrumb\",\"itemListElement\":[{\"@type\":\"ListItem\",\"position\":1,\"name\":\"Home\",\"item\":\"https:\\\/\\\/nabocadopovorn.com.br\\\/\"},{\"@type\":\"ListItem\",\"position\":2,\"name\":\"Policial penal suspeito de matar ex-companheira e ex-sogro \u00e9 preso no interior do RN\"}]},{\"@type\":\"WebSite\",\"@id\":\"https:\\\/\\\/nabocadopovorn.com.br\\\/#website\",\"url\":\"https:\\\/\\\/nabocadopovorn.com.br\\\/\",\"name\":\"Na Boca do Povo RN\",\"description\":\"Informa\u00e7\u00e3o Total\",\"publisher\":{\"@id\":\"https:\\\/\\\/nabocadopovorn.com.br\\\/#organization\"},\"potentialAction\":[{\"@type\":\"SearchAction\",\"target\":{\"@type\":\"EntryPoint\",\"urlTemplate\":\"https:\\\/\\\/nabocadopovorn.com.br\\\/?s={search_term_string}\"},\"query-input\":{\"@type\":\"PropertyValueSpecification\",\"valueRequired\":true,\"valueName\":\"search_term_string\"}}],\"inLanguage\":\"pt-BR\"},{\"@type\":\"Organization\",\"@id\":\"https:\\\/\\\/nabocadopovorn.com.br\\\/#organization\",\"name\":\"Na Boca do Povo RN\",\"url\":\"https:\\\/\\\/nabocadopovorn.com.br\\\/\",\"logo\":{\"@type\":\"ImageObject\",\"inLanguage\":\"pt-BR\",\"@id\":\"https:\\\/\\\/nabocadopovorn.com.br\\\/#\\\/schema\\\/logo\\\/image\\\/\",\"url\":\"https:\\\/\\\/nabocadopovorn.com.br\\\/wp-content\\\/uploads\\\/2026\\\/05\\\/cropped-logo-nova-reduzida.png\",\"contentUrl\":\"https:\\\/\\\/nabocadopovorn.com.br\\\/wp-content\\\/uploads\\\/2026\\\/05\\\/cropped-logo-nova-reduzida.png\",\"width\":1024,\"height\":155,\"caption\":\"Na Boca do Povo RN\"},\"image\":{\"@id\":\"https:\\\/\\\/nabocadopovorn.com.br\\\/#\\\/schema\\\/logo\\\/image\\\/\"}},{\"@type\":\"Person\",\"@id\":\"https:\\\/\\\/nabocadopovorn.com.br\\\/#\\\/schema\\\/person\\\/4784d91e6eb0ee789392e2506451ee44\",\"name\":\"Na Boca do Povo RN\",\"image\":{\"@type\":\"ImageObject\",\"inLanguage\":\"pt-BR\",\"@id\":\"https:\\\/\\\/secure.gravatar.com\\\/avatar\\\/568abe1cbc790e8c79eadb7595ddaf9dccc533c248b489d4b018b6c00965b6ea?s=96&d=mm&r=g\",\"url\":\"https:\\\/\\\/secure.gravatar.com\\\/avatar\\\/568abe1cbc790e8c79eadb7595ddaf9dccc533c248b489d4b018b6c00965b6ea?s=96&d=mm&r=g\",\"contentUrl\":\"https:\\\/\\\/secure.gravatar.com\\\/avatar\\\/568abe1cbc790e8c79eadb7595ddaf9dccc533c248b489d4b018b6c00965b6ea?s=96&d=mm&r=g\",\"caption\":\"Na Boca do Povo RN\"},\"sameAs\":[\"http:\\\/\\\/nabocadopovorn.com.br\"],\"url\":\"https:\\\/\\\/nabocadopovorn.com.br\\\/index.php\\\/author\\\/nabocadopovorn23gmail-com\\\/\"}]}<\/script>\n<!-- \/ Yoast SEO plugin. -->","yoast_head_json":{"title":"Policial penal suspeito de matar ex-companheira e ex-sogro \u00e9 preso no interior do RN - Na Boca do Povo RN","robots":{"index":"index","follow":"follow","max-snippet":"max-snippet:-1","max-image-preview":"max-image-preview:large","max-video-preview":"max-video-preview:-1"},"canonical":"https:\/\/nabocadopovorn.com.br\/index.php\/2026\/07\/19\/policial-penal-suspeito-de-matar-ex-companheira-e-ex-sogro-e-preso-no-interior-do-rn\/","og_locale":"pt_BR","og_type":"article","og_title":"Policial penal suspeito de matar ex-companheira e ex-sogro \u00e9 preso no interior do RN - Na Boca do Povo RN","og_description":"&nbsp;Informa\u00e7\u00f5es exclusivas do&nbsp;RN News&nbsp;apontam que o policial penal Francisco H\u00e9lio, suspeito de matar a ex-esposa e o ex-sogro","og_url":"https:\/\/nabocadopovorn.com.br\/index.php\/2026\/07\/19\/policial-penal-suspeito-de-matar-ex-companheira-e-ex-sogro-e-preso-no-interior-do-rn\/","og_site_name":"Na Boca do Povo RN","article_published_time":"2026-07-19T12:03:06+00:00","article_modified_time":"2026-07-19T12:03:09+00:00","og_image":[{"width":1023,"height":790,"url":"https:\/\/nabocadopovorn.com.br\/wp-content\/uploads\/2026\/07\/01KXVDEVMB9CJ08PRWC8WFWV2Q.png","type":"image\/png"}],"author":"Na Boca do Povo RN","twitter_card":"summary_large_image","twitter_misc":{"Escrito por":"Na Boca do Povo RN","Est. tempo de leitura":"1 minuto"},"schema":{"@context":"https:\/\/schema.org","@graph":[{"@type":"Article","@id":"https:\/\/nabocadopovorn.com.br\/index.php\/2026\/07\/19\/policial-penal-suspeito-de-matar-ex-companheira-e-ex-sogro-e-preso-no-interior-do-rn\/#article","isPartOf":{"@id":"https:\/\/nabocadopovorn.com.br\/index.php\/2026\/07\/19\/policial-penal-suspeito-de-matar-ex-companheira-e-ex-sogro-e-preso-no-interior-do-rn\/"},"author":{"name":"Na Boca do Povo RN","@id":"https:\/\/nabocadopovorn.com.br\/#\/schema\/person\/4784d91e6eb0ee789392e2506451ee44"},"headline":"Policial penal suspeito de matar ex-companheira e ex-sogro \u00e9 preso no interior do RN","datePublished":"2026-07-19T12:03:06+00:00","dateModified":"2026-07-19T12:03:09+00:00","mainEntityOfPage":{"@id":"https:\/\/nabocadopovorn.com.br\/index.php\/2026\/07\/19\/policial-penal-suspeito-de-matar-ex-companheira-e-ex-sogro-e-preso-no-interior-do-rn\/"},"wordCount":150,"publisher":{"@id":"https:\/\/nabocadopovorn.com.br\/#organization"},"image":{"@id":"https:\/\/nabocadopovorn.com.br\/index.php\/2026\/07\/19\/policial-penal-suspeito-de-matar-ex-companheira-e-ex-sogro-e-preso-no-interior-do-rn\/#primaryimage"},"thumbnailUrl":"https:\/\/nabocadopovorn.com.br\/wp-content\/uploads\/2026\/07\/01KXVDEVMB9CJ08PRWC8WFWV2Q.png","articleSection":["Pol\u00edcia"],"inLanguage":"pt-BR"},{"@type":"WebPage","@id":"https:\/\/nabocadopovorn.com.br\/index.php\/2026\/07\/19\/policial-penal-suspeito-de-matar-ex-companheira-e-ex-sogro-e-preso-no-interior-do-rn\/","url":"https:\/\/nabocadopovorn.com.br\/index.php\/2026\/07\/19\/policial-penal-suspeito-de-matar-ex-companheira-e-ex-sogro-e-preso-no-interior-do-rn\/","name":"Policial penal suspeito de matar ex-companheira e ex-sogro \u00e9 preso no interior do RN - Na Boca do Povo RN","isPartOf":{"@id":"https:\/\/nabocadopovorn.com.br\/#website"},"primaryImageOfPage":{"@id":"https:\/\/nabocadopovorn.com.br\/index.php\/2026\/07\/19\/policial-penal-suspeito-de-matar-ex-companheira-e-ex-sogro-e-preso-no-interior-do-rn\/#primaryimage"},"image":{"@id":"https:\/\/nabocadopovorn.com.br\/index.php\/2026\/07\/19\/policial-penal-suspeito-de-matar-ex-companheira-e-ex-sogro-e-preso-no-interior-do-rn\/#primaryimage"},"thumbnailUrl":"https:\/\/nabocadopovorn.com.br\/wp-content\/uploads\/2026\/07\/01KXVDEVMB9CJ08PRWC8WFWV2Q.png","datePublished":"2026-07-19T12:03:06+00:00","dateModified":"2026-07-19T12:03:09+00:00","breadcrumb":{"@id":"https:\/\/nabocadopovorn.com.br\/index.php\/2026\/07\/19\/policial-penal-suspeito-de-matar-ex-companheira-e-ex-sogro-e-preso-no-interior-do-rn\/#breadcrumb"},"inLanguage":"pt-BR","potentialAction":[{"@type":"ReadAction","target":["https:\/\/nabocadopovorn.com.br\/index.php\/2026\/07\/19\/policial-penal-suspeito-de-matar-ex-companheira-e-ex-sogro-e-preso-no-interior-do-rn\/"]}]},{"@type":"ImageObject","inLanguage":"pt-BR","@id":"https:\/\/nabocadopovorn.com.br\/index.php\/2026\/07\/19\/policial-penal-suspeito-de-matar-ex-companheira-e-ex-sogro-e-preso-no-interior-do-rn\/#primaryimage","url":"https:\/\/nabocadopovorn.com.br\/wp-content\/uploads\/2026\/07\/01KXVDEVMB9CJ08PRWC8WFWV2Q.png","contentUrl":"https:\/\/nabocadopovorn.com.br\/wp-content\/uploads\/2026\/07\/01KXVDEVMB9CJ08PRWC8WFWV2Q.png","width":1023,"height":790},{"@type":"BreadcrumbList","@id":"https:\/\/nabocadopovorn.com.br\/index.php\/2026\/07\/19\/policial-penal-suspeito-de-matar-ex-companheira-e-ex-sogro-e-preso-no-interior-do-rn\/#breadcrumb","itemListElement":[{"@type":"ListItem","position":1,"name":"Home","item":"https:\/\/nabocadopovorn.com.br\/"},{"@type":"ListItem","position":2,"name":"Policial penal suspeito de matar ex-companheira e ex-sogro \u00e9 preso no interior do RN"}]},{"@type":"WebSite","@id":"https:\/\/nabocadopovorn.com.br\/#website","url":"https:\/\/nabocadopovorn.com.br\/","name":"Na Boca do Povo RN","description":"Informa\u00e7\u00e3o Total","publisher":{"@id":"https:\/\/nabocadopovorn.com.br\/#organization"},"potentialAction":[{"@type":"SearchAction","target":{"@type":"EntryPoint","urlTemplate":"https:\/\/nabocadopovorn.com.br\/?s={search_term_string}"},"query-input":{"@type":"PropertyValueSpecification","valueRequired":true,"valueName":"search_term_string"}}],"inLanguage":"pt-BR"},{"@type":"Organization","@id":"https:\/\/nabocadopovorn.com.br\/#organization","name":"Na Boca do Povo RN","url":"https:\/\/nabocadopovorn.com.br\/","logo":{"@type":"ImageObject","inLanguage":"pt-BR","@id":"https:\/\/nabocadopovorn.com.br\/#\/schema\/logo\/image\/","url":"https:\/\/nabocadopovorn.com.br\/wp-content\/uploads\/2026\/05\/cropped-logo-nova-reduzida.png","contentUrl":"https:\/\/nabocadopovorn.com.br\/wp-content\/uploads\/2026\/05\/cropped-logo-nova-reduzida.png","width":1024,"height":155,"caption":"Na Boca do Povo RN"},"image":{"@id":"https:\/\/nabocadopovorn.com.br\/#\/schema\/logo\/image\/"}},{"@type":"Person","@id":"https:\/\/nabocadopovorn.com.br\/#\/schema\/person\/4784d91e6eb0ee789392e2506451ee44","name":"Na Boca do Povo RN","image":{"@type":"ImageObject","inLanguage":"pt-BR","@id":"https:\/\/secure.gravatar.com\/avatar\/568abe1cbc790e8c79eadb7595ddaf9dccc533c248b489d4b018b6c00965b6ea?s=96&d=mm&r=g","url":"https:\/\/secure.gravatar.com\/avatar\/568abe1cbc790e8c79eadb7595ddaf9dccc533c248b489d4b018b6c00965b6ea?s=96&d=mm&r=g","contentUrl":"https:\/\/secure.gravatar.com\/avatar\/568abe1cbc790e8c79eadb7595ddaf9dccc533c248b489d4b018b6c00965b6ea?s=96&d=mm&r=g","caption":"Na Boca do Povo RN"},"sameAs":["http:\/\/nabocadopovorn.com.br"],"url":"https:\/\/nabocadopovorn.com.br\/index.php\/author\/nabocadopovorn23gmail-com\/"}]}},"_links":{"self":[{"href":"https:\/\/nabocadopovorn.com.br\/index.php\/wp-json\/wp\/v2\/posts\/8952","targetHints":{"allow":["GET"]}}],"collection":[{"href":"https:\/\/nabocadopovorn.com.br\/index.php\/wp-json\/wp\/v2\/posts"}],"about":[{"href":"https:\/\/nabocadopovorn.com.br\/index.php\/wp-json\/wp\/v2\/types\/post"}],"author":[{"embeddable":true,"href":"https:\/\/nabocadopovorn.com.br\/index.php\/wp-json\/wp\/v2\/users\/1"}],"replies":[{"embeddable":true,"href":"https:\/\/nabocadopovorn.com.br\/index.php\/wp-json\/wp\/v2\/comments?post=8952"}],"version-history":[{"count":1,"href":"https:\/\/nabocadopovorn.com.br\/index.php\/wp-json\/wp\/v2\/posts\/8952\/revisions"}],"predecessor-version":[{"id":8954,"href":"https:\/\/nabocadopovorn.com.br\/index.php\/wp-json\/wp\/v2\/posts\/8952\/revisions\/8954"}],"wp:featuredmedia":[{"embeddable":true,"href":"https:\/\/nabocadopovorn.com.br\/index.php\/wp-json\/wp\/v2\/media\/8953"}],"wp:attachment":[{"href":"https:\/\/nabocadopovorn.com.br\/index.php\/wp-json\/wp\/v2\/media?parent=8952"}],"wp:term":[{"taxonomy":"category","embeddable":true,"href":"https:\/\/nabocadopovorn.com.br\/index.php\/wp-json\/wp\/v2\/categories?post=8952"},{"taxonomy":"post_tag","embeddable":true,"href":"https:\/\/nabocadopovorn.com.br\/index.php\/wp-json\/wp\/v2\/tags?post=8952"}],"curies":[{"name":"wp","href":"https:\/\/api.w.org\/{rel}","templated":true}]}}