{"id":7570,"date":"2026-05-03T08:17:19","date_gmt":"2026-05-03T11:17:19","guid":{"rendered":"https:\/\/nabocadopovorn.com.br\/?p=7570"},"modified":"2026-05-03T08:17:22","modified_gmt":"2026-05-03T11:17:22","slug":"chuvas-deixam-mortos-e-milhares-de-familias-sem-casa-no-nordeste","status":"publish","type":"post","link":"https:\/\/nabocadopovorn.com.br\/index.php\/2026\/05\/03\/chuvas-deixam-mortos-e-milhares-de-familias-sem-casa-no-nordeste\/","title":{"rendered":"Chuvas deixam mortos e milhares de fam\u00edlias sem casa no Nordeste"},"content":{"rendered":"\n<p>Foto: Reprodu\u00e7\u00e3o\/@Yegor_drones.ofc<\/p>\n\n\n\n<p>Fortes chuvas que atingem o Nordeste desde a \u00faltima sexta-feira (1\u00ba) j\u00e1 deixaram mortos em Pernambuco e mais de 1,5 mil desalojados na Para\u00edba. Segundo informa\u00e7\u00f5es da Defesa Civil, o cen\u00e1rio levou o governo federal a elevar o n\u00edvel operacional para alerta m\u00e1ximo neste s\u00e1bado (2), diante do risco e dos impactos registrados na regi\u00e3o.<\/p>\n\n\n<div class=\"wp-block-image\">\n<figure class=\"aligncenter\"><a href=\"https:\/\/assets.blogdobg.com.br\/uploads\/2026\/05\/buraco-acostamento-br-101-santa-rita-chuvas-020526-1000x544-1.webp\"><img decoding=\"async\" src=\"https:\/\/assets.blogdobg.com.br\/uploads\/2026\/05\/buraco-acostamento-br-101-santa-rita-chuvas-020526-1000x544-1.webp\" alt=\"\" class=\"wp-image-1022526\"\/><\/a><\/figure>\n<\/div>\n\n\n<p>Foto: Reprodu\u00e7\u00e3o<\/p>\n\n\n\n<p>Em Pernambuco, de acordo com o governo estadual, ao menos seis mortes foram registradas nas \u00faltimas 48 horas em decorr\u00eancia de deslizamentos e alagamentos. As ocorr\u00eancias se concentram na Regi\u00e3o Metropolitana do Recife e na Zona da Mata Norte, atingindo cidades como Recife, Olinda, Paulista, Goiana e Timba\u00faba.<\/p>\n\n\n<div class=\"wp-block-image\">\n<figure class=\"aligncenter\"><img decoding=\"async\" src=\"https:\/\/assets.blogdobg.com.br\/uploads\/2026\/05\/morador-de-Olinda-salva-cachorro-em-meio-a-alagamento-devido-as-chuvas-fortes-%E2%80%A2-Reproducao-@pernambuco_ordinario.jpeg\" alt=\"\" class=\"wp-image-1022516\"\/><\/figure>\n<\/div>\n\n\n<p>Foto: Reprodu\u00e7\u00e3o\/@pernambuco_ordinario<\/p>\n\n\n\n<p>Segundo as autoridades, entre as v\u00edtimas est\u00e3o m\u00e3e e filho, mortos ap\u00f3s um deslizamento de terra na capital. Outras mortes incluem adultos e crian\u00e7as, conforme balan\u00e7o divulgado pelo estado.<\/p>\n\n\n<div class=\"wp-block-image\">\n<figure class=\"aligncenter\"><img decoding=\"async\" src=\"https:\/\/assets.blogdobg.com.br\/uploads\/2026\/05\/Captura-de-tela_3-5-2026_8623_paraibaonline.com_.br_.jpeg\" alt=\"\" class=\"wp-image-1022520\"\/><\/figure>\n<\/div>\n\n\n<p>Foto: Reprodu\u00e7\u00e3o<\/p>\n\n\n\n<p>Na Para\u00edba, de acordo com a Defesa Civil estadual, cerca de 1.500 fam\u00edlias est\u00e3o desalojadas, al\u00e9m de aproximadamente 300 pessoas desabrigadas e cerca de 9 mil afetadas pelos temporais. Os munic\u00edpios mais impactados incluem Jo\u00e3o Pessoa, Bayeux, Campina Grande, Patos, Sousa, Cajazeiras e Cabedelo.<\/p>\n\n\n<div class=\"wp-block-image\">\n<figure class=\"aligncenter\"><img decoding=\"async\" src=\"https:\/\/assets.blogdobg.com.br\/uploads\/2026\/05\/Travessa-Antonio-Ticador-Mocos-%E2%80%A2-Divulgacao-Prefeitura-de-Timbauba.jpeg\" alt=\"\" class=\"wp-image-1022513\"\/><\/figure>\n<\/div>\n\n\n<p>Foto: Divulga\u00e7\u00e3o\/Prefeitura de Timba\u00faba<\/p>\n\n\n\n<p>A Secretaria Nacional de Prote\u00e7\u00e3o e Defesa Civil informou, em nota, que equipes federais est\u00e3o em campo prestando apoio e monitorando a situa\u00e7\u00e3o. O Centro Nacional de Gerenciamento de Riscos e Desastres emitiu 22 alertas durante o per\u00edodo cr\u00edtico. Apesar da redu\u00e7\u00e3o no volume de chuvas, o \u00f3rg\u00e3o afirma que o estado de aten\u00e7\u00e3o permanece.<\/p>\n\n\n\n<p>Blog do BG<\/p>\n","protected":false},"excerpt":{"rendered":"<p>Foto: Reprodu\u00e7\u00e3o\/@Yegor_drones.ofc Fortes chuvas que atingem o Nordeste desde a \u00faltima sexta-feira (1\u00ba) j\u00e1 deixaram mortos em Pernambuco e mais de 1,5 mil desalojados na Para\u00edba. Segundo informa\u00e7\u00f5es da Defesa Civil, o cen\u00e1rio levou o governo federal a elevar o n\u00edvel operacional para alerta m\u00e1ximo neste s\u00e1bado (2), diante do risco e dos impactos registrados [&hellip;]<\/p>\n","protected":false},"author":1,"featured_media":7571,"comment_status":"closed","ping_status":"open","sticky":false,"template":"","format":"standard","meta":{"footnotes":""},"categories":[111],"tags":[],"class_list":["post-7570","post","type-post","status-publish","format-standard","has-post-thumbnail","hentry","category-chuvas"],"yoast_head":"<!-- This site is optimized with the Yoast SEO plugin v27.5 - https:\/\/yoast.com\/product\/yoast-seo-wordpress\/ -->\n<title>Chuvas deixam mortos e milhares de fam\u00edlias sem casa no Nordeste - Na Boca do Povo RN<\/title>\n<meta name=\"robots\" content=\"index, follow, max-snippet:-1, max-image-preview:large, max-video-preview:-1\" \/>\n<link rel=\"canonical\" href=\"https:\/\/nabocadopovorn.com.br\/index.php\/2026\/05\/03\/chuvas-deixam-mortos-e-milhares-de-familias-sem-casa-no-nordeste\/\" \/>\n<meta property=\"og:locale\" content=\"pt_BR\" \/>\n<meta property=\"og:type\" content=\"article\" \/>\n<meta property=\"og:title\" content=\"Chuvas deixam mortos e milhares de fam\u00edlias sem casa no Nordeste - Na Boca do Povo RN\" \/>\n<meta property=\"og:description\" content=\"Foto: Reprodu\u00e7\u00e3o\/@Yegor_drones.ofc Fortes chuvas que atingem o Nordeste desde a \u00faltima sexta-feira (1\u00ba) j\u00e1 deixaram mortos em Pernambuco e mais de 1,5 mil desalojados na Para\u00edba. Segundo informa\u00e7\u00f5es da Defesa Civil, o cen\u00e1rio levou o governo federal a elevar o n\u00edvel operacional para alerta m\u00e1ximo neste s\u00e1bado (2), diante do risco e dos impactos registrados [&hellip;]\" \/>\n<meta property=\"og:url\" content=\"https:\/\/nabocadopovorn.com.br\/index.php\/2026\/05\/03\/chuvas-deixam-mortos-e-milhares-de-familias-sem-casa-no-nordeste\/\" \/>\n<meta property=\"og:site_name\" content=\"Na Boca do Povo RN\" \/>\n<meta property=\"article:published_time\" content=\"2026-05-03T11:17:19+00:00\" \/>\n<meta property=\"article:modified_time\" content=\"2026-05-03T11:17:22+00:00\" \/>\n<meta property=\"og:image\" content=\"https:\/\/nabocadopovorn.com.br\/wp-content\/uploads\/2026\/05\/Apos-Canal-do-Fragoso-transbordar-areas-de-Olinda-ficam-completamente-alagadas.-\u2022-Reproducao-@Yegor_drones.ofc_.jpeg\" \/>\n\t<meta property=\"og:image:width\" content=\"676\" \/>\n\t<meta property=\"og:image:height\" content=\"368\" \/>\n\t<meta property=\"og:image:type\" content=\"image\/jpeg\" \/>\n<meta name=\"author\" content=\"Na Boca do Povo RN\" \/>\n<meta name=\"twitter:card\" content=\"summary_large_image\" \/>\n<meta name=\"twitter:label1\" content=\"Escrito por\" \/>\n\t<meta name=\"twitter:data1\" content=\"Na Boca do Povo RN\" \/>\n\t<meta name=\"twitter:label2\" content=\"Est. tempo de leitura\" \/>\n\t<meta name=\"twitter:data2\" content=\"3 minutos\" \/>\n<script type=\"application\/ld+json\" class=\"yoast-schema-graph\">{\"@context\":\"https:\\\/\\\/schema.org\",\"@graph\":[{\"@type\":\"Article\",\"@id\":\"https:\\\/\\\/nabocadopovorn.com.br\\\/index.php\\\/2026\\\/05\\\/03\\\/chuvas-deixam-mortos-e-milhares-de-familias-sem-casa-no-nordeste\\\/#article\",\"isPartOf\":{\"@id\":\"https:\\\/\\\/nabocadopovorn.com.br\\\/index.php\\\/2026\\\/05\\\/03\\\/chuvas-deixam-mortos-e-milhares-de-familias-sem-casa-no-nordeste\\\/\"},\"author\":{\"name\":\"Na Boca do Povo RN\",\"@id\":\"https:\\\/\\\/nabocadopovorn.com.br\\\/#\\\/schema\\\/person\\\/4784d91e6eb0ee789392e2506451ee44\"},\"headline\":\"Chuvas deixam mortos e milhares de fam\u00edlias sem casa no Nordeste\",\"datePublished\":\"2026-05-03T11:17:19+00:00\",\"dateModified\":\"2026-05-03T11:17:22+00:00\",\"mainEntityOfPage\":{\"@id\":\"https:\\\/\\\/nabocadopovorn.com.br\\\/index.php\\\/2026\\\/05\\\/03\\\/chuvas-deixam-mortos-e-milhares-de-familias-sem-casa-no-nordeste\\\/\"},\"wordCount\":293,\"publisher\":{\"@id\":\"https:\\\/\\\/nabocadopovorn.com.br\\\/#organization\"},\"image\":{\"@id\":\"https:\\\/\\\/nabocadopovorn.com.br\\\/index.php\\\/2026\\\/05\\\/03\\\/chuvas-deixam-mortos-e-milhares-de-familias-sem-casa-no-nordeste\\\/#primaryimage\"},\"thumbnailUrl\":\"https:\\\/\\\/nabocadopovorn.com.br\\\/wp-content\\\/uploads\\\/2026\\\/05\\\/Apos-Canal-do-Fragoso-transbordar-areas-de-Olinda-ficam-completamente-alagadas.-\u2022-Reproducao-@Yegor_drones.ofc_.jpeg\",\"articleSection\":[\"Chuvas\"],\"inLanguage\":\"pt-BR\"},{\"@type\":\"WebPage\",\"@id\":\"https:\\\/\\\/nabocadopovorn.com.br\\\/index.php\\\/2026\\\/05\\\/03\\\/chuvas-deixam-mortos-e-milhares-de-familias-sem-casa-no-nordeste\\\/\",\"url\":\"https:\\\/\\\/nabocadopovorn.com.br\\\/index.php\\\/2026\\\/05\\\/03\\\/chuvas-deixam-mortos-e-milhares-de-familias-sem-casa-no-nordeste\\\/\",\"name\":\"Chuvas deixam mortos e milhares de fam\u00edlias sem casa no Nordeste - Na Boca do Povo RN\",\"isPartOf\":{\"@id\":\"https:\\\/\\\/nabocadopovorn.com.br\\\/#website\"},\"primaryImageOfPage\":{\"@id\":\"https:\\\/\\\/nabocadopovorn.com.br\\\/index.php\\\/2026\\\/05\\\/03\\\/chuvas-deixam-mortos-e-milhares-de-familias-sem-casa-no-nordeste\\\/#primaryimage\"},\"image\":{\"@id\":\"https:\\\/\\\/nabocadopovorn.com.br\\\/index.php\\\/2026\\\/05\\\/03\\\/chuvas-deixam-mortos-e-milhares-de-familias-sem-casa-no-nordeste\\\/#primaryimage\"},\"thumbnailUrl\":\"https:\\\/\\\/nabocadopovorn.com.br\\\/wp-content\\\/uploads\\\/2026\\\/05\\\/Apos-Canal-do-Fragoso-transbordar-areas-de-Olinda-ficam-completamente-alagadas.-\u2022-Reproducao-@Yegor_drones.ofc_.jpeg\",\"datePublished\":\"2026-05-03T11:17:19+00:00\",\"dateModified\":\"2026-05-03T11:17:22+00:00\",\"breadcrumb\":{\"@id\":\"https:\\\/\\\/nabocadopovorn.com.br\\\/index.php\\\/2026\\\/05\\\/03\\\/chuvas-deixam-mortos-e-milhares-de-familias-sem-casa-no-nordeste\\\/#breadcrumb\"},\"inLanguage\":\"pt-BR\",\"potentialAction\":[{\"@type\":\"ReadAction\",\"target\":[\"https:\\\/\\\/nabocadopovorn.com.br\\\/index.php\\\/2026\\\/05\\\/03\\\/chuvas-deixam-mortos-e-milhares-de-familias-sem-casa-no-nordeste\\\/\"]}]},{\"@type\":\"ImageObject\",\"inLanguage\":\"pt-BR\",\"@id\":\"https:\\\/\\\/nabocadopovorn.com.br\\\/index.php\\\/2026\\\/05\\\/03\\\/chuvas-deixam-mortos-e-milhares-de-familias-sem-casa-no-nordeste\\\/#primaryimage\",\"url\":\"https:\\\/\\\/nabocadopovorn.com.br\\\/wp-content\\\/uploads\\\/2026\\\/05\\\/Apos-Canal-do-Fragoso-transbordar-areas-de-Olinda-ficam-completamente-alagadas.-\u2022-Reproducao-@Yegor_drones.ofc_.jpeg\",\"contentUrl\":\"https:\\\/\\\/nabocadopovorn.com.br\\\/wp-content\\\/uploads\\\/2026\\\/05\\\/Apos-Canal-do-Fragoso-transbordar-areas-de-Olinda-ficam-completamente-alagadas.-\u2022-Reproducao-@Yegor_drones.ofc_.jpeg\",\"width\":676,\"height\":368},{\"@type\":\"BreadcrumbList\",\"@id\":\"https:\\\/\\\/nabocadopovorn.com.br\\\/index.php\\\/2026\\\/05\\\/03\\\/chuvas-deixam-mortos-e-milhares-de-familias-sem-casa-no-nordeste\\\/#breadcrumb\",\"itemListElement\":[{\"@type\":\"ListItem\",\"position\":1,\"name\":\"Home\",\"item\":\"https:\\\/\\\/nabocadopovorn.com.br\\\/\"},{\"@type\":\"ListItem\",\"position\":2,\"name\":\"Chuvas deixam mortos e milhares de fam\u00edlias sem casa no Nordeste\"}]},{\"@type\":\"WebSite\",\"@id\":\"https:\\\/\\\/nabocadopovorn.com.br\\\/#website\",\"url\":\"https:\\\/\\\/nabocadopovorn.com.br\\\/\",\"name\":\"Na Boca do Povo RN\",\"description\":\"Informa\u00e7\u00e3o Total\",\"publisher\":{\"@id\":\"https:\\\/\\\/nabocadopovorn.com.br\\\/#organization\"},\"potentialAction\":[{\"@type\":\"SearchAction\",\"target\":{\"@type\":\"EntryPoint\",\"urlTemplate\":\"https:\\\/\\\/nabocadopovorn.com.br\\\/?s={search_term_string}\"},\"query-input\":{\"@type\":\"PropertyValueSpecification\",\"valueRequired\":true,\"valueName\":\"search_term_string\"}}],\"inLanguage\":\"pt-BR\"},{\"@type\":\"Organization\",\"@id\":\"https:\\\/\\\/nabocadopovorn.com.br\\\/#organization\",\"name\":\"Na Boca do Povo RN\",\"url\":\"https:\\\/\\\/nabocadopovorn.com.br\\\/\",\"logo\":{\"@type\":\"ImageObject\",\"inLanguage\":\"pt-BR\",\"@id\":\"https:\\\/\\\/nabocadopovorn.com.br\\\/#\\\/schema\\\/logo\\\/image\\\/\",\"url\":\"https:\\\/\\\/nabocadopovorn.com.br\\\/wp-content\\\/uploads\\\/2026\\\/01\\\/cropped-logo.png\",\"contentUrl\":\"https:\\\/\\\/nabocadopovorn.com.br\\\/wp-content\\\/uploads\\\/2026\\\/01\\\/cropped-logo.png\",\"width\":900,\"height\":100,\"caption\":\"Na Boca do Povo RN\"},\"image\":{\"@id\":\"https:\\\/\\\/nabocadopovorn.com.br\\\/#\\\/schema\\\/logo\\\/image\\\/\"}},{\"@type\":\"Person\",\"@id\":\"https:\\\/\\\/nabocadopovorn.com.br\\\/#\\\/schema\\\/person\\\/4784d91e6eb0ee789392e2506451ee44\",\"name\":\"Na Boca do Povo RN\",\"image\":{\"@type\":\"ImageObject\",\"inLanguage\":\"pt-BR\",\"@id\":\"https:\\\/\\\/secure.gravatar.com\\\/avatar\\\/568abe1cbc790e8c79eadb7595ddaf9dccc533c248b489d4b018b6c00965b6ea?s=96&d=mm&r=g\",\"url\":\"https:\\\/\\\/secure.gravatar.com\\\/avatar\\\/568abe1cbc790e8c79eadb7595ddaf9dccc533c248b489d4b018b6c00965b6ea?s=96&d=mm&r=g\",\"contentUrl\":\"https:\\\/\\\/secure.gravatar.com\\\/avatar\\\/568abe1cbc790e8c79eadb7595ddaf9dccc533c248b489d4b018b6c00965b6ea?s=96&d=mm&r=g\",\"caption\":\"Na Boca do Povo RN\"},\"sameAs\":[\"http:\\\/\\\/nabocadopovorn.com.br\"],\"url\":\"https:\\\/\\\/nabocadopovorn.com.br\\\/index.php\\\/author\\\/nabocadopovorn23gmail-com\\\/\"}]}<\/script>\n<!-- \/ Yoast SEO plugin. -->","yoast_head_json":{"title":"Chuvas deixam mortos e milhares de fam\u00edlias sem casa no Nordeste - Na Boca do Povo RN","robots":{"index":"index","follow":"follow","max-snippet":"max-snippet:-1","max-image-preview":"max-image-preview:large","max-video-preview":"max-video-preview:-1"},"canonical":"https:\/\/nabocadopovorn.com.br\/index.php\/2026\/05\/03\/chuvas-deixam-mortos-e-milhares-de-familias-sem-casa-no-nordeste\/","og_locale":"pt_BR","og_type":"article","og_title":"Chuvas deixam mortos e milhares de fam\u00edlias sem casa no Nordeste - Na Boca do Povo RN","og_description":"Foto: Reprodu\u00e7\u00e3o\/@Yegor_drones.ofc Fortes chuvas que atingem o Nordeste desde a \u00faltima sexta-feira (1\u00ba) j\u00e1 deixaram mortos em Pernambuco e mais de 1,5 mil desalojados na Para\u00edba. Segundo informa\u00e7\u00f5es da Defesa Civil, o cen\u00e1rio levou o governo federal a elevar o n\u00edvel operacional para alerta m\u00e1ximo neste s\u00e1bado (2), diante do risco e dos impactos registrados [&hellip;]","og_url":"https:\/\/nabocadopovorn.com.br\/index.php\/2026\/05\/03\/chuvas-deixam-mortos-e-milhares-de-familias-sem-casa-no-nordeste\/","og_site_name":"Na Boca do Povo RN","article_published_time":"2026-05-03T11:17:19+00:00","article_modified_time":"2026-05-03T11:17:22+00:00","og_image":[{"width":676,"height":368,"url":"https:\/\/nabocadopovorn.com.br\/wp-content\/uploads\/2026\/05\/Apos-Canal-do-Fragoso-transbordar-areas-de-Olinda-ficam-completamente-alagadas.-\u2022-Reproducao-@Yegor_drones.ofc_.jpeg","type":"image\/jpeg"}],"author":"Na Boca do Povo RN","twitter_card":"summary_large_image","twitter_misc":{"Escrito por":"Na Boca do Povo RN","Est. tempo de leitura":"3 minutos"},"schema":{"@context":"https:\/\/schema.org","@graph":[{"@type":"Article","@id":"https:\/\/nabocadopovorn.com.br\/index.php\/2026\/05\/03\/chuvas-deixam-mortos-e-milhares-de-familias-sem-casa-no-nordeste\/#article","isPartOf":{"@id":"https:\/\/nabocadopovorn.com.br\/index.php\/2026\/05\/03\/chuvas-deixam-mortos-e-milhares-de-familias-sem-casa-no-nordeste\/"},"author":{"name":"Na Boca do Povo RN","@id":"https:\/\/nabocadopovorn.com.br\/#\/schema\/person\/4784d91e6eb0ee789392e2506451ee44"},"headline":"Chuvas deixam mortos e milhares de fam\u00edlias sem casa no Nordeste","datePublished":"2026-05-03T11:17:19+00:00","dateModified":"2026-05-03T11:17:22+00:00","mainEntityOfPage":{"@id":"https:\/\/nabocadopovorn.com.br\/index.php\/2026\/05\/03\/chuvas-deixam-mortos-e-milhares-de-familias-sem-casa-no-nordeste\/"},"wordCount":293,"publisher":{"@id":"https:\/\/nabocadopovorn.com.br\/#organization"},"image":{"@id":"https:\/\/nabocadopovorn.com.br\/index.php\/2026\/05\/03\/chuvas-deixam-mortos-e-milhares-de-familias-sem-casa-no-nordeste\/#primaryimage"},"thumbnailUrl":"https:\/\/nabocadopovorn.com.br\/wp-content\/uploads\/2026\/05\/Apos-Canal-do-Fragoso-transbordar-areas-de-Olinda-ficam-completamente-alagadas.-\u2022-Reproducao-@Yegor_drones.ofc_.jpeg","articleSection":["Chuvas"],"inLanguage":"pt-BR"},{"@type":"WebPage","@id":"https:\/\/nabocadopovorn.com.br\/index.php\/2026\/05\/03\/chuvas-deixam-mortos-e-milhares-de-familias-sem-casa-no-nordeste\/","url":"https:\/\/nabocadopovorn.com.br\/index.php\/2026\/05\/03\/chuvas-deixam-mortos-e-milhares-de-familias-sem-casa-no-nordeste\/","name":"Chuvas deixam mortos e milhares de fam\u00edlias sem casa no Nordeste - Na Boca do Povo RN","isPartOf":{"@id":"https:\/\/nabocadopovorn.com.br\/#website"},"primaryImageOfPage":{"@id":"https:\/\/nabocadopovorn.com.br\/index.php\/2026\/05\/03\/chuvas-deixam-mortos-e-milhares-de-familias-sem-casa-no-nordeste\/#primaryimage"},"image":{"@id":"https:\/\/nabocadopovorn.com.br\/index.php\/2026\/05\/03\/chuvas-deixam-mortos-e-milhares-de-familias-sem-casa-no-nordeste\/#primaryimage"},"thumbnailUrl":"https:\/\/nabocadopovorn.com.br\/wp-content\/uploads\/2026\/05\/Apos-Canal-do-Fragoso-transbordar-areas-de-Olinda-ficam-completamente-alagadas.-\u2022-Reproducao-@Yegor_drones.ofc_.jpeg","datePublished":"2026-05-03T11:17:19+00:00","dateModified":"2026-05-03T11:17:22+00:00","breadcrumb":{"@id":"https:\/\/nabocadopovorn.com.br\/index.php\/2026\/05\/03\/chuvas-deixam-mortos-e-milhares-de-familias-sem-casa-no-nordeste\/#breadcrumb"},"inLanguage":"pt-BR","potentialAction":[{"@type":"ReadAction","target":["https:\/\/nabocadopovorn.com.br\/index.php\/2026\/05\/03\/chuvas-deixam-mortos-e-milhares-de-familias-sem-casa-no-nordeste\/"]}]},{"@type":"ImageObject","inLanguage":"pt-BR","@id":"https:\/\/nabocadopovorn.com.br\/index.php\/2026\/05\/03\/chuvas-deixam-mortos-e-milhares-de-familias-sem-casa-no-nordeste\/#primaryimage","url":"https:\/\/nabocadopovorn.com.br\/wp-content\/uploads\/2026\/05\/Apos-Canal-do-Fragoso-transbordar-areas-de-Olinda-ficam-completamente-alagadas.-\u2022-Reproducao-@Yegor_drones.ofc_.jpeg","contentUrl":"https:\/\/nabocadopovorn.com.br\/wp-content\/uploads\/2026\/05\/Apos-Canal-do-Fragoso-transbordar-areas-de-Olinda-ficam-completamente-alagadas.-\u2022-Reproducao-@Yegor_drones.ofc_.jpeg","width":676,"height":368},{"@type":"BreadcrumbList","@id":"https:\/\/nabocadopovorn.com.br\/index.php\/2026\/05\/03\/chuvas-deixam-mortos-e-milhares-de-familias-sem-casa-no-nordeste\/#breadcrumb","itemListElement":[{"@type":"ListItem","position":1,"name":"Home","item":"https:\/\/nabocadopovorn.com.br\/"},{"@type":"ListItem","position":2,"name":"Chuvas deixam mortos e milhares de fam\u00edlias sem casa no Nordeste"}]},{"@type":"WebSite","@id":"https:\/\/nabocadopovorn.com.br\/#website","url":"https:\/\/nabocadopovorn.com.br\/","name":"Na Boca do Povo RN","description":"Informa\u00e7\u00e3o Total","publisher":{"@id":"https:\/\/nabocadopovorn.com.br\/#organization"},"potentialAction":[{"@type":"SearchAction","target":{"@type":"EntryPoint","urlTemplate":"https:\/\/nabocadopovorn.com.br\/?s={search_term_string}"},"query-input":{"@type":"PropertyValueSpecification","valueRequired":true,"valueName":"search_term_string"}}],"inLanguage":"pt-BR"},{"@type":"Organization","@id":"https:\/\/nabocadopovorn.com.br\/#organization","name":"Na Boca do Povo RN","url":"https:\/\/nabocadopovorn.com.br\/","logo":{"@type":"ImageObject","inLanguage":"pt-BR","@id":"https:\/\/nabocadopovorn.com.br\/#\/schema\/logo\/image\/","url":"https:\/\/nabocadopovorn.com.br\/wp-content\/uploads\/2026\/01\/cropped-logo.png","contentUrl":"https:\/\/nabocadopovorn.com.br\/wp-content\/uploads\/2026\/01\/cropped-logo.png","width":900,"height":100,"caption":"Na Boca do Povo RN"},"image":{"@id":"https:\/\/nabocadopovorn.com.br\/#\/schema\/logo\/image\/"}},{"@type":"Person","@id":"https:\/\/nabocadopovorn.com.br\/#\/schema\/person\/4784d91e6eb0ee789392e2506451ee44","name":"Na Boca do Povo RN","image":{"@type":"ImageObject","inLanguage":"pt-BR","@id":"https:\/\/secure.gravatar.com\/avatar\/568abe1cbc790e8c79eadb7595ddaf9dccc533c248b489d4b018b6c00965b6ea?s=96&d=mm&r=g","url":"https:\/\/secure.gravatar.com\/avatar\/568abe1cbc790e8c79eadb7595ddaf9dccc533c248b489d4b018b6c00965b6ea?s=96&d=mm&r=g","contentUrl":"https:\/\/secure.gravatar.com\/avatar\/568abe1cbc790e8c79eadb7595ddaf9dccc533c248b489d4b018b6c00965b6ea?s=96&d=mm&r=g","caption":"Na Boca do Povo RN"},"sameAs":["http:\/\/nabocadopovorn.com.br"],"url":"https:\/\/nabocadopovorn.com.br\/index.php\/author\/nabocadopovorn23gmail-com\/"}]}},"_links":{"self":[{"href":"https:\/\/nabocadopovorn.com.br\/index.php\/wp-json\/wp\/v2\/posts\/7570","targetHints":{"allow":["GET"]}}],"collection":[{"href":"https:\/\/nabocadopovorn.com.br\/index.php\/wp-json\/wp\/v2\/posts"}],"about":[{"href":"https:\/\/nabocadopovorn.com.br\/index.php\/wp-json\/wp\/v2\/types\/post"}],"author":[{"embeddable":true,"href":"https:\/\/nabocadopovorn.com.br\/index.php\/wp-json\/wp\/v2\/users\/1"}],"replies":[{"embeddable":true,"href":"https:\/\/nabocadopovorn.com.br\/index.php\/wp-json\/wp\/v2\/comments?post=7570"}],"version-history":[{"count":1,"href":"https:\/\/nabocadopovorn.com.br\/index.php\/wp-json\/wp\/v2\/posts\/7570\/revisions"}],"predecessor-version":[{"id":7572,"href":"https:\/\/nabocadopovorn.com.br\/index.php\/wp-json\/wp\/v2\/posts\/7570\/revisions\/7572"}],"wp:featuredmedia":[{"embeddable":true,"href":"https:\/\/nabocadopovorn.com.br\/index.php\/wp-json\/wp\/v2\/media\/7571"}],"wp:attachment":[{"href":"https:\/\/nabocadopovorn.com.br\/index.php\/wp-json\/wp\/v2\/media?parent=7570"}],"wp:term":[{"taxonomy":"category","embeddable":true,"href":"https:\/\/nabocadopovorn.com.br\/index.php\/wp-json\/wp\/v2\/categories?post=7570"},{"taxonomy":"post_tag","embeddable":true,"href":"https:\/\/nabocadopovorn.com.br\/index.php\/wp-json\/wp\/v2\/tags?post=7570"}],"curies":[{"name":"wp","href":"https:\/\/api.w.org\/{rel}","templated":true}]}}