{"id":7567,"date":"2026-05-03T08:12:44","date_gmt":"2026-05-03T11:12:44","guid":{"rendered":"https:\/\/nabocadopovorn.com.br\/?p=7567"},"modified":"2026-05-03T08:12:48","modified_gmt":"2026-05-03T11:12:48","slug":"aba-de-macaiba-passa-a-ofertar-terapia-de-musicalizacao-para-criancas-e-adolescentes-com-tea","status":"publish","type":"post","link":"https:\/\/nabocadopovorn.com.br\/index.php\/2026\/05\/03\/aba-de-macaiba-passa-a-ofertar-terapia-de-musicalizacao-para-criancas-e-adolescentes-com-tea\/","title":{"rendered":"ABA de Maca\u00edba passa a ofertar terapia de musicaliza\u00e7\u00e3o para crian\u00e7as e adolescentes com TEA"},"content":{"rendered":"\n<p>A Prefeitura de Maca\u00edba, por meio das secretarias municipais de Cultura e de Sa\u00fade, realizou nesta quarta-feira, 29, a aula inaugural da terapia de musicaliza\u00e7\u00e3o para as crian\u00e7as e adolescentes com TEA (Transtorno do Espectro Autista) atendidos pelo ABA Maca\u00edba Reabilita\u00e7\u00e3o. A iniciativa de integra ao rol de terapias disponibilizadas na cl\u00ednica municipal e tem o objetivo de estimular o desenvolvimento cognitivo, emocional e social dos participantes atrav\u00e9s da m\u00fasica como ferramenta de intera\u00e7\u00e3o, comunica\u00e7\u00e3o e inclus\u00e3o.<\/p>\n\n\n\n<p>Durante a aula inaugural o professor de m\u00fasica, Luan Lib\u00f3rio realizou din\u00e2micas com instrumentos musicais, para promover est\u00edmulos sensoriais, momentos de aprendizado e socializa\u00e7\u00e3o. \u201cA gente trabalha ritmo, a percep\u00e7\u00e3o, a intera\u00e7\u00e3o e express\u00e3o por meio da m\u00fasica, que facilita o aprendizado e cria um ambiente onde cada crian\u00e7a pode se desenvolver no seu tempo, de forma leve e participativa\u201d, explicou Luan.<\/p>\n\n\n\n<p>De acordo com a secret\u00e1ria Municipal de Sa\u00fade, S\u00e2mara Figueiredo, a a\u00e7\u00e3o amplia o olhar sobre o cuidar. \u201cA gente entende que o cuidado vai al\u00e9m do atendimento cl\u00ednico. A musicaliza\u00e7\u00e3o chega como uma ferramenta terap\u00eautica importante, que estimula o desenvolvimento, fortalece v\u00ednculos e promove mais qualidade de vida para nossas crian\u00e7as e adolescentes\u201d, destacou.<\/p>\n\n\n\n<p>O secret\u00e1rio Municipal de Cultura, S\u00e9rgio Nascimento, tamb\u00e9m ressaltou o papel da arte nesse processo. \u201cA cultura tem um papel transformador. Quando levamos a m\u00fasica para dentro de um espa\u00e7o terap\u00eautico, ampliamos possibilidades, despertamos potencialidades e promovemos inclus\u00e3o de forma sens\u00edvel e efetiva\u201d, afirmou.<\/p>\n\n\n\n<p>As aulas de musicaliza\u00e7\u00e3o acontecer\u00e3o semanalmente, sempre \u00e0s segundas-feiras, a partir da segunda quinzena de maio, refor\u00e7ando o compromisso da gest\u00e3o municipal com a amplia\u00e7\u00e3o dos cuidados \u00e0s fam\u00edlias at\u00edpicas.<\/p>\n\n\n\n<p>Fonte <strong>Secom PMM\u00a0<\/strong><\/p>\n\n\n\n<p><strong>Foto: Rodrigo Galv\u00e3o<\/strong><\/p>\n","protected":false},"excerpt":{"rendered":"<p>A Prefeitura de Maca\u00edba, por meio das secretarias municipais de Cultura e de Sa\u00fade, realizou nesta quarta-feira, 29, a aula inaugural da terapia de musicaliza\u00e7\u00e3o para as crian\u00e7as e adolescentes com TEA (Transtorno do Espectro Autista) atendidos pelo ABA Maca\u00edba Reabilita\u00e7\u00e3o. A iniciativa de integra ao rol de terapias disponibilizadas na cl\u00ednica municipal e tem [&hellip;]<\/p>\n","protected":false},"author":1,"featured_media":7568,"comment_status":"closed","ping_status":"open","sticky":false,"template":"","format":"standard","meta":{"footnotes":""},"categories":[19],"tags":[],"class_list":["post-7567","post","type-post","status-publish","format-standard","has-post-thumbnail","hentry","category-macaiba"],"yoast_head":"<!-- This site is optimized with the Yoast SEO plugin v27.5 - https:\/\/yoast.com\/product\/yoast-seo-wordpress\/ -->\n<title>ABA de Maca\u00edba passa a ofertar terapia de musicaliza\u00e7\u00e3o para crian\u00e7as e adolescentes com TEA - Na Boca do Povo RN<\/title>\n<meta name=\"robots\" content=\"index, follow, max-snippet:-1, max-image-preview:large, max-video-preview:-1\" \/>\n<link rel=\"canonical\" href=\"https:\/\/nabocadopovorn.com.br\/index.php\/2026\/05\/03\/aba-de-macaiba-passa-a-ofertar-terapia-de-musicalizacao-para-criancas-e-adolescentes-com-tea\/\" \/>\n<meta property=\"og:locale\" content=\"pt_BR\" \/>\n<meta property=\"og:type\" content=\"article\" \/>\n<meta property=\"og:title\" content=\"ABA de Maca\u00edba passa a ofertar terapia de musicaliza\u00e7\u00e3o para crian\u00e7as e adolescentes com TEA - Na Boca do Povo RN\" \/>\n<meta property=\"og:description\" content=\"A Prefeitura de Maca\u00edba, por meio das secretarias municipais de Cultura e de Sa\u00fade, realizou nesta quarta-feira, 29, a aula inaugural da terapia de musicaliza\u00e7\u00e3o para as crian\u00e7as e adolescentes com TEA (Transtorno do Espectro Autista) atendidos pelo ABA Maca\u00edba Reabilita\u00e7\u00e3o. A iniciativa de integra ao rol de terapias disponibilizadas na cl\u00ednica municipal e tem [&hellip;]\" \/>\n<meta property=\"og:url\" content=\"https:\/\/nabocadopovorn.com.br\/index.php\/2026\/05\/03\/aba-de-macaiba-passa-a-ofertar-terapia-de-musicalizacao-para-criancas-e-adolescentes-com-tea\/\" \/>\n<meta property=\"og:site_name\" content=\"Na Boca do Povo RN\" \/>\n<meta property=\"article:published_time\" content=\"2026-05-03T11:12:44+00:00\" \/>\n<meta property=\"article:modified_time\" content=\"2026-05-03T11:12:48+00:00\" \/>\n<meta property=\"og:image\" content=\"https:\/\/nabocadopovorn.com.br\/wp-content\/uploads\/2026\/05\/IMG-20260429-WA0073-1024x768-1.jpg\" \/>\n\t<meta property=\"og:image:width\" content=\"1024\" \/>\n\t<meta property=\"og:image:height\" content=\"768\" \/>\n\t<meta property=\"og:image:type\" content=\"image\/jpeg\" \/>\n<meta name=\"author\" content=\"Na Boca do Povo RN\" \/>\n<meta name=\"twitter:card\" content=\"summary_large_image\" \/>\n<meta name=\"twitter:label1\" content=\"Escrito por\" \/>\n\t<meta name=\"twitter:data1\" content=\"Na Boca do Povo RN\" \/>\n\t<meta name=\"twitter:label2\" content=\"Est. tempo de leitura\" \/>\n\t<meta name=\"twitter:data2\" content=\"2 minutos\" \/>\n<script type=\"application\/ld+json\" class=\"yoast-schema-graph\">{\"@context\":\"https:\\\/\\\/schema.org\",\"@graph\":[{\"@type\":\"Article\",\"@id\":\"https:\\\/\\\/nabocadopovorn.com.br\\\/index.php\\\/2026\\\/05\\\/03\\\/aba-de-macaiba-passa-a-ofertar-terapia-de-musicalizacao-para-criancas-e-adolescentes-com-tea\\\/#article\",\"isPartOf\":{\"@id\":\"https:\\\/\\\/nabocadopovorn.com.br\\\/index.php\\\/2026\\\/05\\\/03\\\/aba-de-macaiba-passa-a-ofertar-terapia-de-musicalizacao-para-criancas-e-adolescentes-com-tea\\\/\"},\"author\":{\"name\":\"Na Boca do Povo RN\",\"@id\":\"https:\\\/\\\/nabocadopovorn.com.br\\\/#\\\/schema\\\/person\\\/4784d91e6eb0ee789392e2506451ee44\"},\"headline\":\"ABA de Maca\u00edba passa a ofertar terapia de musicaliza\u00e7\u00e3o para crian\u00e7as e adolescentes com TEA\",\"datePublished\":\"2026-05-03T11:12:44+00:00\",\"dateModified\":\"2026-05-03T11:12:48+00:00\",\"mainEntityOfPage\":{\"@id\":\"https:\\\/\\\/nabocadopovorn.com.br\\\/index.php\\\/2026\\\/05\\\/03\\\/aba-de-macaiba-passa-a-ofertar-terapia-de-musicalizacao-para-criancas-e-adolescentes-com-tea\\\/\"},\"wordCount\":339,\"publisher\":{\"@id\":\"https:\\\/\\\/nabocadopovorn.com.br\\\/#organization\"},\"image\":{\"@id\":\"https:\\\/\\\/nabocadopovorn.com.br\\\/index.php\\\/2026\\\/05\\\/03\\\/aba-de-macaiba-passa-a-ofertar-terapia-de-musicalizacao-para-criancas-e-adolescentes-com-tea\\\/#primaryimage\"},\"thumbnailUrl\":\"https:\\\/\\\/nabocadopovorn.com.br\\\/wp-content\\\/uploads\\\/2026\\\/05\\\/IMG-20260429-WA0073-1024x768-1.jpg\",\"articleSection\":[\"Maca\u00edba\"],\"inLanguage\":\"pt-BR\"},{\"@type\":\"WebPage\",\"@id\":\"https:\\\/\\\/nabocadopovorn.com.br\\\/index.php\\\/2026\\\/05\\\/03\\\/aba-de-macaiba-passa-a-ofertar-terapia-de-musicalizacao-para-criancas-e-adolescentes-com-tea\\\/\",\"url\":\"https:\\\/\\\/nabocadopovorn.com.br\\\/index.php\\\/2026\\\/05\\\/03\\\/aba-de-macaiba-passa-a-ofertar-terapia-de-musicalizacao-para-criancas-e-adolescentes-com-tea\\\/\",\"name\":\"ABA de Maca\u00edba passa a ofertar terapia de musicaliza\u00e7\u00e3o para crian\u00e7as e adolescentes com TEA - Na Boca do Povo RN\",\"isPartOf\":{\"@id\":\"https:\\\/\\\/nabocadopovorn.com.br\\\/#website\"},\"primaryImageOfPage\":{\"@id\":\"https:\\\/\\\/nabocadopovorn.com.br\\\/index.php\\\/2026\\\/05\\\/03\\\/aba-de-macaiba-passa-a-ofertar-terapia-de-musicalizacao-para-criancas-e-adolescentes-com-tea\\\/#primaryimage\"},\"image\":{\"@id\":\"https:\\\/\\\/nabocadopovorn.com.br\\\/index.php\\\/2026\\\/05\\\/03\\\/aba-de-macaiba-passa-a-ofertar-terapia-de-musicalizacao-para-criancas-e-adolescentes-com-tea\\\/#primaryimage\"},\"thumbnailUrl\":\"https:\\\/\\\/nabocadopovorn.com.br\\\/wp-content\\\/uploads\\\/2026\\\/05\\\/IMG-20260429-WA0073-1024x768-1.jpg\",\"datePublished\":\"2026-05-03T11:12:44+00:00\",\"dateModified\":\"2026-05-03T11:12:48+00:00\",\"breadcrumb\":{\"@id\":\"https:\\\/\\\/nabocadopovorn.com.br\\\/index.php\\\/2026\\\/05\\\/03\\\/aba-de-macaiba-passa-a-ofertar-terapia-de-musicalizacao-para-criancas-e-adolescentes-com-tea\\\/#breadcrumb\"},\"inLanguage\":\"pt-BR\",\"potentialAction\":[{\"@type\":\"ReadAction\",\"target\":[\"https:\\\/\\\/nabocadopovorn.com.br\\\/index.php\\\/2026\\\/05\\\/03\\\/aba-de-macaiba-passa-a-ofertar-terapia-de-musicalizacao-para-criancas-e-adolescentes-com-tea\\\/\"]}]},{\"@type\":\"ImageObject\",\"inLanguage\":\"pt-BR\",\"@id\":\"https:\\\/\\\/nabocadopovorn.com.br\\\/index.php\\\/2026\\\/05\\\/03\\\/aba-de-macaiba-passa-a-ofertar-terapia-de-musicalizacao-para-criancas-e-adolescentes-com-tea\\\/#primaryimage\",\"url\":\"https:\\\/\\\/nabocadopovorn.com.br\\\/wp-content\\\/uploads\\\/2026\\\/05\\\/IMG-20260429-WA0073-1024x768-1.jpg\",\"contentUrl\":\"https:\\\/\\\/nabocadopovorn.com.br\\\/wp-content\\\/uploads\\\/2026\\\/05\\\/IMG-20260429-WA0073-1024x768-1.jpg\",\"width\":1024,\"height\":768},{\"@type\":\"BreadcrumbList\",\"@id\":\"https:\\\/\\\/nabocadopovorn.com.br\\\/index.php\\\/2026\\\/05\\\/03\\\/aba-de-macaiba-passa-a-ofertar-terapia-de-musicalizacao-para-criancas-e-adolescentes-com-tea\\\/#breadcrumb\",\"itemListElement\":[{\"@type\":\"ListItem\",\"position\":1,\"name\":\"Home\",\"item\":\"https:\\\/\\\/nabocadopovorn.com.br\\\/\"},{\"@type\":\"ListItem\",\"position\":2,\"name\":\"ABA de Maca\u00edba passa a ofertar terapia de musicaliza\u00e7\u00e3o para crian\u00e7as e adolescentes com TEA\"}]},{\"@type\":\"WebSite\",\"@id\":\"https:\\\/\\\/nabocadopovorn.com.br\\\/#website\",\"url\":\"https:\\\/\\\/nabocadopovorn.com.br\\\/\",\"name\":\"Na Boca do Povo RN\",\"description\":\"Informa\u00e7\u00e3o Total\",\"publisher\":{\"@id\":\"https:\\\/\\\/nabocadopovorn.com.br\\\/#organization\"},\"potentialAction\":[{\"@type\":\"SearchAction\",\"target\":{\"@type\":\"EntryPoint\",\"urlTemplate\":\"https:\\\/\\\/nabocadopovorn.com.br\\\/?s={search_term_string}\"},\"query-input\":{\"@type\":\"PropertyValueSpecification\",\"valueRequired\":true,\"valueName\":\"search_term_string\"}}],\"inLanguage\":\"pt-BR\"},{\"@type\":\"Organization\",\"@id\":\"https:\\\/\\\/nabocadopovorn.com.br\\\/#organization\",\"name\":\"Na Boca do Povo RN\",\"url\":\"https:\\\/\\\/nabocadopovorn.com.br\\\/\",\"logo\":{\"@type\":\"ImageObject\",\"inLanguage\":\"pt-BR\",\"@id\":\"https:\\\/\\\/nabocadopovorn.com.br\\\/#\\\/schema\\\/logo\\\/image\\\/\",\"url\":\"https:\\\/\\\/nabocadopovorn.com.br\\\/wp-content\\\/uploads\\\/2026\\\/01\\\/cropped-logo.png\",\"contentUrl\":\"https:\\\/\\\/nabocadopovorn.com.br\\\/wp-content\\\/uploads\\\/2026\\\/01\\\/cropped-logo.png\",\"width\":900,\"height\":100,\"caption\":\"Na Boca do Povo RN\"},\"image\":{\"@id\":\"https:\\\/\\\/nabocadopovorn.com.br\\\/#\\\/schema\\\/logo\\\/image\\\/\"}},{\"@type\":\"Person\",\"@id\":\"https:\\\/\\\/nabocadopovorn.com.br\\\/#\\\/schema\\\/person\\\/4784d91e6eb0ee789392e2506451ee44\",\"name\":\"Na Boca do Povo RN\",\"image\":{\"@type\":\"ImageObject\",\"inLanguage\":\"pt-BR\",\"@id\":\"https:\\\/\\\/secure.gravatar.com\\\/avatar\\\/568abe1cbc790e8c79eadb7595ddaf9dccc533c248b489d4b018b6c00965b6ea?s=96&d=mm&r=g\",\"url\":\"https:\\\/\\\/secure.gravatar.com\\\/avatar\\\/568abe1cbc790e8c79eadb7595ddaf9dccc533c248b489d4b018b6c00965b6ea?s=96&d=mm&r=g\",\"contentUrl\":\"https:\\\/\\\/secure.gravatar.com\\\/avatar\\\/568abe1cbc790e8c79eadb7595ddaf9dccc533c248b489d4b018b6c00965b6ea?s=96&d=mm&r=g\",\"caption\":\"Na Boca do Povo RN\"},\"sameAs\":[\"http:\\\/\\\/nabocadopovorn.com.br\"],\"url\":\"https:\\\/\\\/nabocadopovorn.com.br\\\/index.php\\\/author\\\/nabocadopovorn23gmail-com\\\/\"}]}<\/script>\n<!-- \/ Yoast SEO plugin. -->","yoast_head_json":{"title":"ABA de Maca\u00edba passa a ofertar terapia de musicaliza\u00e7\u00e3o para crian\u00e7as e adolescentes com TEA - Na Boca do Povo RN","robots":{"index":"index","follow":"follow","max-snippet":"max-snippet:-1","max-image-preview":"max-image-preview:large","max-video-preview":"max-video-preview:-1"},"canonical":"https:\/\/nabocadopovorn.com.br\/index.php\/2026\/05\/03\/aba-de-macaiba-passa-a-ofertar-terapia-de-musicalizacao-para-criancas-e-adolescentes-com-tea\/","og_locale":"pt_BR","og_type":"article","og_title":"ABA de Maca\u00edba passa a ofertar terapia de musicaliza\u00e7\u00e3o para crian\u00e7as e adolescentes com TEA - Na Boca do Povo RN","og_description":"A Prefeitura de Maca\u00edba, por meio das secretarias municipais de Cultura e de Sa\u00fade, realizou nesta quarta-feira, 29, a aula inaugural da terapia de musicaliza\u00e7\u00e3o para as crian\u00e7as e adolescentes com TEA (Transtorno do Espectro Autista) atendidos pelo ABA Maca\u00edba Reabilita\u00e7\u00e3o. A iniciativa de integra ao rol de terapias disponibilizadas na cl\u00ednica municipal e tem [&hellip;]","og_url":"https:\/\/nabocadopovorn.com.br\/index.php\/2026\/05\/03\/aba-de-macaiba-passa-a-ofertar-terapia-de-musicalizacao-para-criancas-e-adolescentes-com-tea\/","og_site_name":"Na Boca do Povo RN","article_published_time":"2026-05-03T11:12:44+00:00","article_modified_time":"2026-05-03T11:12:48+00:00","og_image":[{"width":1024,"height":768,"url":"https:\/\/nabocadopovorn.com.br\/wp-content\/uploads\/2026\/05\/IMG-20260429-WA0073-1024x768-1.jpg","type":"image\/jpeg"}],"author":"Na Boca do Povo RN","twitter_card":"summary_large_image","twitter_misc":{"Escrito por":"Na Boca do Povo RN","Est. tempo de leitura":"2 minutos"},"schema":{"@context":"https:\/\/schema.org","@graph":[{"@type":"Article","@id":"https:\/\/nabocadopovorn.com.br\/index.php\/2026\/05\/03\/aba-de-macaiba-passa-a-ofertar-terapia-de-musicalizacao-para-criancas-e-adolescentes-com-tea\/#article","isPartOf":{"@id":"https:\/\/nabocadopovorn.com.br\/index.php\/2026\/05\/03\/aba-de-macaiba-passa-a-ofertar-terapia-de-musicalizacao-para-criancas-e-adolescentes-com-tea\/"},"author":{"name":"Na Boca do Povo RN","@id":"https:\/\/nabocadopovorn.com.br\/#\/schema\/person\/4784d91e6eb0ee789392e2506451ee44"},"headline":"ABA de Maca\u00edba passa a ofertar terapia de musicaliza\u00e7\u00e3o para crian\u00e7as e adolescentes com TEA","datePublished":"2026-05-03T11:12:44+00:00","dateModified":"2026-05-03T11:12:48+00:00","mainEntityOfPage":{"@id":"https:\/\/nabocadopovorn.com.br\/index.php\/2026\/05\/03\/aba-de-macaiba-passa-a-ofertar-terapia-de-musicalizacao-para-criancas-e-adolescentes-com-tea\/"},"wordCount":339,"publisher":{"@id":"https:\/\/nabocadopovorn.com.br\/#organization"},"image":{"@id":"https:\/\/nabocadopovorn.com.br\/index.php\/2026\/05\/03\/aba-de-macaiba-passa-a-ofertar-terapia-de-musicalizacao-para-criancas-e-adolescentes-com-tea\/#primaryimage"},"thumbnailUrl":"https:\/\/nabocadopovorn.com.br\/wp-content\/uploads\/2026\/05\/IMG-20260429-WA0073-1024x768-1.jpg","articleSection":["Maca\u00edba"],"inLanguage":"pt-BR"},{"@type":"WebPage","@id":"https:\/\/nabocadopovorn.com.br\/index.php\/2026\/05\/03\/aba-de-macaiba-passa-a-ofertar-terapia-de-musicalizacao-para-criancas-e-adolescentes-com-tea\/","url":"https:\/\/nabocadopovorn.com.br\/index.php\/2026\/05\/03\/aba-de-macaiba-passa-a-ofertar-terapia-de-musicalizacao-para-criancas-e-adolescentes-com-tea\/","name":"ABA de Maca\u00edba passa a ofertar terapia de musicaliza\u00e7\u00e3o para crian\u00e7as e adolescentes com TEA - Na Boca do Povo RN","isPartOf":{"@id":"https:\/\/nabocadopovorn.com.br\/#website"},"primaryImageOfPage":{"@id":"https:\/\/nabocadopovorn.com.br\/index.php\/2026\/05\/03\/aba-de-macaiba-passa-a-ofertar-terapia-de-musicalizacao-para-criancas-e-adolescentes-com-tea\/#primaryimage"},"image":{"@id":"https:\/\/nabocadopovorn.com.br\/index.php\/2026\/05\/03\/aba-de-macaiba-passa-a-ofertar-terapia-de-musicalizacao-para-criancas-e-adolescentes-com-tea\/#primaryimage"},"thumbnailUrl":"https:\/\/nabocadopovorn.com.br\/wp-content\/uploads\/2026\/05\/IMG-20260429-WA0073-1024x768-1.jpg","datePublished":"2026-05-03T11:12:44+00:00","dateModified":"2026-05-03T11:12:48+00:00","breadcrumb":{"@id":"https:\/\/nabocadopovorn.com.br\/index.php\/2026\/05\/03\/aba-de-macaiba-passa-a-ofertar-terapia-de-musicalizacao-para-criancas-e-adolescentes-com-tea\/#breadcrumb"},"inLanguage":"pt-BR","potentialAction":[{"@type":"ReadAction","target":["https:\/\/nabocadopovorn.com.br\/index.php\/2026\/05\/03\/aba-de-macaiba-passa-a-ofertar-terapia-de-musicalizacao-para-criancas-e-adolescentes-com-tea\/"]}]},{"@type":"ImageObject","inLanguage":"pt-BR","@id":"https:\/\/nabocadopovorn.com.br\/index.php\/2026\/05\/03\/aba-de-macaiba-passa-a-ofertar-terapia-de-musicalizacao-para-criancas-e-adolescentes-com-tea\/#primaryimage","url":"https:\/\/nabocadopovorn.com.br\/wp-content\/uploads\/2026\/05\/IMG-20260429-WA0073-1024x768-1.jpg","contentUrl":"https:\/\/nabocadopovorn.com.br\/wp-content\/uploads\/2026\/05\/IMG-20260429-WA0073-1024x768-1.jpg","width":1024,"height":768},{"@type":"BreadcrumbList","@id":"https:\/\/nabocadopovorn.com.br\/index.php\/2026\/05\/03\/aba-de-macaiba-passa-a-ofertar-terapia-de-musicalizacao-para-criancas-e-adolescentes-com-tea\/#breadcrumb","itemListElement":[{"@type":"ListItem","position":1,"name":"Home","item":"https:\/\/nabocadopovorn.com.br\/"},{"@type":"ListItem","position":2,"name":"ABA de Maca\u00edba passa a ofertar terapia de musicaliza\u00e7\u00e3o para crian\u00e7as e adolescentes com TEA"}]},{"@type":"WebSite","@id":"https:\/\/nabocadopovorn.com.br\/#website","url":"https:\/\/nabocadopovorn.com.br\/","name":"Na Boca do Povo RN","description":"Informa\u00e7\u00e3o Total","publisher":{"@id":"https:\/\/nabocadopovorn.com.br\/#organization"},"potentialAction":[{"@type":"SearchAction","target":{"@type":"EntryPoint","urlTemplate":"https:\/\/nabocadopovorn.com.br\/?s={search_term_string}"},"query-input":{"@type":"PropertyValueSpecification","valueRequired":true,"valueName":"search_term_string"}}],"inLanguage":"pt-BR"},{"@type":"Organization","@id":"https:\/\/nabocadopovorn.com.br\/#organization","name":"Na Boca do Povo RN","url":"https:\/\/nabocadopovorn.com.br\/","logo":{"@type":"ImageObject","inLanguage":"pt-BR","@id":"https:\/\/nabocadopovorn.com.br\/#\/schema\/logo\/image\/","url":"https:\/\/nabocadopovorn.com.br\/wp-content\/uploads\/2026\/01\/cropped-logo.png","contentUrl":"https:\/\/nabocadopovorn.com.br\/wp-content\/uploads\/2026\/01\/cropped-logo.png","width":900,"height":100,"caption":"Na Boca do Povo RN"},"image":{"@id":"https:\/\/nabocadopovorn.com.br\/#\/schema\/logo\/image\/"}},{"@type":"Person","@id":"https:\/\/nabocadopovorn.com.br\/#\/schema\/person\/4784d91e6eb0ee789392e2506451ee44","name":"Na Boca do Povo RN","image":{"@type":"ImageObject","inLanguage":"pt-BR","@id":"https:\/\/secure.gravatar.com\/avatar\/568abe1cbc790e8c79eadb7595ddaf9dccc533c248b489d4b018b6c00965b6ea?s=96&d=mm&r=g","url":"https:\/\/secure.gravatar.com\/avatar\/568abe1cbc790e8c79eadb7595ddaf9dccc533c248b489d4b018b6c00965b6ea?s=96&d=mm&r=g","contentUrl":"https:\/\/secure.gravatar.com\/avatar\/568abe1cbc790e8c79eadb7595ddaf9dccc533c248b489d4b018b6c00965b6ea?s=96&d=mm&r=g","caption":"Na Boca do Povo RN"},"sameAs":["http:\/\/nabocadopovorn.com.br"],"url":"https:\/\/nabocadopovorn.com.br\/index.php\/author\/nabocadopovorn23gmail-com\/"}]}},"_links":{"self":[{"href":"https:\/\/nabocadopovorn.com.br\/index.php\/wp-json\/wp\/v2\/posts\/7567","targetHints":{"allow":["GET"]}}],"collection":[{"href":"https:\/\/nabocadopovorn.com.br\/index.php\/wp-json\/wp\/v2\/posts"}],"about":[{"href":"https:\/\/nabocadopovorn.com.br\/index.php\/wp-json\/wp\/v2\/types\/post"}],"author":[{"embeddable":true,"href":"https:\/\/nabocadopovorn.com.br\/index.php\/wp-json\/wp\/v2\/users\/1"}],"replies":[{"embeddable":true,"href":"https:\/\/nabocadopovorn.com.br\/index.php\/wp-json\/wp\/v2\/comments?post=7567"}],"version-history":[{"count":1,"href":"https:\/\/nabocadopovorn.com.br\/index.php\/wp-json\/wp\/v2\/posts\/7567\/revisions"}],"predecessor-version":[{"id":7569,"href":"https:\/\/nabocadopovorn.com.br\/index.php\/wp-json\/wp\/v2\/posts\/7567\/revisions\/7569"}],"wp:featuredmedia":[{"embeddable":true,"href":"https:\/\/nabocadopovorn.com.br\/index.php\/wp-json\/wp\/v2\/media\/7568"}],"wp:attachment":[{"href":"https:\/\/nabocadopovorn.com.br\/index.php\/wp-json\/wp\/v2\/media?parent=7567"}],"wp:term":[{"taxonomy":"category","embeddable":true,"href":"https:\/\/nabocadopovorn.com.br\/index.php\/wp-json\/wp\/v2\/categories?post=7567"},{"taxonomy":"post_tag","embeddable":true,"href":"https:\/\/nabocadopovorn.com.br\/index.php\/wp-json\/wp\/v2\/tags?post=7567"}],"curies":[{"name":"wp","href":"https:\/\/api.w.org\/{rel}","templated":true}]}}