{"id":7561,"date":"2026-05-02T18:04:01","date_gmt":"2026-05-02T21:04:01","guid":{"rendered":"https:\/\/nabocadopovorn.com.br\/?p=7561"},"modified":"2026-05-02T18:04:05","modified_gmt":"2026-05-02T21:04:05","slug":"forcas-de-seguranca-intensificam-buscas-por-fugitivos-da-penitenciaria-de-alcacuz","status":"publish","type":"post","link":"https:\/\/nabocadopovorn.com.br\/index.php\/2026\/05\/02\/forcas-de-seguranca-intensificam-buscas-por-fugitivos-da-penitenciaria-de-alcacuz\/","title":{"rendered":"For\u00e7as de seguran\u00e7a intensificam buscas por fugitivos da Penitenci\u00e1ria de Alca\u00e7uz"},"content":{"rendered":"\n<p><em>Cinco presos fugiram da Penitenci\u00e1ria de Alca\u00e7uz durante chuvas na Grande Natal &#8211; Cr\u00e9dito: S\u00e9rgio Henrique Santos\/Inter TV Cabugi.<\/em><\/p>\n\n\n\n<p>As for\u00e7as de seguran\u00e7a do Rio Grande do Norte intensificaram as buscas pelos cinco detentos que fugiram da Penitenci\u00e1ria Estadual de Alca\u00e7uz, em N\u00edsia Floresta, na madrugada deste s\u00e1bado (2). Os custodiados escaparam por uma abertura de ventila\u00e7\u00e3o no Pavilh\u00e3o 1 durante um per\u00edodo de chuvas intensas. Esta \u00e9 a primeira fuga registrada na unidade desde julho de 2021.<\/p>\n\n\n\n<p>A evas\u00e3o ocorreu entre meia-noite e uma hora da manh\u00e3. Os detentos estavam em uma cela de triagem com outros 22 presos e utilizaram ferragens expostas da sa\u00edda de vento para deixar o local. Os foragidos foram identificados como Carlos Soares Alves da Silva, Jefferson Cleyton Lima da Silva, Maycon Dias Mora, Pedro Gabriel da Silva e Rodrigo da Silva Nascimento.<\/p>\n\n\n\n<p>As for\u00e7as de seguran\u00e7a realizam buscas nos arredores do complexo penal. Policiais militares e o helic\u00f3ptero Potiguar I, da Secretaria de Seguran\u00e7a P\u00fablica, fazem varreduras nas dunas e \u00e1reas de mata da regi\u00e3o. A Secretaria da Administra\u00e7\u00e3o Penitenci\u00e1ria (Seap) instaurou um procedimento administrativo para apurar as falhas que permitiram a sa\u00edda dos internos.<\/p>\n\n\n\n<p>A presidente do Sindicato dos Policiais Penais do RN (Sindppen), Wilma Batista, afirmou que o monitoramento por c\u00e2meras da unidade est\u00e1 desativado h\u00e1 meses. Segundo a representante, o baixo efetivo e a desativa\u00e7\u00e3o das dez guaritas de Alca\u00e7uz dificultam a vigil\u00e2ncia e a realiza\u00e7\u00e3o de revistas minuciosas. O sindicato informou que encaminhou um relat\u00f3rio sobre as fragilidades na rotina de seguran\u00e7a ao Minist\u00e9rio P\u00fablico na \u00faltima semana.<\/p>\n\n\n\n<p>Atualmente, o Pavilh\u00e3o 1 de Alca\u00e7uz abriga 476 detentos. A Seap orienta que qualquer informa\u00e7\u00e3o sobre o paradeiro dos fugitivos seja comunicada de forma an\u00f4nima por meio do telefone 190. As dilig\u00eancias permanecem em curso na Regi\u00e3o Metropolitana de Natal.<\/p>\n\n\n\n<p>Fonte Novo Noticias<\/p>\n","protected":false},"excerpt":{"rendered":"<p>Cinco presos fugiram da Penitenci\u00e1ria de Alca\u00e7uz durante chuvas na Grande Natal &#8211; Cr\u00e9dito: S\u00e9rgio Henrique Santos\/Inter TV Cabugi. As for\u00e7as de seguran\u00e7a do Rio Grande do Norte intensificaram as buscas pelos cinco detentos que fugiram da Penitenci\u00e1ria Estadual de Alca\u00e7uz, em N\u00edsia Floresta, na madrugada deste s\u00e1bado (2). Os custodiados escaparam por uma abertura [&hellip;]<\/p>\n","protected":false},"author":1,"featured_media":7562,"comment_status":"closed","ping_status":"open","sticky":false,"template":"","format":"standard","meta":{"footnotes":""},"categories":[87],"tags":[],"class_list":["post-7561","post","type-post","status-publish","format-standard","has-post-thumbnail","hentry","category-policia"],"yoast_head":"<!-- This site is optimized with the Yoast SEO plugin v27.5 - https:\/\/yoast.com\/product\/yoast-seo-wordpress\/ -->\n<title>For\u00e7as de seguran\u00e7a intensificam buscas por fugitivos da Penitenci\u00e1ria de Alca\u00e7uz - Na Boca do Povo RN<\/title>\n<meta name=\"robots\" content=\"index, follow, max-snippet:-1, max-image-preview:large, max-video-preview:-1\" \/>\n<link rel=\"canonical\" href=\"https:\/\/nabocadopovorn.com.br\/index.php\/2026\/05\/02\/forcas-de-seguranca-intensificam-buscas-por-fugitivos-da-penitenciaria-de-alcacuz\/\" \/>\n<meta property=\"og:locale\" content=\"pt_BR\" \/>\n<meta property=\"og:type\" content=\"article\" \/>\n<meta property=\"og:title\" content=\"For\u00e7as de seguran\u00e7a intensificam buscas por fugitivos da Penitenci\u00e1ria de Alca\u00e7uz - Na Boca do Povo RN\" \/>\n<meta property=\"og:description\" content=\"Cinco presos fugiram da Penitenci\u00e1ria de Alca\u00e7uz durante chuvas na Grande Natal &#8211; Cr\u00e9dito: S\u00e9rgio Henrique Santos\/Inter TV Cabugi. As for\u00e7as de seguran\u00e7a do Rio Grande do Norte intensificaram as buscas pelos cinco detentos que fugiram da Penitenci\u00e1ria Estadual de Alca\u00e7uz, em N\u00edsia Floresta, na madrugada deste s\u00e1bado (2). Os custodiados escaparam por uma abertura [&hellip;]\" \/>\n<meta property=\"og:url\" content=\"https:\/\/nabocadopovorn.com.br\/index.php\/2026\/05\/02\/forcas-de-seguranca-intensificam-buscas-por-fugitivos-da-penitenciaria-de-alcacuz\/\" \/>\n<meta property=\"og:site_name\" content=\"Na Boca do Povo RN\" \/>\n<meta property=\"article:published_time\" content=\"2026-05-02T21:04:01+00:00\" \/>\n<meta property=\"article:modified_time\" content=\"2026-05-02T21:04:05+00:00\" \/>\n<meta property=\"og:image\" content=\"https:\/\/nabocadopovorn.com.br\/wp-content\/uploads\/2026\/05\/automated-cinco-presos-fogem-da-penitenciaria-de-alcacuz-n-1777734196-768x576-1.jpeg\" \/>\n\t<meta property=\"og:image:width\" content=\"768\" \/>\n\t<meta property=\"og:image:height\" content=\"576\" \/>\n\t<meta property=\"og:image:type\" content=\"image\/jpeg\" \/>\n<meta name=\"author\" content=\"Na Boca do Povo RN\" \/>\n<meta name=\"twitter:card\" content=\"summary_large_image\" \/>\n<meta name=\"twitter:label1\" content=\"Escrito por\" \/>\n\t<meta name=\"twitter:data1\" content=\"Na Boca do Povo RN\" \/>\n\t<meta name=\"twitter:label2\" content=\"Est. tempo de leitura\" \/>\n\t<meta name=\"twitter:data2\" content=\"2 minutos\" \/>\n<script type=\"application\/ld+json\" class=\"yoast-schema-graph\">{\"@context\":\"https:\\\/\\\/schema.org\",\"@graph\":[{\"@type\":\"Article\",\"@id\":\"https:\\\/\\\/nabocadopovorn.com.br\\\/index.php\\\/2026\\\/05\\\/02\\\/forcas-de-seguranca-intensificam-buscas-por-fugitivos-da-penitenciaria-de-alcacuz\\\/#article\",\"isPartOf\":{\"@id\":\"https:\\\/\\\/nabocadopovorn.com.br\\\/index.php\\\/2026\\\/05\\\/02\\\/forcas-de-seguranca-intensificam-buscas-por-fugitivos-da-penitenciaria-de-alcacuz\\\/\"},\"author\":{\"name\":\"Na Boca do Povo RN\",\"@id\":\"https:\\\/\\\/nabocadopovorn.com.br\\\/#\\\/schema\\\/person\\\/4784d91e6eb0ee789392e2506451ee44\"},\"headline\":\"For\u00e7as de seguran\u00e7a intensificam buscas por fugitivos da Penitenci\u00e1ria de Alca\u00e7uz\",\"datePublished\":\"2026-05-02T21:04:01+00:00\",\"dateModified\":\"2026-05-02T21:04:05+00:00\",\"mainEntityOfPage\":{\"@id\":\"https:\\\/\\\/nabocadopovorn.com.br\\\/index.php\\\/2026\\\/05\\\/02\\\/forcas-de-seguranca-intensificam-buscas-por-fugitivos-da-penitenciaria-de-alcacuz\\\/\"},\"wordCount\":349,\"publisher\":{\"@id\":\"https:\\\/\\\/nabocadopovorn.com.br\\\/#organization\"},\"image\":{\"@id\":\"https:\\\/\\\/nabocadopovorn.com.br\\\/index.php\\\/2026\\\/05\\\/02\\\/forcas-de-seguranca-intensificam-buscas-por-fugitivos-da-penitenciaria-de-alcacuz\\\/#primaryimage\"},\"thumbnailUrl\":\"https:\\\/\\\/nabocadopovorn.com.br\\\/wp-content\\\/uploads\\\/2026\\\/05\\\/automated-cinco-presos-fogem-da-penitenciaria-de-alcacuz-n-1777734196-768x576-1.jpeg\",\"articleSection\":[\"Pol\u00edcia\"],\"inLanguage\":\"pt-BR\"},{\"@type\":\"WebPage\",\"@id\":\"https:\\\/\\\/nabocadopovorn.com.br\\\/index.php\\\/2026\\\/05\\\/02\\\/forcas-de-seguranca-intensificam-buscas-por-fugitivos-da-penitenciaria-de-alcacuz\\\/\",\"url\":\"https:\\\/\\\/nabocadopovorn.com.br\\\/index.php\\\/2026\\\/05\\\/02\\\/forcas-de-seguranca-intensificam-buscas-por-fugitivos-da-penitenciaria-de-alcacuz\\\/\",\"name\":\"For\u00e7as de seguran\u00e7a intensificam buscas por fugitivos da Penitenci\u00e1ria de Alca\u00e7uz - Na Boca do Povo RN\",\"isPartOf\":{\"@id\":\"https:\\\/\\\/nabocadopovorn.com.br\\\/#website\"},\"primaryImageOfPage\":{\"@id\":\"https:\\\/\\\/nabocadopovorn.com.br\\\/index.php\\\/2026\\\/05\\\/02\\\/forcas-de-seguranca-intensificam-buscas-por-fugitivos-da-penitenciaria-de-alcacuz\\\/#primaryimage\"},\"image\":{\"@id\":\"https:\\\/\\\/nabocadopovorn.com.br\\\/index.php\\\/2026\\\/05\\\/02\\\/forcas-de-seguranca-intensificam-buscas-por-fugitivos-da-penitenciaria-de-alcacuz\\\/#primaryimage\"},\"thumbnailUrl\":\"https:\\\/\\\/nabocadopovorn.com.br\\\/wp-content\\\/uploads\\\/2026\\\/05\\\/automated-cinco-presos-fogem-da-penitenciaria-de-alcacuz-n-1777734196-768x576-1.jpeg\",\"datePublished\":\"2026-05-02T21:04:01+00:00\",\"dateModified\":\"2026-05-02T21:04:05+00:00\",\"breadcrumb\":{\"@id\":\"https:\\\/\\\/nabocadopovorn.com.br\\\/index.php\\\/2026\\\/05\\\/02\\\/forcas-de-seguranca-intensificam-buscas-por-fugitivos-da-penitenciaria-de-alcacuz\\\/#breadcrumb\"},\"inLanguage\":\"pt-BR\",\"potentialAction\":[{\"@type\":\"ReadAction\",\"target\":[\"https:\\\/\\\/nabocadopovorn.com.br\\\/index.php\\\/2026\\\/05\\\/02\\\/forcas-de-seguranca-intensificam-buscas-por-fugitivos-da-penitenciaria-de-alcacuz\\\/\"]}]},{\"@type\":\"ImageObject\",\"inLanguage\":\"pt-BR\",\"@id\":\"https:\\\/\\\/nabocadopovorn.com.br\\\/index.php\\\/2026\\\/05\\\/02\\\/forcas-de-seguranca-intensificam-buscas-por-fugitivos-da-penitenciaria-de-alcacuz\\\/#primaryimage\",\"url\":\"https:\\\/\\\/nabocadopovorn.com.br\\\/wp-content\\\/uploads\\\/2026\\\/05\\\/automated-cinco-presos-fogem-da-penitenciaria-de-alcacuz-n-1777734196-768x576-1.jpeg\",\"contentUrl\":\"https:\\\/\\\/nabocadopovorn.com.br\\\/wp-content\\\/uploads\\\/2026\\\/05\\\/automated-cinco-presos-fogem-da-penitenciaria-de-alcacuz-n-1777734196-768x576-1.jpeg\",\"width\":768,\"height\":576},{\"@type\":\"BreadcrumbList\",\"@id\":\"https:\\\/\\\/nabocadopovorn.com.br\\\/index.php\\\/2026\\\/05\\\/02\\\/forcas-de-seguranca-intensificam-buscas-por-fugitivos-da-penitenciaria-de-alcacuz\\\/#breadcrumb\",\"itemListElement\":[{\"@type\":\"ListItem\",\"position\":1,\"name\":\"Home\",\"item\":\"https:\\\/\\\/nabocadopovorn.com.br\\\/\"},{\"@type\":\"ListItem\",\"position\":2,\"name\":\"For\u00e7as de seguran\u00e7a intensificam buscas por fugitivos da Penitenci\u00e1ria de Alca\u00e7uz\"}]},{\"@type\":\"WebSite\",\"@id\":\"https:\\\/\\\/nabocadopovorn.com.br\\\/#website\",\"url\":\"https:\\\/\\\/nabocadopovorn.com.br\\\/\",\"name\":\"Na Boca do Povo RN\",\"description\":\"Informa\u00e7\u00e3o Total\",\"publisher\":{\"@id\":\"https:\\\/\\\/nabocadopovorn.com.br\\\/#organization\"},\"potentialAction\":[{\"@type\":\"SearchAction\",\"target\":{\"@type\":\"EntryPoint\",\"urlTemplate\":\"https:\\\/\\\/nabocadopovorn.com.br\\\/?s={search_term_string}\"},\"query-input\":{\"@type\":\"PropertyValueSpecification\",\"valueRequired\":true,\"valueName\":\"search_term_string\"}}],\"inLanguage\":\"pt-BR\"},{\"@type\":\"Organization\",\"@id\":\"https:\\\/\\\/nabocadopovorn.com.br\\\/#organization\",\"name\":\"Na Boca do Povo RN\",\"url\":\"https:\\\/\\\/nabocadopovorn.com.br\\\/\",\"logo\":{\"@type\":\"ImageObject\",\"inLanguage\":\"pt-BR\",\"@id\":\"https:\\\/\\\/nabocadopovorn.com.br\\\/#\\\/schema\\\/logo\\\/image\\\/\",\"url\":\"https:\\\/\\\/nabocadopovorn.com.br\\\/wp-content\\\/uploads\\\/2026\\\/01\\\/cropped-logo.png\",\"contentUrl\":\"https:\\\/\\\/nabocadopovorn.com.br\\\/wp-content\\\/uploads\\\/2026\\\/01\\\/cropped-logo.png\",\"width\":900,\"height\":100,\"caption\":\"Na Boca do Povo RN\"},\"image\":{\"@id\":\"https:\\\/\\\/nabocadopovorn.com.br\\\/#\\\/schema\\\/logo\\\/image\\\/\"}},{\"@type\":\"Person\",\"@id\":\"https:\\\/\\\/nabocadopovorn.com.br\\\/#\\\/schema\\\/person\\\/4784d91e6eb0ee789392e2506451ee44\",\"name\":\"Na Boca do Povo RN\",\"image\":{\"@type\":\"ImageObject\",\"inLanguage\":\"pt-BR\",\"@id\":\"https:\\\/\\\/secure.gravatar.com\\\/avatar\\\/568abe1cbc790e8c79eadb7595ddaf9dccc533c248b489d4b018b6c00965b6ea?s=96&d=mm&r=g\",\"url\":\"https:\\\/\\\/secure.gravatar.com\\\/avatar\\\/568abe1cbc790e8c79eadb7595ddaf9dccc533c248b489d4b018b6c00965b6ea?s=96&d=mm&r=g\",\"contentUrl\":\"https:\\\/\\\/secure.gravatar.com\\\/avatar\\\/568abe1cbc790e8c79eadb7595ddaf9dccc533c248b489d4b018b6c00965b6ea?s=96&d=mm&r=g\",\"caption\":\"Na Boca do Povo RN\"},\"sameAs\":[\"http:\\\/\\\/nabocadopovorn.com.br\"],\"url\":\"https:\\\/\\\/nabocadopovorn.com.br\\\/index.php\\\/author\\\/nabocadopovorn23gmail-com\\\/\"}]}<\/script>\n<!-- \/ Yoast SEO plugin. -->","yoast_head_json":{"title":"For\u00e7as de seguran\u00e7a intensificam buscas por fugitivos da Penitenci\u00e1ria de Alca\u00e7uz - Na Boca do Povo RN","robots":{"index":"index","follow":"follow","max-snippet":"max-snippet:-1","max-image-preview":"max-image-preview:large","max-video-preview":"max-video-preview:-1"},"canonical":"https:\/\/nabocadopovorn.com.br\/index.php\/2026\/05\/02\/forcas-de-seguranca-intensificam-buscas-por-fugitivos-da-penitenciaria-de-alcacuz\/","og_locale":"pt_BR","og_type":"article","og_title":"For\u00e7as de seguran\u00e7a intensificam buscas por fugitivos da Penitenci\u00e1ria de Alca\u00e7uz - Na Boca do Povo RN","og_description":"Cinco presos fugiram da Penitenci\u00e1ria de Alca\u00e7uz durante chuvas na Grande Natal &#8211; Cr\u00e9dito: S\u00e9rgio Henrique Santos\/Inter TV Cabugi. As for\u00e7as de seguran\u00e7a do Rio Grande do Norte intensificaram as buscas pelos cinco detentos que fugiram da Penitenci\u00e1ria Estadual de Alca\u00e7uz, em N\u00edsia Floresta, na madrugada deste s\u00e1bado (2). Os custodiados escaparam por uma abertura [&hellip;]","og_url":"https:\/\/nabocadopovorn.com.br\/index.php\/2026\/05\/02\/forcas-de-seguranca-intensificam-buscas-por-fugitivos-da-penitenciaria-de-alcacuz\/","og_site_name":"Na Boca do Povo RN","article_published_time":"2026-05-02T21:04:01+00:00","article_modified_time":"2026-05-02T21:04:05+00:00","og_image":[{"width":768,"height":576,"url":"https:\/\/nabocadopovorn.com.br\/wp-content\/uploads\/2026\/05\/automated-cinco-presos-fogem-da-penitenciaria-de-alcacuz-n-1777734196-768x576-1.jpeg","type":"image\/jpeg"}],"author":"Na Boca do Povo RN","twitter_card":"summary_large_image","twitter_misc":{"Escrito por":"Na Boca do Povo RN","Est. tempo de leitura":"2 minutos"},"schema":{"@context":"https:\/\/schema.org","@graph":[{"@type":"Article","@id":"https:\/\/nabocadopovorn.com.br\/index.php\/2026\/05\/02\/forcas-de-seguranca-intensificam-buscas-por-fugitivos-da-penitenciaria-de-alcacuz\/#article","isPartOf":{"@id":"https:\/\/nabocadopovorn.com.br\/index.php\/2026\/05\/02\/forcas-de-seguranca-intensificam-buscas-por-fugitivos-da-penitenciaria-de-alcacuz\/"},"author":{"name":"Na Boca do Povo RN","@id":"https:\/\/nabocadopovorn.com.br\/#\/schema\/person\/4784d91e6eb0ee789392e2506451ee44"},"headline":"For\u00e7as de seguran\u00e7a intensificam buscas por fugitivos da Penitenci\u00e1ria de Alca\u00e7uz","datePublished":"2026-05-02T21:04:01+00:00","dateModified":"2026-05-02T21:04:05+00:00","mainEntityOfPage":{"@id":"https:\/\/nabocadopovorn.com.br\/index.php\/2026\/05\/02\/forcas-de-seguranca-intensificam-buscas-por-fugitivos-da-penitenciaria-de-alcacuz\/"},"wordCount":349,"publisher":{"@id":"https:\/\/nabocadopovorn.com.br\/#organization"},"image":{"@id":"https:\/\/nabocadopovorn.com.br\/index.php\/2026\/05\/02\/forcas-de-seguranca-intensificam-buscas-por-fugitivos-da-penitenciaria-de-alcacuz\/#primaryimage"},"thumbnailUrl":"https:\/\/nabocadopovorn.com.br\/wp-content\/uploads\/2026\/05\/automated-cinco-presos-fogem-da-penitenciaria-de-alcacuz-n-1777734196-768x576-1.jpeg","articleSection":["Pol\u00edcia"],"inLanguage":"pt-BR"},{"@type":"WebPage","@id":"https:\/\/nabocadopovorn.com.br\/index.php\/2026\/05\/02\/forcas-de-seguranca-intensificam-buscas-por-fugitivos-da-penitenciaria-de-alcacuz\/","url":"https:\/\/nabocadopovorn.com.br\/index.php\/2026\/05\/02\/forcas-de-seguranca-intensificam-buscas-por-fugitivos-da-penitenciaria-de-alcacuz\/","name":"For\u00e7as de seguran\u00e7a intensificam buscas por fugitivos da Penitenci\u00e1ria de Alca\u00e7uz - Na Boca do Povo RN","isPartOf":{"@id":"https:\/\/nabocadopovorn.com.br\/#website"},"primaryImageOfPage":{"@id":"https:\/\/nabocadopovorn.com.br\/index.php\/2026\/05\/02\/forcas-de-seguranca-intensificam-buscas-por-fugitivos-da-penitenciaria-de-alcacuz\/#primaryimage"},"image":{"@id":"https:\/\/nabocadopovorn.com.br\/index.php\/2026\/05\/02\/forcas-de-seguranca-intensificam-buscas-por-fugitivos-da-penitenciaria-de-alcacuz\/#primaryimage"},"thumbnailUrl":"https:\/\/nabocadopovorn.com.br\/wp-content\/uploads\/2026\/05\/automated-cinco-presos-fogem-da-penitenciaria-de-alcacuz-n-1777734196-768x576-1.jpeg","datePublished":"2026-05-02T21:04:01+00:00","dateModified":"2026-05-02T21:04:05+00:00","breadcrumb":{"@id":"https:\/\/nabocadopovorn.com.br\/index.php\/2026\/05\/02\/forcas-de-seguranca-intensificam-buscas-por-fugitivos-da-penitenciaria-de-alcacuz\/#breadcrumb"},"inLanguage":"pt-BR","potentialAction":[{"@type":"ReadAction","target":["https:\/\/nabocadopovorn.com.br\/index.php\/2026\/05\/02\/forcas-de-seguranca-intensificam-buscas-por-fugitivos-da-penitenciaria-de-alcacuz\/"]}]},{"@type":"ImageObject","inLanguage":"pt-BR","@id":"https:\/\/nabocadopovorn.com.br\/index.php\/2026\/05\/02\/forcas-de-seguranca-intensificam-buscas-por-fugitivos-da-penitenciaria-de-alcacuz\/#primaryimage","url":"https:\/\/nabocadopovorn.com.br\/wp-content\/uploads\/2026\/05\/automated-cinco-presos-fogem-da-penitenciaria-de-alcacuz-n-1777734196-768x576-1.jpeg","contentUrl":"https:\/\/nabocadopovorn.com.br\/wp-content\/uploads\/2026\/05\/automated-cinco-presos-fogem-da-penitenciaria-de-alcacuz-n-1777734196-768x576-1.jpeg","width":768,"height":576},{"@type":"BreadcrumbList","@id":"https:\/\/nabocadopovorn.com.br\/index.php\/2026\/05\/02\/forcas-de-seguranca-intensificam-buscas-por-fugitivos-da-penitenciaria-de-alcacuz\/#breadcrumb","itemListElement":[{"@type":"ListItem","position":1,"name":"Home","item":"https:\/\/nabocadopovorn.com.br\/"},{"@type":"ListItem","position":2,"name":"For\u00e7as de seguran\u00e7a intensificam buscas por fugitivos da Penitenci\u00e1ria de Alca\u00e7uz"}]},{"@type":"WebSite","@id":"https:\/\/nabocadopovorn.com.br\/#website","url":"https:\/\/nabocadopovorn.com.br\/","name":"Na Boca do Povo RN","description":"Informa\u00e7\u00e3o Total","publisher":{"@id":"https:\/\/nabocadopovorn.com.br\/#organization"},"potentialAction":[{"@type":"SearchAction","target":{"@type":"EntryPoint","urlTemplate":"https:\/\/nabocadopovorn.com.br\/?s={search_term_string}"},"query-input":{"@type":"PropertyValueSpecification","valueRequired":true,"valueName":"search_term_string"}}],"inLanguage":"pt-BR"},{"@type":"Organization","@id":"https:\/\/nabocadopovorn.com.br\/#organization","name":"Na Boca do Povo RN","url":"https:\/\/nabocadopovorn.com.br\/","logo":{"@type":"ImageObject","inLanguage":"pt-BR","@id":"https:\/\/nabocadopovorn.com.br\/#\/schema\/logo\/image\/","url":"https:\/\/nabocadopovorn.com.br\/wp-content\/uploads\/2026\/01\/cropped-logo.png","contentUrl":"https:\/\/nabocadopovorn.com.br\/wp-content\/uploads\/2026\/01\/cropped-logo.png","width":900,"height":100,"caption":"Na Boca do Povo RN"},"image":{"@id":"https:\/\/nabocadopovorn.com.br\/#\/schema\/logo\/image\/"}},{"@type":"Person","@id":"https:\/\/nabocadopovorn.com.br\/#\/schema\/person\/4784d91e6eb0ee789392e2506451ee44","name":"Na Boca do Povo RN","image":{"@type":"ImageObject","inLanguage":"pt-BR","@id":"https:\/\/secure.gravatar.com\/avatar\/568abe1cbc790e8c79eadb7595ddaf9dccc533c248b489d4b018b6c00965b6ea?s=96&d=mm&r=g","url":"https:\/\/secure.gravatar.com\/avatar\/568abe1cbc790e8c79eadb7595ddaf9dccc533c248b489d4b018b6c00965b6ea?s=96&d=mm&r=g","contentUrl":"https:\/\/secure.gravatar.com\/avatar\/568abe1cbc790e8c79eadb7595ddaf9dccc533c248b489d4b018b6c00965b6ea?s=96&d=mm&r=g","caption":"Na Boca do Povo RN"},"sameAs":["http:\/\/nabocadopovorn.com.br"],"url":"https:\/\/nabocadopovorn.com.br\/index.php\/author\/nabocadopovorn23gmail-com\/"}]}},"_links":{"self":[{"href":"https:\/\/nabocadopovorn.com.br\/index.php\/wp-json\/wp\/v2\/posts\/7561","targetHints":{"allow":["GET"]}}],"collection":[{"href":"https:\/\/nabocadopovorn.com.br\/index.php\/wp-json\/wp\/v2\/posts"}],"about":[{"href":"https:\/\/nabocadopovorn.com.br\/index.php\/wp-json\/wp\/v2\/types\/post"}],"author":[{"embeddable":true,"href":"https:\/\/nabocadopovorn.com.br\/index.php\/wp-json\/wp\/v2\/users\/1"}],"replies":[{"embeddable":true,"href":"https:\/\/nabocadopovorn.com.br\/index.php\/wp-json\/wp\/v2\/comments?post=7561"}],"version-history":[{"count":1,"href":"https:\/\/nabocadopovorn.com.br\/index.php\/wp-json\/wp\/v2\/posts\/7561\/revisions"}],"predecessor-version":[{"id":7563,"href":"https:\/\/nabocadopovorn.com.br\/index.php\/wp-json\/wp\/v2\/posts\/7561\/revisions\/7563"}],"wp:featuredmedia":[{"embeddable":true,"href":"https:\/\/nabocadopovorn.com.br\/index.php\/wp-json\/wp\/v2\/media\/7562"}],"wp:attachment":[{"href":"https:\/\/nabocadopovorn.com.br\/index.php\/wp-json\/wp\/v2\/media?parent=7561"}],"wp:term":[{"taxonomy":"category","embeddable":true,"href":"https:\/\/nabocadopovorn.com.br\/index.php\/wp-json\/wp\/v2\/categories?post=7561"},{"taxonomy":"post_tag","embeddable":true,"href":"https:\/\/nabocadopovorn.com.br\/index.php\/wp-json\/wp\/v2\/tags?post=7561"}],"curies":[{"name":"wp","href":"https:\/\/api.w.org\/{rel}","templated":true}]}}