{"id":7558,"date":"2026-05-02T17:40:52","date_gmt":"2026-05-02T20:40:52","guid":{"rendered":"https:\/\/nabocadopovorn.com.br\/?p=7558"},"modified":"2026-05-02T17:40:56","modified_gmt":"2026-05-02T20:40:56","slug":"petrobras-aumenta-preco-do-gas-natural-em-192","status":"publish","type":"post","link":"https:\/\/nabocadopovorn.com.br\/index.php\/2026\/05\/02\/petrobras-aumenta-preco-do-gas-natural-em-192\/","title":{"rendered":"Petrobras aumenta pre\u00e7o do g\u00e1s natural em 19,2%"},"content":{"rendered":"\n<p>Os pre\u00e7os de venda da mol\u00e9cula de g\u00e1s natural da Petrobras para as distribuidoras foram reajustados em cerca de 19,2% em rela\u00e7\u00e3o ao trimestre anterior. As atualiza\u00e7\u00f5es trimestrais s\u00e3o previstas em contrato e levam em considera\u00e7\u00e3o as oscila\u00e7\u00f5es do petr\u00f3leo Brent, da taxa de c\u00e2mbio e, desde o in\u00edcio do ano, tamb\u00e9m para varia\u00e7\u00e3o do Henry Hub.<\/p>\n\n\n\n<p>\u201cO uso da m\u00e9dia trimestral de varia\u00e7\u00e3o dos \u00edndices que tem o objetivo de mitigar a volatilidade de curto prazo das vari\u00e1veis de indexa\u00e7\u00e3o\u201d, destaca a companhia em nota.<\/p>\n\n\n\n<p>Segundo a estatal, no per\u00edodo de aferi\u00e7\u00e3o, a refer\u00eancia do petr\u00f3leo Brent subiu aproximadamente 24,3%, a refer\u00eancia do Henry Hub caiu aproximadamente 14,1% e o c\u00e2mbio teve aprecia\u00e7\u00e3o de 2,5%.<\/p>\n\n\n\n<p>Desde dezembro de 2022, o pre\u00e7o m\u00e9dio da mol\u00e9cula vendido \u00e0s distribuidoras pela Petrobras acumula uma redu\u00e7\u00e3o da ordem de 26%, incluindo o efeito da atualiza\u00e7\u00e3o de maio. O impacto ao consumidor, no entanto, depende dos produtos contratados pelas distribuidoras de g\u00e1s canalizado e dos volumes efetivamente retirados.<\/p>\n\n\n\n<p>Fonte Estad\u00e3o Conte\u00fado<\/p>\n","protected":false},"excerpt":{"rendered":"<p>Os pre\u00e7os de venda da mol\u00e9cula de g\u00e1s natural da Petrobras para as distribuidoras foram reajustados em cerca de 19,2% em rela\u00e7\u00e3o ao trimestre anterior. As atualiza\u00e7\u00f5es trimestrais s\u00e3o previstas em contrato e levam em considera\u00e7\u00e3o as oscila\u00e7\u00f5es do petr\u00f3leo Brent, da taxa de c\u00e2mbio e, desde o in\u00edcio do ano, tamb\u00e9m para varia\u00e7\u00e3o do [&hellip;]<\/p>\n","protected":false},"author":1,"featured_media":7559,"comment_status":"closed","ping_status":"open","sticky":false,"template":"","format":"standard","meta":{"footnotes":""},"categories":[107],"tags":[],"class_list":["post-7558","post","type-post","status-publish","format-standard","has-post-thumbnail","hentry","category-economia"],"yoast_head":"<!-- This site is optimized with the Yoast SEO plugin v27.5 - https:\/\/yoast.com\/product\/yoast-seo-wordpress\/ -->\n<title>Petrobras aumenta pre\u00e7o do g\u00e1s natural em 19,2% - Na Boca do Povo RN<\/title>\n<meta name=\"robots\" content=\"index, follow, max-snippet:-1, max-image-preview:large, max-video-preview:-1\" \/>\n<link rel=\"canonical\" href=\"https:\/\/nabocadopovorn.com.br\/index.php\/2026\/05\/02\/petrobras-aumenta-preco-do-gas-natural-em-192\/\" \/>\n<meta property=\"og:locale\" content=\"pt_BR\" \/>\n<meta property=\"og:type\" content=\"article\" \/>\n<meta property=\"og:title\" content=\"Petrobras aumenta pre\u00e7o do g\u00e1s natural em 19,2% - Na Boca do Povo RN\" \/>\n<meta property=\"og:description\" content=\"Os pre\u00e7os de venda da mol\u00e9cula de g\u00e1s natural da Petrobras para as distribuidoras foram reajustados em cerca de 19,2% em rela\u00e7\u00e3o ao trimestre anterior. As atualiza\u00e7\u00f5es trimestrais s\u00e3o previstas em contrato e levam em considera\u00e7\u00e3o as oscila\u00e7\u00f5es do petr\u00f3leo Brent, da taxa de c\u00e2mbio e, desde o in\u00edcio do ano, tamb\u00e9m para varia\u00e7\u00e3o do [&hellip;]\" \/>\n<meta property=\"og:url\" content=\"https:\/\/nabocadopovorn.com.br\/index.php\/2026\/05\/02\/petrobras-aumenta-preco-do-gas-natural-em-192\/\" \/>\n<meta property=\"og:site_name\" content=\"Na Boca do Povo RN\" \/>\n<meta property=\"article:published_time\" content=\"2026-05-02T20:40:52+00:00\" \/>\n<meta property=\"article:modified_time\" content=\"2026-05-02T20:40:56+00:00\" \/>\n<meta property=\"og:image\" content=\"https:\/\/nabocadopovorn.com.br\/wp-content\/uploads\/2026\/05\/684460780_1588689229928047_1034298558592097219_n.jpg.webp\" \/>\n\t<meta property=\"og:image:width\" content=\"768\" \/>\n\t<meta property=\"og:image:height\" content=\"512\" \/>\n\t<meta property=\"og:image:type\" content=\"image\/webp\" \/>\n<meta name=\"author\" content=\"Na Boca do Povo RN\" \/>\n<meta name=\"twitter:card\" content=\"summary_large_image\" \/>\n<meta name=\"twitter:label1\" content=\"Escrito por\" \/>\n\t<meta name=\"twitter:data1\" content=\"Na Boca do Povo RN\" \/>\n\t<meta name=\"twitter:label2\" content=\"Est. tempo de leitura\" \/>\n\t<meta name=\"twitter:data2\" content=\"2 minutos\" \/>\n<script type=\"application\/ld+json\" class=\"yoast-schema-graph\">{\"@context\":\"https:\\\/\\\/schema.org\",\"@graph\":[{\"@type\":\"Article\",\"@id\":\"https:\\\/\\\/nabocadopovorn.com.br\\\/index.php\\\/2026\\\/05\\\/02\\\/petrobras-aumenta-preco-do-gas-natural-em-192\\\/#article\",\"isPartOf\":{\"@id\":\"https:\\\/\\\/nabocadopovorn.com.br\\\/index.php\\\/2026\\\/05\\\/02\\\/petrobras-aumenta-preco-do-gas-natural-em-192\\\/\"},\"author\":{\"name\":\"Na Boca do Povo RN\",\"@id\":\"https:\\\/\\\/nabocadopovorn.com.br\\\/#\\\/schema\\\/person\\\/4784d91e6eb0ee789392e2506451ee44\"},\"headline\":\"Petrobras aumenta pre\u00e7o do g\u00e1s natural em 19,2%\",\"datePublished\":\"2026-05-02T20:40:52+00:00\",\"dateModified\":\"2026-05-02T20:40:56+00:00\",\"mainEntityOfPage\":{\"@id\":\"https:\\\/\\\/nabocadopovorn.com.br\\\/index.php\\\/2026\\\/05\\\/02\\\/petrobras-aumenta-preco-do-gas-natural-em-192\\\/\"},\"wordCount\":202,\"publisher\":{\"@id\":\"https:\\\/\\\/nabocadopovorn.com.br\\\/#organization\"},\"image\":{\"@id\":\"https:\\\/\\\/nabocadopovorn.com.br\\\/index.php\\\/2026\\\/05\\\/02\\\/petrobras-aumenta-preco-do-gas-natural-em-192\\\/#primaryimage\"},\"thumbnailUrl\":\"https:\\\/\\\/nabocadopovorn.com.br\\\/wp-content\\\/uploads\\\/2026\\\/05\\\/684460780_1588689229928047_1034298558592097219_n.jpg.webp\",\"articleSection\":[\"Economia\"],\"inLanguage\":\"pt-BR\"},{\"@type\":\"WebPage\",\"@id\":\"https:\\\/\\\/nabocadopovorn.com.br\\\/index.php\\\/2026\\\/05\\\/02\\\/petrobras-aumenta-preco-do-gas-natural-em-192\\\/\",\"url\":\"https:\\\/\\\/nabocadopovorn.com.br\\\/index.php\\\/2026\\\/05\\\/02\\\/petrobras-aumenta-preco-do-gas-natural-em-192\\\/\",\"name\":\"Petrobras aumenta pre\u00e7o do g\u00e1s natural em 19,2% - Na Boca do Povo RN\",\"isPartOf\":{\"@id\":\"https:\\\/\\\/nabocadopovorn.com.br\\\/#website\"},\"primaryImageOfPage\":{\"@id\":\"https:\\\/\\\/nabocadopovorn.com.br\\\/index.php\\\/2026\\\/05\\\/02\\\/petrobras-aumenta-preco-do-gas-natural-em-192\\\/#primaryimage\"},\"image\":{\"@id\":\"https:\\\/\\\/nabocadopovorn.com.br\\\/index.php\\\/2026\\\/05\\\/02\\\/petrobras-aumenta-preco-do-gas-natural-em-192\\\/#primaryimage\"},\"thumbnailUrl\":\"https:\\\/\\\/nabocadopovorn.com.br\\\/wp-content\\\/uploads\\\/2026\\\/05\\\/684460780_1588689229928047_1034298558592097219_n.jpg.webp\",\"datePublished\":\"2026-05-02T20:40:52+00:00\",\"dateModified\":\"2026-05-02T20:40:56+00:00\",\"breadcrumb\":{\"@id\":\"https:\\\/\\\/nabocadopovorn.com.br\\\/index.php\\\/2026\\\/05\\\/02\\\/petrobras-aumenta-preco-do-gas-natural-em-192\\\/#breadcrumb\"},\"inLanguage\":\"pt-BR\",\"potentialAction\":[{\"@type\":\"ReadAction\",\"target\":[\"https:\\\/\\\/nabocadopovorn.com.br\\\/index.php\\\/2026\\\/05\\\/02\\\/petrobras-aumenta-preco-do-gas-natural-em-192\\\/\"]}]},{\"@type\":\"ImageObject\",\"inLanguage\":\"pt-BR\",\"@id\":\"https:\\\/\\\/nabocadopovorn.com.br\\\/index.php\\\/2026\\\/05\\\/02\\\/petrobras-aumenta-preco-do-gas-natural-em-192\\\/#primaryimage\",\"url\":\"https:\\\/\\\/nabocadopovorn.com.br\\\/wp-content\\\/uploads\\\/2026\\\/05\\\/684460780_1588689229928047_1034298558592097219_n.jpg.webp\",\"contentUrl\":\"https:\\\/\\\/nabocadopovorn.com.br\\\/wp-content\\\/uploads\\\/2026\\\/05\\\/684460780_1588689229928047_1034298558592097219_n.jpg.webp\",\"width\":768,\"height\":512},{\"@type\":\"BreadcrumbList\",\"@id\":\"https:\\\/\\\/nabocadopovorn.com.br\\\/index.php\\\/2026\\\/05\\\/02\\\/petrobras-aumenta-preco-do-gas-natural-em-192\\\/#breadcrumb\",\"itemListElement\":[{\"@type\":\"ListItem\",\"position\":1,\"name\":\"Home\",\"item\":\"https:\\\/\\\/nabocadopovorn.com.br\\\/\"},{\"@type\":\"ListItem\",\"position\":2,\"name\":\"Petrobras aumenta pre\u00e7o do g\u00e1s natural em 19,2%\"}]},{\"@type\":\"WebSite\",\"@id\":\"https:\\\/\\\/nabocadopovorn.com.br\\\/#website\",\"url\":\"https:\\\/\\\/nabocadopovorn.com.br\\\/\",\"name\":\"Na Boca do Povo RN\",\"description\":\"Informa\u00e7\u00e3o Total\",\"publisher\":{\"@id\":\"https:\\\/\\\/nabocadopovorn.com.br\\\/#organization\"},\"potentialAction\":[{\"@type\":\"SearchAction\",\"target\":{\"@type\":\"EntryPoint\",\"urlTemplate\":\"https:\\\/\\\/nabocadopovorn.com.br\\\/?s={search_term_string}\"},\"query-input\":{\"@type\":\"PropertyValueSpecification\",\"valueRequired\":true,\"valueName\":\"search_term_string\"}}],\"inLanguage\":\"pt-BR\"},{\"@type\":\"Organization\",\"@id\":\"https:\\\/\\\/nabocadopovorn.com.br\\\/#organization\",\"name\":\"Na Boca do Povo RN\",\"url\":\"https:\\\/\\\/nabocadopovorn.com.br\\\/\",\"logo\":{\"@type\":\"ImageObject\",\"inLanguage\":\"pt-BR\",\"@id\":\"https:\\\/\\\/nabocadopovorn.com.br\\\/#\\\/schema\\\/logo\\\/image\\\/\",\"url\":\"https:\\\/\\\/nabocadopovorn.com.br\\\/wp-content\\\/uploads\\\/2026\\\/01\\\/cropped-logo.png\",\"contentUrl\":\"https:\\\/\\\/nabocadopovorn.com.br\\\/wp-content\\\/uploads\\\/2026\\\/01\\\/cropped-logo.png\",\"width\":900,\"height\":100,\"caption\":\"Na Boca do Povo RN\"},\"image\":{\"@id\":\"https:\\\/\\\/nabocadopovorn.com.br\\\/#\\\/schema\\\/logo\\\/image\\\/\"}},{\"@type\":\"Person\",\"@id\":\"https:\\\/\\\/nabocadopovorn.com.br\\\/#\\\/schema\\\/person\\\/4784d91e6eb0ee789392e2506451ee44\",\"name\":\"Na Boca do Povo RN\",\"image\":{\"@type\":\"ImageObject\",\"inLanguage\":\"pt-BR\",\"@id\":\"https:\\\/\\\/secure.gravatar.com\\\/avatar\\\/568abe1cbc790e8c79eadb7595ddaf9dccc533c248b489d4b018b6c00965b6ea?s=96&d=mm&r=g\",\"url\":\"https:\\\/\\\/secure.gravatar.com\\\/avatar\\\/568abe1cbc790e8c79eadb7595ddaf9dccc533c248b489d4b018b6c00965b6ea?s=96&d=mm&r=g\",\"contentUrl\":\"https:\\\/\\\/secure.gravatar.com\\\/avatar\\\/568abe1cbc790e8c79eadb7595ddaf9dccc533c248b489d4b018b6c00965b6ea?s=96&d=mm&r=g\",\"caption\":\"Na Boca do Povo RN\"},\"sameAs\":[\"http:\\\/\\\/nabocadopovorn.com.br\"],\"url\":\"https:\\\/\\\/nabocadopovorn.com.br\\\/index.php\\\/author\\\/nabocadopovorn23gmail-com\\\/\"}]}<\/script>\n<!-- \/ Yoast SEO plugin. -->","yoast_head_json":{"title":"Petrobras aumenta pre\u00e7o do g\u00e1s natural em 19,2% - Na Boca do Povo RN","robots":{"index":"index","follow":"follow","max-snippet":"max-snippet:-1","max-image-preview":"max-image-preview:large","max-video-preview":"max-video-preview:-1"},"canonical":"https:\/\/nabocadopovorn.com.br\/index.php\/2026\/05\/02\/petrobras-aumenta-preco-do-gas-natural-em-192\/","og_locale":"pt_BR","og_type":"article","og_title":"Petrobras aumenta pre\u00e7o do g\u00e1s natural em 19,2% - Na Boca do Povo RN","og_description":"Os pre\u00e7os de venda da mol\u00e9cula de g\u00e1s natural da Petrobras para as distribuidoras foram reajustados em cerca de 19,2% em rela\u00e7\u00e3o ao trimestre anterior. As atualiza\u00e7\u00f5es trimestrais s\u00e3o previstas em contrato e levam em considera\u00e7\u00e3o as oscila\u00e7\u00f5es do petr\u00f3leo Brent, da taxa de c\u00e2mbio e, desde o in\u00edcio do ano, tamb\u00e9m para varia\u00e7\u00e3o do [&hellip;]","og_url":"https:\/\/nabocadopovorn.com.br\/index.php\/2026\/05\/02\/petrobras-aumenta-preco-do-gas-natural-em-192\/","og_site_name":"Na Boca do Povo RN","article_published_time":"2026-05-02T20:40:52+00:00","article_modified_time":"2026-05-02T20:40:56+00:00","og_image":[{"width":768,"height":512,"url":"https:\/\/nabocadopovorn.com.br\/wp-content\/uploads\/2026\/05\/684460780_1588689229928047_1034298558592097219_n.jpg.webp","type":"image\/webp"}],"author":"Na Boca do Povo RN","twitter_card":"summary_large_image","twitter_misc":{"Escrito por":"Na Boca do Povo RN","Est. tempo de leitura":"2 minutos"},"schema":{"@context":"https:\/\/schema.org","@graph":[{"@type":"Article","@id":"https:\/\/nabocadopovorn.com.br\/index.php\/2026\/05\/02\/petrobras-aumenta-preco-do-gas-natural-em-192\/#article","isPartOf":{"@id":"https:\/\/nabocadopovorn.com.br\/index.php\/2026\/05\/02\/petrobras-aumenta-preco-do-gas-natural-em-192\/"},"author":{"name":"Na Boca do Povo RN","@id":"https:\/\/nabocadopovorn.com.br\/#\/schema\/person\/4784d91e6eb0ee789392e2506451ee44"},"headline":"Petrobras aumenta pre\u00e7o do g\u00e1s natural em 19,2%","datePublished":"2026-05-02T20:40:52+00:00","dateModified":"2026-05-02T20:40:56+00:00","mainEntityOfPage":{"@id":"https:\/\/nabocadopovorn.com.br\/index.php\/2026\/05\/02\/petrobras-aumenta-preco-do-gas-natural-em-192\/"},"wordCount":202,"publisher":{"@id":"https:\/\/nabocadopovorn.com.br\/#organization"},"image":{"@id":"https:\/\/nabocadopovorn.com.br\/index.php\/2026\/05\/02\/petrobras-aumenta-preco-do-gas-natural-em-192\/#primaryimage"},"thumbnailUrl":"https:\/\/nabocadopovorn.com.br\/wp-content\/uploads\/2026\/05\/684460780_1588689229928047_1034298558592097219_n.jpg.webp","articleSection":["Economia"],"inLanguage":"pt-BR"},{"@type":"WebPage","@id":"https:\/\/nabocadopovorn.com.br\/index.php\/2026\/05\/02\/petrobras-aumenta-preco-do-gas-natural-em-192\/","url":"https:\/\/nabocadopovorn.com.br\/index.php\/2026\/05\/02\/petrobras-aumenta-preco-do-gas-natural-em-192\/","name":"Petrobras aumenta pre\u00e7o do g\u00e1s natural em 19,2% - Na Boca do Povo RN","isPartOf":{"@id":"https:\/\/nabocadopovorn.com.br\/#website"},"primaryImageOfPage":{"@id":"https:\/\/nabocadopovorn.com.br\/index.php\/2026\/05\/02\/petrobras-aumenta-preco-do-gas-natural-em-192\/#primaryimage"},"image":{"@id":"https:\/\/nabocadopovorn.com.br\/index.php\/2026\/05\/02\/petrobras-aumenta-preco-do-gas-natural-em-192\/#primaryimage"},"thumbnailUrl":"https:\/\/nabocadopovorn.com.br\/wp-content\/uploads\/2026\/05\/684460780_1588689229928047_1034298558592097219_n.jpg.webp","datePublished":"2026-05-02T20:40:52+00:00","dateModified":"2026-05-02T20:40:56+00:00","breadcrumb":{"@id":"https:\/\/nabocadopovorn.com.br\/index.php\/2026\/05\/02\/petrobras-aumenta-preco-do-gas-natural-em-192\/#breadcrumb"},"inLanguage":"pt-BR","potentialAction":[{"@type":"ReadAction","target":["https:\/\/nabocadopovorn.com.br\/index.php\/2026\/05\/02\/petrobras-aumenta-preco-do-gas-natural-em-192\/"]}]},{"@type":"ImageObject","inLanguage":"pt-BR","@id":"https:\/\/nabocadopovorn.com.br\/index.php\/2026\/05\/02\/petrobras-aumenta-preco-do-gas-natural-em-192\/#primaryimage","url":"https:\/\/nabocadopovorn.com.br\/wp-content\/uploads\/2026\/05\/684460780_1588689229928047_1034298558592097219_n.jpg.webp","contentUrl":"https:\/\/nabocadopovorn.com.br\/wp-content\/uploads\/2026\/05\/684460780_1588689229928047_1034298558592097219_n.jpg.webp","width":768,"height":512},{"@type":"BreadcrumbList","@id":"https:\/\/nabocadopovorn.com.br\/index.php\/2026\/05\/02\/petrobras-aumenta-preco-do-gas-natural-em-192\/#breadcrumb","itemListElement":[{"@type":"ListItem","position":1,"name":"Home","item":"https:\/\/nabocadopovorn.com.br\/"},{"@type":"ListItem","position":2,"name":"Petrobras aumenta pre\u00e7o do g\u00e1s natural em 19,2%"}]},{"@type":"WebSite","@id":"https:\/\/nabocadopovorn.com.br\/#website","url":"https:\/\/nabocadopovorn.com.br\/","name":"Na Boca do Povo RN","description":"Informa\u00e7\u00e3o Total","publisher":{"@id":"https:\/\/nabocadopovorn.com.br\/#organization"},"potentialAction":[{"@type":"SearchAction","target":{"@type":"EntryPoint","urlTemplate":"https:\/\/nabocadopovorn.com.br\/?s={search_term_string}"},"query-input":{"@type":"PropertyValueSpecification","valueRequired":true,"valueName":"search_term_string"}}],"inLanguage":"pt-BR"},{"@type":"Organization","@id":"https:\/\/nabocadopovorn.com.br\/#organization","name":"Na Boca do Povo RN","url":"https:\/\/nabocadopovorn.com.br\/","logo":{"@type":"ImageObject","inLanguage":"pt-BR","@id":"https:\/\/nabocadopovorn.com.br\/#\/schema\/logo\/image\/","url":"https:\/\/nabocadopovorn.com.br\/wp-content\/uploads\/2026\/01\/cropped-logo.png","contentUrl":"https:\/\/nabocadopovorn.com.br\/wp-content\/uploads\/2026\/01\/cropped-logo.png","width":900,"height":100,"caption":"Na Boca do Povo RN"},"image":{"@id":"https:\/\/nabocadopovorn.com.br\/#\/schema\/logo\/image\/"}},{"@type":"Person","@id":"https:\/\/nabocadopovorn.com.br\/#\/schema\/person\/4784d91e6eb0ee789392e2506451ee44","name":"Na Boca do Povo RN","image":{"@type":"ImageObject","inLanguage":"pt-BR","@id":"https:\/\/secure.gravatar.com\/avatar\/568abe1cbc790e8c79eadb7595ddaf9dccc533c248b489d4b018b6c00965b6ea?s=96&d=mm&r=g","url":"https:\/\/secure.gravatar.com\/avatar\/568abe1cbc790e8c79eadb7595ddaf9dccc533c248b489d4b018b6c00965b6ea?s=96&d=mm&r=g","contentUrl":"https:\/\/secure.gravatar.com\/avatar\/568abe1cbc790e8c79eadb7595ddaf9dccc533c248b489d4b018b6c00965b6ea?s=96&d=mm&r=g","caption":"Na Boca do Povo RN"},"sameAs":["http:\/\/nabocadopovorn.com.br"],"url":"https:\/\/nabocadopovorn.com.br\/index.php\/author\/nabocadopovorn23gmail-com\/"}]}},"_links":{"self":[{"href":"https:\/\/nabocadopovorn.com.br\/index.php\/wp-json\/wp\/v2\/posts\/7558","targetHints":{"allow":["GET"]}}],"collection":[{"href":"https:\/\/nabocadopovorn.com.br\/index.php\/wp-json\/wp\/v2\/posts"}],"about":[{"href":"https:\/\/nabocadopovorn.com.br\/index.php\/wp-json\/wp\/v2\/types\/post"}],"author":[{"embeddable":true,"href":"https:\/\/nabocadopovorn.com.br\/index.php\/wp-json\/wp\/v2\/users\/1"}],"replies":[{"embeddable":true,"href":"https:\/\/nabocadopovorn.com.br\/index.php\/wp-json\/wp\/v2\/comments?post=7558"}],"version-history":[{"count":1,"href":"https:\/\/nabocadopovorn.com.br\/index.php\/wp-json\/wp\/v2\/posts\/7558\/revisions"}],"predecessor-version":[{"id":7560,"href":"https:\/\/nabocadopovorn.com.br\/index.php\/wp-json\/wp\/v2\/posts\/7558\/revisions\/7560"}],"wp:featuredmedia":[{"embeddable":true,"href":"https:\/\/nabocadopovorn.com.br\/index.php\/wp-json\/wp\/v2\/media\/7559"}],"wp:attachment":[{"href":"https:\/\/nabocadopovorn.com.br\/index.php\/wp-json\/wp\/v2\/media?parent=7558"}],"wp:term":[{"taxonomy":"category","embeddable":true,"href":"https:\/\/nabocadopovorn.com.br\/index.php\/wp-json\/wp\/v2\/categories?post=7558"},{"taxonomy":"post_tag","embeddable":true,"href":"https:\/\/nabocadopovorn.com.br\/index.php\/wp-json\/wp\/v2\/tags?post=7558"}],"curies":[{"name":"wp","href":"https:\/\/api.w.org\/{rel}","templated":true}]}}