{"id":7555,"date":"2026-05-02T17:33:15","date_gmt":"2026-05-02T20:33:15","guid":{"rendered":"https:\/\/nabocadopovorn.com.br\/?p=7555"},"modified":"2026-05-02T17:33:20","modified_gmt":"2026-05-02T20:33:20","slug":"temporais-em-pernambuco-deixam-5-mortos-e-mais-de-2-mil-desalojados-e-desabrigados","status":"publish","type":"post","link":"https:\/\/nabocadopovorn.com.br\/index.php\/2026\/05\/02\/temporais-em-pernambuco-deixam-5-mortos-e-mais-de-2-mil-desalojados-e-desabrigados\/","title":{"rendered":"Temporais em Pernambuco deixam 5 mortos e mais de 2 mil desalojados e desabrigados"},"content":{"rendered":"\n<p>Subiu para cinco o n\u00famero de mortes provocadas pelos temporais que atingiram o estado de Pernambuco entre sexta-feira 1\u00ba e s\u00e1bado 2. A quinta v\u00edtima \u00e9 uma beb\u00ea de um ano e seis meses, identificada como Maria Helena Barbosa, que havia sido resgatada ap\u00f3s o desabamento de uma barreira no bairro Dois Unidos, em Recife.<\/p>\n\n\n\n<p>A morte foi confirmada pelo Hospital da Restaura\u00e7\u00e3o, onde a crian\u00e7a estava internada.<\/p>\n\n\n\n<figure class=\"wp-block-image\"><img decoding=\"async\" src=\"https:\/\/agorarn.com.br\/files\/uploads\/2026\/05\/image-11-830x468.png\" alt=\"image\" title=\"Temporais em pernambuco deixam 5 mortos e mais de 2 mil desalojados e desabrigados | not\u00edcias do rio grande do norte\"\/><\/figure>\n\n\n\n<p>Encontro das \u00e1guas do rio Capibaribe Mirim e riacho Marias Pretas &#8211; Foto: Divulga\u00e7\u00e3o\/Prefeitura de Timba\u00faba<\/p>\n\n\n\n<p>Segundo a Secretaria Estadual de Sa\u00fade, cinco pessoas deram entrada na unidade hospitalar: quatro crian\u00e7as e uma idosa.<\/p>\n\n\n\n<p>Uma crian\u00e7a recebeu alta, outra segue em observa\u00e7\u00e3o e a terceira foi transferida para um hospital particular. A mulher, de 73 anos, passou por cirurgia e permanece internada em estado est\u00e1vel.<\/p>\n\n\n\n<p>Al\u00e9m da beb\u00ea, outras quatro pessoas morreram, sendo duas em Recife e duas em Olinda.<\/p>\n\n\n\n<p>De acordo com a Defesa Civil, os temporais j\u00e1 afetaram 2.190 pessoas. Desse total, 1.096 est\u00e3o desabrigadas e 1.094 desalojadas.<\/p>\n\n\n\n<p>Os dados mais recentes apontam:<\/p>\n\n\n\n<ul class=\"wp-block-list\">\n<li>Recife: 671 desabrigados e 2 \u00f3bitos<\/li>\n\n\n\n<li>Olinda: 170 desabrigados, 5 feridos e 2 \u00f3bitos<\/li>\n\n\n\n<li>Goiana: 146 desabrigados e 994 desalojados<\/li>\n\n\n\n<li>Timba\u00faba: 42 desabrigados e 52 desalojados<\/li>\n\n\n\n<li>Paulista: 32 desabrigados e 11 desalojados<\/li>\n\n\n\n<li>Igarassu: 27 desabrigados e 21 desalojados<\/li>\n\n\n\n<li>Camaragibe: 4 desabrigados e 11 desalojados<\/li>\n\n\n\n<li>Limoeiro: 4 desabrigados e 5 desalojados<\/li>\n<\/ul>\n\n\n\n<p>O Corpo de Bombeiros Militar de Pernambuco informou que, entre 17h de sexta-feira 1\u00ba e 7h de s\u00e1bado 2, foram registradas 23 ocorr\u00eancias de pessoas ilhadas, com 149 v\u00edtimas resgatadas.<\/p>\n\n\n\n<p>No total dos dois dias, foram contabilizadas 39 ocorr\u00eancias atendidas e 489 pessoas resgatadas.<\/p>\n\n\n\n<figure class=\"wp-block-image\"><img decoding=\"async\" src=\"https:\/\/agorarn.com.br\/files\/uploads\/2026\/05\/image-10-1024x576.png\" alt=\"image\" class=\"wp-image-1014030\" title=\"Temporais em pernambuco deixam 5 mortos e mais de 2 mil desalojados e desabrigados | not\u00edcias do rio grande do norte\"\/><figcaption class=\"wp-element-caption\">Fortes chuvas atingiram o estado entre quinta e sexta-feira 1\u00b0 \u2013 Foto: Divulga\u00e7\u00e3o\/Prefeitura de Timba\u00faba<\/figcaption><\/figure>\n\n\n\n<p>As \u00e1reas afetadas receberam suprimentos como colch\u00f5es, len\u00e7\u00f3is e kits de limpeza e higiene.<\/p>\n\n\n\n<p>A Defesa Civil mant\u00e9m monitoramento nas regi\u00f5es atingidas. Os bombeiros orientam que, em situa\u00e7\u00f5es de risco, a popula\u00e7\u00e3o busque locais seguros, evite \u00e1reas alagadas ou com sinais de deslizamento e siga as orienta\u00e7\u00f5es dos \u00f3rg\u00e3os oficiais.<\/p>\n\n\n\n<p>Fonte Agora RN<\/p>\n","protected":false},"excerpt":{"rendered":"<p>Subiu para cinco o n\u00famero de mortes provocadas pelos temporais que atingiram o estado de Pernambuco entre sexta-feira 1\u00ba e s\u00e1bado 2. A quinta v\u00edtima \u00e9 uma beb\u00ea de um ano e seis meses, identificada como Maria Helena Barbosa, que havia sido resgatada ap\u00f3s o desabamento de uma barreira no bairro Dois Unidos, em Recife. [&hellip;]<\/p>\n","protected":false},"author":1,"featured_media":7556,"comment_status":"closed","ping_status":"open","sticky":false,"template":"","format":"standard","meta":{"footnotes":""},"categories":[111],"tags":[],"class_list":["post-7555","post","type-post","status-publish","format-standard","has-post-thumbnail","hentry","category-chuvas"],"yoast_head":"<!-- This site is optimized with the Yoast SEO plugin v27.5 - https:\/\/yoast.com\/product\/yoast-seo-wordpress\/ -->\n<title>Temporais em Pernambuco deixam 5 mortos e mais de 2 mil desalojados e desabrigados - Na Boca do Povo RN<\/title>\n<meta name=\"robots\" content=\"index, follow, max-snippet:-1, max-image-preview:large, max-video-preview:-1\" \/>\n<link rel=\"canonical\" href=\"https:\/\/nabocadopovorn.com.br\/index.php\/2026\/05\/02\/temporais-em-pernambuco-deixam-5-mortos-e-mais-de-2-mil-desalojados-e-desabrigados\/\" \/>\n<meta property=\"og:locale\" content=\"pt_BR\" \/>\n<meta property=\"og:type\" content=\"article\" \/>\n<meta property=\"og:title\" content=\"Temporais em Pernambuco deixam 5 mortos e mais de 2 mil desalojados e desabrigados - Na Boca do Povo RN\" \/>\n<meta property=\"og:description\" content=\"Subiu para cinco o n\u00famero de mortes provocadas pelos temporais que atingiram o estado de Pernambuco entre sexta-feira 1\u00ba e s\u00e1bado 2. A quinta v\u00edtima \u00e9 uma beb\u00ea de um ano e seis meses, identificada como Maria Helena Barbosa, que havia sido resgatada ap\u00f3s o desabamento de uma barreira no bairro Dois Unidos, em Recife. [&hellip;]\" \/>\n<meta property=\"og:url\" content=\"https:\/\/nabocadopovorn.com.br\/index.php\/2026\/05\/02\/temporais-em-pernambuco-deixam-5-mortos-e-mais-de-2-mil-desalojados-e-desabrigados\/\" \/>\n<meta property=\"og:site_name\" content=\"Na Boca do Povo RN\" \/>\n<meta property=\"article:published_time\" content=\"2026-05-02T20:33:15+00:00\" \/>\n<meta property=\"article:modified_time\" content=\"2026-05-02T20:33:20+00:00\" \/>\n<meta property=\"og:image\" content=\"https:\/\/nabocadopovorn.com.br\/wp-content\/uploads\/2026\/05\/image-11-830x468-1.png\" \/>\n\t<meta property=\"og:image:width\" content=\"830\" \/>\n\t<meta property=\"og:image:height\" content=\"468\" \/>\n\t<meta property=\"og:image:type\" content=\"image\/png\" \/>\n<meta name=\"author\" content=\"Na Boca do Povo RN\" \/>\n<meta name=\"twitter:card\" content=\"summary_large_image\" \/>\n<meta name=\"twitter:label1\" content=\"Escrito por\" \/>\n\t<meta name=\"twitter:data1\" content=\"Na Boca do Povo RN\" \/>\n\t<meta name=\"twitter:label2\" content=\"Est. tempo de leitura\" \/>\n\t<meta name=\"twitter:data2\" content=\"3 minutos\" \/>\n<script type=\"application\/ld+json\" class=\"yoast-schema-graph\">{\"@context\":\"https:\\\/\\\/schema.org\",\"@graph\":[{\"@type\":\"Article\",\"@id\":\"https:\\\/\\\/nabocadopovorn.com.br\\\/index.php\\\/2026\\\/05\\\/02\\\/temporais-em-pernambuco-deixam-5-mortos-e-mais-de-2-mil-desalojados-e-desabrigados\\\/#article\",\"isPartOf\":{\"@id\":\"https:\\\/\\\/nabocadopovorn.com.br\\\/index.php\\\/2026\\\/05\\\/02\\\/temporais-em-pernambuco-deixam-5-mortos-e-mais-de-2-mil-desalojados-e-desabrigados\\\/\"},\"author\":{\"name\":\"Na Boca do Povo RN\",\"@id\":\"https:\\\/\\\/nabocadopovorn.com.br\\\/#\\\/schema\\\/person\\\/4784d91e6eb0ee789392e2506451ee44\"},\"headline\":\"Temporais em Pernambuco deixam 5 mortos e mais de 2 mil desalojados e desabrigados\",\"datePublished\":\"2026-05-02T20:33:15+00:00\",\"dateModified\":\"2026-05-02T20:33:20+00:00\",\"mainEntityOfPage\":{\"@id\":\"https:\\\/\\\/nabocadopovorn.com.br\\\/index.php\\\/2026\\\/05\\\/02\\\/temporais-em-pernambuco-deixam-5-mortos-e-mais-de-2-mil-desalojados-e-desabrigados\\\/\"},\"wordCount\":347,\"publisher\":{\"@id\":\"https:\\\/\\\/nabocadopovorn.com.br\\\/#organization\"},\"image\":{\"@id\":\"https:\\\/\\\/nabocadopovorn.com.br\\\/index.php\\\/2026\\\/05\\\/02\\\/temporais-em-pernambuco-deixam-5-mortos-e-mais-de-2-mil-desalojados-e-desabrigados\\\/#primaryimage\"},\"thumbnailUrl\":\"https:\\\/\\\/nabocadopovorn.com.br\\\/wp-content\\\/uploads\\\/2026\\\/05\\\/image-11-830x468-1.png\",\"articleSection\":[\"Chuvas\"],\"inLanguage\":\"pt-BR\"},{\"@type\":\"WebPage\",\"@id\":\"https:\\\/\\\/nabocadopovorn.com.br\\\/index.php\\\/2026\\\/05\\\/02\\\/temporais-em-pernambuco-deixam-5-mortos-e-mais-de-2-mil-desalojados-e-desabrigados\\\/\",\"url\":\"https:\\\/\\\/nabocadopovorn.com.br\\\/index.php\\\/2026\\\/05\\\/02\\\/temporais-em-pernambuco-deixam-5-mortos-e-mais-de-2-mil-desalojados-e-desabrigados\\\/\",\"name\":\"Temporais em Pernambuco deixam 5 mortos e mais de 2 mil desalojados e desabrigados - Na Boca do Povo RN\",\"isPartOf\":{\"@id\":\"https:\\\/\\\/nabocadopovorn.com.br\\\/#website\"},\"primaryImageOfPage\":{\"@id\":\"https:\\\/\\\/nabocadopovorn.com.br\\\/index.php\\\/2026\\\/05\\\/02\\\/temporais-em-pernambuco-deixam-5-mortos-e-mais-de-2-mil-desalojados-e-desabrigados\\\/#primaryimage\"},\"image\":{\"@id\":\"https:\\\/\\\/nabocadopovorn.com.br\\\/index.php\\\/2026\\\/05\\\/02\\\/temporais-em-pernambuco-deixam-5-mortos-e-mais-de-2-mil-desalojados-e-desabrigados\\\/#primaryimage\"},\"thumbnailUrl\":\"https:\\\/\\\/nabocadopovorn.com.br\\\/wp-content\\\/uploads\\\/2026\\\/05\\\/image-11-830x468-1.png\",\"datePublished\":\"2026-05-02T20:33:15+00:00\",\"dateModified\":\"2026-05-02T20:33:20+00:00\",\"breadcrumb\":{\"@id\":\"https:\\\/\\\/nabocadopovorn.com.br\\\/index.php\\\/2026\\\/05\\\/02\\\/temporais-em-pernambuco-deixam-5-mortos-e-mais-de-2-mil-desalojados-e-desabrigados\\\/#breadcrumb\"},\"inLanguage\":\"pt-BR\",\"potentialAction\":[{\"@type\":\"ReadAction\",\"target\":[\"https:\\\/\\\/nabocadopovorn.com.br\\\/index.php\\\/2026\\\/05\\\/02\\\/temporais-em-pernambuco-deixam-5-mortos-e-mais-de-2-mil-desalojados-e-desabrigados\\\/\"]}]},{\"@type\":\"ImageObject\",\"inLanguage\":\"pt-BR\",\"@id\":\"https:\\\/\\\/nabocadopovorn.com.br\\\/index.php\\\/2026\\\/05\\\/02\\\/temporais-em-pernambuco-deixam-5-mortos-e-mais-de-2-mil-desalojados-e-desabrigados\\\/#primaryimage\",\"url\":\"https:\\\/\\\/nabocadopovorn.com.br\\\/wp-content\\\/uploads\\\/2026\\\/05\\\/image-11-830x468-1.png\",\"contentUrl\":\"https:\\\/\\\/nabocadopovorn.com.br\\\/wp-content\\\/uploads\\\/2026\\\/05\\\/image-11-830x468-1.png\",\"width\":830,\"height\":468},{\"@type\":\"BreadcrumbList\",\"@id\":\"https:\\\/\\\/nabocadopovorn.com.br\\\/index.php\\\/2026\\\/05\\\/02\\\/temporais-em-pernambuco-deixam-5-mortos-e-mais-de-2-mil-desalojados-e-desabrigados\\\/#breadcrumb\",\"itemListElement\":[{\"@type\":\"ListItem\",\"position\":1,\"name\":\"Home\",\"item\":\"https:\\\/\\\/nabocadopovorn.com.br\\\/\"},{\"@type\":\"ListItem\",\"position\":2,\"name\":\"Temporais em Pernambuco deixam 5 mortos e mais de 2 mil desalojados e desabrigados\"}]},{\"@type\":\"WebSite\",\"@id\":\"https:\\\/\\\/nabocadopovorn.com.br\\\/#website\",\"url\":\"https:\\\/\\\/nabocadopovorn.com.br\\\/\",\"name\":\"Na Boca do Povo RN\",\"description\":\"Informa\u00e7\u00e3o Total\",\"publisher\":{\"@id\":\"https:\\\/\\\/nabocadopovorn.com.br\\\/#organization\"},\"potentialAction\":[{\"@type\":\"SearchAction\",\"target\":{\"@type\":\"EntryPoint\",\"urlTemplate\":\"https:\\\/\\\/nabocadopovorn.com.br\\\/?s={search_term_string}\"},\"query-input\":{\"@type\":\"PropertyValueSpecification\",\"valueRequired\":true,\"valueName\":\"search_term_string\"}}],\"inLanguage\":\"pt-BR\"},{\"@type\":\"Organization\",\"@id\":\"https:\\\/\\\/nabocadopovorn.com.br\\\/#organization\",\"name\":\"Na Boca do Povo RN\",\"url\":\"https:\\\/\\\/nabocadopovorn.com.br\\\/\",\"logo\":{\"@type\":\"ImageObject\",\"inLanguage\":\"pt-BR\",\"@id\":\"https:\\\/\\\/nabocadopovorn.com.br\\\/#\\\/schema\\\/logo\\\/image\\\/\",\"url\":\"https:\\\/\\\/nabocadopovorn.com.br\\\/wp-content\\\/uploads\\\/2026\\\/01\\\/cropped-logo.png\",\"contentUrl\":\"https:\\\/\\\/nabocadopovorn.com.br\\\/wp-content\\\/uploads\\\/2026\\\/01\\\/cropped-logo.png\",\"width\":900,\"height\":100,\"caption\":\"Na Boca do Povo RN\"},\"image\":{\"@id\":\"https:\\\/\\\/nabocadopovorn.com.br\\\/#\\\/schema\\\/logo\\\/image\\\/\"}},{\"@type\":\"Person\",\"@id\":\"https:\\\/\\\/nabocadopovorn.com.br\\\/#\\\/schema\\\/person\\\/4784d91e6eb0ee789392e2506451ee44\",\"name\":\"Na Boca do Povo RN\",\"image\":{\"@type\":\"ImageObject\",\"inLanguage\":\"pt-BR\",\"@id\":\"https:\\\/\\\/secure.gravatar.com\\\/avatar\\\/568abe1cbc790e8c79eadb7595ddaf9dccc533c248b489d4b018b6c00965b6ea?s=96&d=mm&r=g\",\"url\":\"https:\\\/\\\/secure.gravatar.com\\\/avatar\\\/568abe1cbc790e8c79eadb7595ddaf9dccc533c248b489d4b018b6c00965b6ea?s=96&d=mm&r=g\",\"contentUrl\":\"https:\\\/\\\/secure.gravatar.com\\\/avatar\\\/568abe1cbc790e8c79eadb7595ddaf9dccc533c248b489d4b018b6c00965b6ea?s=96&d=mm&r=g\",\"caption\":\"Na Boca do Povo RN\"},\"sameAs\":[\"http:\\\/\\\/nabocadopovorn.com.br\"],\"url\":\"https:\\\/\\\/nabocadopovorn.com.br\\\/index.php\\\/author\\\/nabocadopovorn23gmail-com\\\/\"}]}<\/script>\n<!-- \/ Yoast SEO plugin. -->","yoast_head_json":{"title":"Temporais em Pernambuco deixam 5 mortos e mais de 2 mil desalojados e desabrigados - Na Boca do Povo RN","robots":{"index":"index","follow":"follow","max-snippet":"max-snippet:-1","max-image-preview":"max-image-preview:large","max-video-preview":"max-video-preview:-1"},"canonical":"https:\/\/nabocadopovorn.com.br\/index.php\/2026\/05\/02\/temporais-em-pernambuco-deixam-5-mortos-e-mais-de-2-mil-desalojados-e-desabrigados\/","og_locale":"pt_BR","og_type":"article","og_title":"Temporais em Pernambuco deixam 5 mortos e mais de 2 mil desalojados e desabrigados - Na Boca do Povo RN","og_description":"Subiu para cinco o n\u00famero de mortes provocadas pelos temporais que atingiram o estado de Pernambuco entre sexta-feira 1\u00ba e s\u00e1bado 2. A quinta v\u00edtima \u00e9 uma beb\u00ea de um ano e seis meses, identificada como Maria Helena Barbosa, que havia sido resgatada ap\u00f3s o desabamento de uma barreira no bairro Dois Unidos, em Recife. [&hellip;]","og_url":"https:\/\/nabocadopovorn.com.br\/index.php\/2026\/05\/02\/temporais-em-pernambuco-deixam-5-mortos-e-mais-de-2-mil-desalojados-e-desabrigados\/","og_site_name":"Na Boca do Povo RN","article_published_time":"2026-05-02T20:33:15+00:00","article_modified_time":"2026-05-02T20:33:20+00:00","og_image":[{"width":830,"height":468,"url":"https:\/\/nabocadopovorn.com.br\/wp-content\/uploads\/2026\/05\/image-11-830x468-1.png","type":"image\/png"}],"author":"Na Boca do Povo RN","twitter_card":"summary_large_image","twitter_misc":{"Escrito por":"Na Boca do Povo RN","Est. tempo de leitura":"3 minutos"},"schema":{"@context":"https:\/\/schema.org","@graph":[{"@type":"Article","@id":"https:\/\/nabocadopovorn.com.br\/index.php\/2026\/05\/02\/temporais-em-pernambuco-deixam-5-mortos-e-mais-de-2-mil-desalojados-e-desabrigados\/#article","isPartOf":{"@id":"https:\/\/nabocadopovorn.com.br\/index.php\/2026\/05\/02\/temporais-em-pernambuco-deixam-5-mortos-e-mais-de-2-mil-desalojados-e-desabrigados\/"},"author":{"name":"Na Boca do Povo RN","@id":"https:\/\/nabocadopovorn.com.br\/#\/schema\/person\/4784d91e6eb0ee789392e2506451ee44"},"headline":"Temporais em Pernambuco deixam 5 mortos e mais de 2 mil desalojados e desabrigados","datePublished":"2026-05-02T20:33:15+00:00","dateModified":"2026-05-02T20:33:20+00:00","mainEntityOfPage":{"@id":"https:\/\/nabocadopovorn.com.br\/index.php\/2026\/05\/02\/temporais-em-pernambuco-deixam-5-mortos-e-mais-de-2-mil-desalojados-e-desabrigados\/"},"wordCount":347,"publisher":{"@id":"https:\/\/nabocadopovorn.com.br\/#organization"},"image":{"@id":"https:\/\/nabocadopovorn.com.br\/index.php\/2026\/05\/02\/temporais-em-pernambuco-deixam-5-mortos-e-mais-de-2-mil-desalojados-e-desabrigados\/#primaryimage"},"thumbnailUrl":"https:\/\/nabocadopovorn.com.br\/wp-content\/uploads\/2026\/05\/image-11-830x468-1.png","articleSection":["Chuvas"],"inLanguage":"pt-BR"},{"@type":"WebPage","@id":"https:\/\/nabocadopovorn.com.br\/index.php\/2026\/05\/02\/temporais-em-pernambuco-deixam-5-mortos-e-mais-de-2-mil-desalojados-e-desabrigados\/","url":"https:\/\/nabocadopovorn.com.br\/index.php\/2026\/05\/02\/temporais-em-pernambuco-deixam-5-mortos-e-mais-de-2-mil-desalojados-e-desabrigados\/","name":"Temporais em Pernambuco deixam 5 mortos e mais de 2 mil desalojados e desabrigados - Na Boca do Povo RN","isPartOf":{"@id":"https:\/\/nabocadopovorn.com.br\/#website"},"primaryImageOfPage":{"@id":"https:\/\/nabocadopovorn.com.br\/index.php\/2026\/05\/02\/temporais-em-pernambuco-deixam-5-mortos-e-mais-de-2-mil-desalojados-e-desabrigados\/#primaryimage"},"image":{"@id":"https:\/\/nabocadopovorn.com.br\/index.php\/2026\/05\/02\/temporais-em-pernambuco-deixam-5-mortos-e-mais-de-2-mil-desalojados-e-desabrigados\/#primaryimage"},"thumbnailUrl":"https:\/\/nabocadopovorn.com.br\/wp-content\/uploads\/2026\/05\/image-11-830x468-1.png","datePublished":"2026-05-02T20:33:15+00:00","dateModified":"2026-05-02T20:33:20+00:00","breadcrumb":{"@id":"https:\/\/nabocadopovorn.com.br\/index.php\/2026\/05\/02\/temporais-em-pernambuco-deixam-5-mortos-e-mais-de-2-mil-desalojados-e-desabrigados\/#breadcrumb"},"inLanguage":"pt-BR","potentialAction":[{"@type":"ReadAction","target":["https:\/\/nabocadopovorn.com.br\/index.php\/2026\/05\/02\/temporais-em-pernambuco-deixam-5-mortos-e-mais-de-2-mil-desalojados-e-desabrigados\/"]}]},{"@type":"ImageObject","inLanguage":"pt-BR","@id":"https:\/\/nabocadopovorn.com.br\/index.php\/2026\/05\/02\/temporais-em-pernambuco-deixam-5-mortos-e-mais-de-2-mil-desalojados-e-desabrigados\/#primaryimage","url":"https:\/\/nabocadopovorn.com.br\/wp-content\/uploads\/2026\/05\/image-11-830x468-1.png","contentUrl":"https:\/\/nabocadopovorn.com.br\/wp-content\/uploads\/2026\/05\/image-11-830x468-1.png","width":830,"height":468},{"@type":"BreadcrumbList","@id":"https:\/\/nabocadopovorn.com.br\/index.php\/2026\/05\/02\/temporais-em-pernambuco-deixam-5-mortos-e-mais-de-2-mil-desalojados-e-desabrigados\/#breadcrumb","itemListElement":[{"@type":"ListItem","position":1,"name":"Home","item":"https:\/\/nabocadopovorn.com.br\/"},{"@type":"ListItem","position":2,"name":"Temporais em Pernambuco deixam 5 mortos e mais de 2 mil desalojados e desabrigados"}]},{"@type":"WebSite","@id":"https:\/\/nabocadopovorn.com.br\/#website","url":"https:\/\/nabocadopovorn.com.br\/","name":"Na Boca do Povo RN","description":"Informa\u00e7\u00e3o Total","publisher":{"@id":"https:\/\/nabocadopovorn.com.br\/#organization"},"potentialAction":[{"@type":"SearchAction","target":{"@type":"EntryPoint","urlTemplate":"https:\/\/nabocadopovorn.com.br\/?s={search_term_string}"},"query-input":{"@type":"PropertyValueSpecification","valueRequired":true,"valueName":"search_term_string"}}],"inLanguage":"pt-BR"},{"@type":"Organization","@id":"https:\/\/nabocadopovorn.com.br\/#organization","name":"Na Boca do Povo RN","url":"https:\/\/nabocadopovorn.com.br\/","logo":{"@type":"ImageObject","inLanguage":"pt-BR","@id":"https:\/\/nabocadopovorn.com.br\/#\/schema\/logo\/image\/","url":"https:\/\/nabocadopovorn.com.br\/wp-content\/uploads\/2026\/01\/cropped-logo.png","contentUrl":"https:\/\/nabocadopovorn.com.br\/wp-content\/uploads\/2026\/01\/cropped-logo.png","width":900,"height":100,"caption":"Na Boca do Povo RN"},"image":{"@id":"https:\/\/nabocadopovorn.com.br\/#\/schema\/logo\/image\/"}},{"@type":"Person","@id":"https:\/\/nabocadopovorn.com.br\/#\/schema\/person\/4784d91e6eb0ee789392e2506451ee44","name":"Na Boca do Povo RN","image":{"@type":"ImageObject","inLanguage":"pt-BR","@id":"https:\/\/secure.gravatar.com\/avatar\/568abe1cbc790e8c79eadb7595ddaf9dccc533c248b489d4b018b6c00965b6ea?s=96&d=mm&r=g","url":"https:\/\/secure.gravatar.com\/avatar\/568abe1cbc790e8c79eadb7595ddaf9dccc533c248b489d4b018b6c00965b6ea?s=96&d=mm&r=g","contentUrl":"https:\/\/secure.gravatar.com\/avatar\/568abe1cbc790e8c79eadb7595ddaf9dccc533c248b489d4b018b6c00965b6ea?s=96&d=mm&r=g","caption":"Na Boca do Povo RN"},"sameAs":["http:\/\/nabocadopovorn.com.br"],"url":"https:\/\/nabocadopovorn.com.br\/index.php\/author\/nabocadopovorn23gmail-com\/"}]}},"_links":{"self":[{"href":"https:\/\/nabocadopovorn.com.br\/index.php\/wp-json\/wp\/v2\/posts\/7555","targetHints":{"allow":["GET"]}}],"collection":[{"href":"https:\/\/nabocadopovorn.com.br\/index.php\/wp-json\/wp\/v2\/posts"}],"about":[{"href":"https:\/\/nabocadopovorn.com.br\/index.php\/wp-json\/wp\/v2\/types\/post"}],"author":[{"embeddable":true,"href":"https:\/\/nabocadopovorn.com.br\/index.php\/wp-json\/wp\/v2\/users\/1"}],"replies":[{"embeddable":true,"href":"https:\/\/nabocadopovorn.com.br\/index.php\/wp-json\/wp\/v2\/comments?post=7555"}],"version-history":[{"count":1,"href":"https:\/\/nabocadopovorn.com.br\/index.php\/wp-json\/wp\/v2\/posts\/7555\/revisions"}],"predecessor-version":[{"id":7557,"href":"https:\/\/nabocadopovorn.com.br\/index.php\/wp-json\/wp\/v2\/posts\/7555\/revisions\/7557"}],"wp:featuredmedia":[{"embeddable":true,"href":"https:\/\/nabocadopovorn.com.br\/index.php\/wp-json\/wp\/v2\/media\/7556"}],"wp:attachment":[{"href":"https:\/\/nabocadopovorn.com.br\/index.php\/wp-json\/wp\/v2\/media?parent=7555"}],"wp:term":[{"taxonomy":"category","embeddable":true,"href":"https:\/\/nabocadopovorn.com.br\/index.php\/wp-json\/wp\/v2\/categories?post=7555"},{"taxonomy":"post_tag","embeddable":true,"href":"https:\/\/nabocadopovorn.com.br\/index.php\/wp-json\/wp\/v2\/tags?post=7555"}],"curies":[{"name":"wp","href":"https:\/\/api.w.org\/{rel}","templated":true}]}}