{"id":7547,"date":"2026-05-02T17:28:06","date_gmt":"2026-05-02T20:28:06","guid":{"rendered":"https:\/\/nabocadopovorn.com.br\/?p=7547"},"modified":"2026-05-02T17:28:08","modified_gmt":"2026-05-02T20:28:08","slug":"governo-anuncia-obra-de-r-52-milhoes-para-drenagem-na-olavo-montenegro","status":"publish","type":"post","link":"https:\/\/nabocadopovorn.com.br\/index.php\/2026\/05\/02\/governo-anuncia-obra-de-r-52-milhoes-para-drenagem-na-olavo-montenegro\/","title":{"rendered":"Governo anuncia obra de R$ 52 milh\u00f5es para drenagem na Olavo Montenegro"},"content":{"rendered":"\n<p>A governadora F\u00e1tima Bezerra apresentou neste s\u00e1bado 2 o projeto de drenagem da Avenida Olavo Montenegro, via que liga Natal a Parnamirim. A proposta foi detalhada durante entrevista \u00e0 R\u00e1dio Liberdade FM, ao lado da prefeita Nilda Cruz.<\/p>\n\n\n\n<p>A obra est\u00e1 or\u00e7ada em R$ 52,6 milh\u00f5es e ser\u00e1 inclu\u00edda no Novo Programa de Acelera\u00e7\u00e3o do Crescimento (PAC). Do total, R$ 49,9 milh\u00f5es ser\u00e3o financiados pelo Governo Federal e R$ 2,6 milh\u00f5es correspondem \u00e0 contrapartida do Estado. A previs\u00e3o \u00e9 iniciar os servi\u00e7os em 2026, com prazo estimado de 18 meses.<\/p>\n\n\n\n<figure class=\"wp-block-image\"><img decoding=\"async\" src=\"https:\/\/agorarn.com.br\/files\/uploads\/2026\/05\/image-14-edited-830x468.png\" alt=\"image\" title=\"Governo anuncia obra de r$ 52 milh\u00f5es para drenagem na olavo montenegro | not\u00edcias do rio grande do norte\"\/><\/figure>\n\n\n\n<p>Governadora apresenta projeto de drenagem para a Avenida Olavo Montenegro, que liga Natal a Parnamirim &#8211; Foto: Joana Lima<\/p>\n\n\n\n<p>Segundo o governo, o projeto prev\u00ea a implanta\u00e7\u00e3o de um sistema integrado \u00e0 macrodrenagem da regi\u00e3o do bairro Parque das \u00c1rvores, em Parnamirim.<\/p>\n\n\n\n<p>A governadora afirmou que a execu\u00e7\u00e3o da macrodrenagem \u00e9 necess\u00e1ria para resolver os alagamentos na avenida. \u201c\u00c9 necess\u00e1ria a macrodrenagem da \u00e1rea do Parque das \u00c1rvores. Se n\u00e3o for assim, n\u00f3s vamos apenas enxugar gelo, porque a solu\u00e7\u00e3o t\u00e9cnica n\u00e3o se viabilizar\u00e1\u201d, disse.<\/p>\n\n\n\n<p>Ela tamb\u00e9m afirmou que o projeto foi elaborado em conjunto com a prefeitura. \u201cA Olavo Montenegro se insere dentro da log\u00edstica da infraestrutura rodovi\u00e1ria da Regi\u00e3o Metropolitana de Natal como um vetor muito importante. N\u00f3s estamos falando de uma via que dialoga com mais de um milh\u00e3o de habitantes quando consideramos a popula\u00e7\u00e3o de Parnamirim, Natal e a dos demais munic\u00edpios da regi\u00e3o\u201d, afirmou.<\/p>\n\n\n\n<h3 class=\"wp-block-heading\"><strong>Estrada de Japecanga<\/strong><\/h3>\n\n\n\n<p>Durante a entrevista, F\u00e1tima Bezerra anunciou investimento de R$ 13 milh\u00f5es para a recupera\u00e7\u00e3o da RN-316, conhecida como estrada de Japecanga, que liga Parnamirim a Monte Alegre.<\/p>\n\n\n\n<p>A obra ter\u00e1 extens\u00e3o de 15 quil\u00f4metros, com in\u00edcio no entroncamento da RN-306, passando pela comunidade de Mendes, em S\u00e3o Jos\u00e9 de Mipibu, at\u00e9 Japecanga, em Parnamirim. \u201c\u00c9 uma estrada aguardada h\u00e1 muito tempo. A obra se insere dentro do maior programa de recupera\u00e7\u00e3o de estradas da hist\u00f3ria contempor\u00e2nea do Rio Grande do Norte\u201d, afirmou.<\/p>\n\n\n\n<figure class=\"wp-block-image\"><img decoding=\"async\" src=\"https:\/\/agorarn.com.br\/files\/uploads\/2026\/05\/image-15-edited.png\" alt=\"image\" class=\"wp-image-1014045\" title=\"Governo anuncia obra de r$ 52 milh\u00f5es para drenagem na olavo montenegro | not\u00edcias do rio grande do norte\"\/><figcaption class=\"wp-element-caption\">Governo prev\u00ea iniciar drenagem na Olavo Montenegro ainda em 2026 \u2013 Foto: Joana Lima<\/figcaption><\/figure>\n\n\n\n<h3 class=\"wp-block-heading\"><strong>Cultura<\/strong><\/h3>\n\n\n\n<p>A governadora tamb\u00e9m tratou da reforma do Cine Teatro de Parnamirim, or\u00e7ada em R$ 2,9 milh\u00f5es. Desse total, R$ 900 mil j\u00e1 foram assegurados por meio da Pol\u00edtica Nacional Aldir Blanc, vinculada ao Minist\u00e9rio da Cultura.<\/p>\n\n\n\n<p>O governo e a prefeitura buscam captar mais R$ 2 milh\u00f5es para completar o or\u00e7amento. \u201cAs tratativas administrativas est\u00e3o em curso para assegurar o aporte integral do governo federal\u201d, afirmou a governadora.<\/p>\n\n\n\n<h3 class=\"wp-block-heading\"><strong>Seguran\u00e7a e sa\u00fade<\/strong><\/h3>\n\n\n\n<p>Na \u00e1rea de seguran\u00e7a, dados oficiais apontam redu\u00e7\u00e3o de 86% nos Crimes Violentos Letais Intencionais em Parnamirim em 2026. Os roubos de ve\u00edculos ca\u00edram de 92 para 32 ocorr\u00eancias, redu\u00e7\u00e3o de 70%, e os furtos recuaram mais de 50%.<\/p>\n\n\n\n<p>Segundo F\u00e1tima Bezerra, os resultados est\u00e3o ligados a a\u00e7\u00f5es realizadas nos \u00faltimos anos. \u201cSomente na Pol\u00edcia Militar j\u00e1 foram efetuadas mais de 20 mil promo\u00e7\u00f5es\u201d, afirmou.<\/p>\n\n\n\n<p>Ela citou ainda concursos p\u00fablicos e a nomea\u00e7\u00e3o de cerca de 5 mil agentes, al\u00e9m da renova\u00e7\u00e3o da frota e da constru\u00e7\u00e3o de estruturas como a Cidade da Pol\u00edcia.<\/p>\n\n\n\n<p>Na sa\u00fade, a governadora informou que seguem em andamento as obras do Hospital Metropolitano, em Parnamirim, com 350 leitos e investimento de R$ 200 milh\u00f5es com recursos federais. \u201cO objetivo do novo equipamento \u00e9 ampliar a capacidade de atendimento na Regi\u00e3o Metropolitana, reduzindo a sobrecarga do Hospital Walfredo Gurgel\u201d, disse.<\/p>\n\n\n\n<p>Fonte Agora RN<\/p>\n","protected":false},"excerpt":{"rendered":"<p>A governadora F\u00e1tima Bezerra apresentou neste s\u00e1bado 2 o projeto de drenagem da Avenida Olavo Montenegro, via que liga Natal a Parnamirim. A proposta foi detalhada durante entrevista \u00e0 R\u00e1dio Liberdade FM, ao lado da prefeita Nilda Cruz. A obra est\u00e1 or\u00e7ada em R$ 52,6 milh\u00f5es e ser\u00e1 inclu\u00edda no Novo Programa de Acelera\u00e7\u00e3o do [&hellip;]<\/p>\n","protected":false},"author":1,"featured_media":7548,"comment_status":"closed","ping_status":"open","sticky":false,"template":"","format":"standard","meta":{"footnotes":""},"categories":[18],"tags":[],"class_list":["post-7547","post","type-post","status-publish","format-standard","has-post-thumbnail","hentry","category-rn"],"yoast_head":"<!-- This site is optimized with the Yoast SEO plugin v27.5 - https:\/\/yoast.com\/product\/yoast-seo-wordpress\/ -->\n<title>Governo anuncia obra de R$ 52 milh\u00f5es para drenagem na Olavo Montenegro - Na Boca do Povo RN<\/title>\n<meta name=\"robots\" content=\"index, follow, max-snippet:-1, max-image-preview:large, max-video-preview:-1\" \/>\n<link rel=\"canonical\" href=\"https:\/\/nabocadopovorn.com.br\/index.php\/2026\/05\/02\/governo-anuncia-obra-de-r-52-milhoes-para-drenagem-na-olavo-montenegro\/\" \/>\n<meta property=\"og:locale\" content=\"pt_BR\" \/>\n<meta property=\"og:type\" content=\"article\" \/>\n<meta property=\"og:title\" content=\"Governo anuncia obra de R$ 52 milh\u00f5es para drenagem na Olavo Montenegro - Na Boca do Povo RN\" \/>\n<meta property=\"og:description\" content=\"A governadora F\u00e1tima Bezerra apresentou neste s\u00e1bado 2 o projeto de drenagem da Avenida Olavo Montenegro, via que liga Natal a Parnamirim. A proposta foi detalhada durante entrevista \u00e0 R\u00e1dio Liberdade FM, ao lado da prefeita Nilda Cruz. A obra est\u00e1 or\u00e7ada em R$ 52,6 milh\u00f5es e ser\u00e1 inclu\u00edda no Novo Programa de Acelera\u00e7\u00e3o do [&hellip;]\" \/>\n<meta property=\"og:url\" content=\"https:\/\/nabocadopovorn.com.br\/index.php\/2026\/05\/02\/governo-anuncia-obra-de-r-52-milhoes-para-drenagem-na-olavo-montenegro\/\" \/>\n<meta property=\"og:site_name\" content=\"Na Boca do Povo RN\" \/>\n<meta property=\"article:published_time\" content=\"2026-05-02T20:28:06+00:00\" \/>\n<meta property=\"article:modified_time\" content=\"2026-05-02T20:28:08+00:00\" \/>\n<meta property=\"og:image\" content=\"https:\/\/nabocadopovorn.com.br\/wp-content\/uploads\/2026\/05\/image-14-edited-830x468-1.png\" \/>\n\t<meta property=\"og:image:width\" content=\"830\" \/>\n\t<meta property=\"og:image:height\" content=\"468\" \/>\n\t<meta property=\"og:image:type\" content=\"image\/png\" \/>\n<meta name=\"author\" content=\"Na Boca do Povo RN\" \/>\n<meta name=\"twitter:card\" content=\"summary_large_image\" \/>\n<meta name=\"twitter:label1\" content=\"Escrito por\" \/>\n\t<meta name=\"twitter:data1\" content=\"Na Boca do Povo RN\" \/>\n\t<meta name=\"twitter:label2\" content=\"Est. tempo de leitura\" \/>\n\t<meta name=\"twitter:data2\" content=\"4 minutos\" \/>\n<script type=\"application\/ld+json\" class=\"yoast-schema-graph\">{\"@context\":\"https:\\\/\\\/schema.org\",\"@graph\":[{\"@type\":\"Article\",\"@id\":\"https:\\\/\\\/nabocadopovorn.com.br\\\/index.php\\\/2026\\\/05\\\/02\\\/governo-anuncia-obra-de-r-52-milhoes-para-drenagem-na-olavo-montenegro\\\/#article\",\"isPartOf\":{\"@id\":\"https:\\\/\\\/nabocadopovorn.com.br\\\/index.php\\\/2026\\\/05\\\/02\\\/governo-anuncia-obra-de-r-52-milhoes-para-drenagem-na-olavo-montenegro\\\/\"},\"author\":{\"name\":\"Na Boca do Povo RN\",\"@id\":\"https:\\\/\\\/nabocadopovorn.com.br\\\/#\\\/schema\\\/person\\\/4784d91e6eb0ee789392e2506451ee44\"},\"headline\":\"Governo anuncia obra de R$ 52 milh\u00f5es para drenagem na Olavo Montenegro\",\"datePublished\":\"2026-05-02T20:28:06+00:00\",\"dateModified\":\"2026-05-02T20:28:08+00:00\",\"mainEntityOfPage\":{\"@id\":\"https:\\\/\\\/nabocadopovorn.com.br\\\/index.php\\\/2026\\\/05\\\/02\\\/governo-anuncia-obra-de-r-52-milhoes-para-drenagem-na-olavo-montenegro\\\/\"},\"wordCount\":609,\"publisher\":{\"@id\":\"https:\\\/\\\/nabocadopovorn.com.br\\\/#organization\"},\"image\":{\"@id\":\"https:\\\/\\\/nabocadopovorn.com.br\\\/index.php\\\/2026\\\/05\\\/02\\\/governo-anuncia-obra-de-r-52-milhoes-para-drenagem-na-olavo-montenegro\\\/#primaryimage\"},\"thumbnailUrl\":\"https:\\\/\\\/nabocadopovorn.com.br\\\/wp-content\\\/uploads\\\/2026\\\/05\\\/image-14-edited-830x468-1.png\",\"articleSection\":[\"RN\"],\"inLanguage\":\"pt-BR\"},{\"@type\":\"WebPage\",\"@id\":\"https:\\\/\\\/nabocadopovorn.com.br\\\/index.php\\\/2026\\\/05\\\/02\\\/governo-anuncia-obra-de-r-52-milhoes-para-drenagem-na-olavo-montenegro\\\/\",\"url\":\"https:\\\/\\\/nabocadopovorn.com.br\\\/index.php\\\/2026\\\/05\\\/02\\\/governo-anuncia-obra-de-r-52-milhoes-para-drenagem-na-olavo-montenegro\\\/\",\"name\":\"Governo anuncia obra de R$ 52 milh\u00f5es para drenagem na Olavo Montenegro - Na Boca do Povo RN\",\"isPartOf\":{\"@id\":\"https:\\\/\\\/nabocadopovorn.com.br\\\/#website\"},\"primaryImageOfPage\":{\"@id\":\"https:\\\/\\\/nabocadopovorn.com.br\\\/index.php\\\/2026\\\/05\\\/02\\\/governo-anuncia-obra-de-r-52-milhoes-para-drenagem-na-olavo-montenegro\\\/#primaryimage\"},\"image\":{\"@id\":\"https:\\\/\\\/nabocadopovorn.com.br\\\/index.php\\\/2026\\\/05\\\/02\\\/governo-anuncia-obra-de-r-52-milhoes-para-drenagem-na-olavo-montenegro\\\/#primaryimage\"},\"thumbnailUrl\":\"https:\\\/\\\/nabocadopovorn.com.br\\\/wp-content\\\/uploads\\\/2026\\\/05\\\/image-14-edited-830x468-1.png\",\"datePublished\":\"2026-05-02T20:28:06+00:00\",\"dateModified\":\"2026-05-02T20:28:08+00:00\",\"breadcrumb\":{\"@id\":\"https:\\\/\\\/nabocadopovorn.com.br\\\/index.php\\\/2026\\\/05\\\/02\\\/governo-anuncia-obra-de-r-52-milhoes-para-drenagem-na-olavo-montenegro\\\/#breadcrumb\"},\"inLanguage\":\"pt-BR\",\"potentialAction\":[{\"@type\":\"ReadAction\",\"target\":[\"https:\\\/\\\/nabocadopovorn.com.br\\\/index.php\\\/2026\\\/05\\\/02\\\/governo-anuncia-obra-de-r-52-milhoes-para-drenagem-na-olavo-montenegro\\\/\"]}]},{\"@type\":\"ImageObject\",\"inLanguage\":\"pt-BR\",\"@id\":\"https:\\\/\\\/nabocadopovorn.com.br\\\/index.php\\\/2026\\\/05\\\/02\\\/governo-anuncia-obra-de-r-52-milhoes-para-drenagem-na-olavo-montenegro\\\/#primaryimage\",\"url\":\"https:\\\/\\\/nabocadopovorn.com.br\\\/wp-content\\\/uploads\\\/2026\\\/05\\\/image-14-edited-830x468-1.png\",\"contentUrl\":\"https:\\\/\\\/nabocadopovorn.com.br\\\/wp-content\\\/uploads\\\/2026\\\/05\\\/image-14-edited-830x468-1.png\",\"width\":830,\"height\":468},{\"@type\":\"BreadcrumbList\",\"@id\":\"https:\\\/\\\/nabocadopovorn.com.br\\\/index.php\\\/2026\\\/05\\\/02\\\/governo-anuncia-obra-de-r-52-milhoes-para-drenagem-na-olavo-montenegro\\\/#breadcrumb\",\"itemListElement\":[{\"@type\":\"ListItem\",\"position\":1,\"name\":\"Home\",\"item\":\"https:\\\/\\\/nabocadopovorn.com.br\\\/\"},{\"@type\":\"ListItem\",\"position\":2,\"name\":\"Governo anuncia obra de R$ 52 milh\u00f5es para drenagem na Olavo Montenegro\"}]},{\"@type\":\"WebSite\",\"@id\":\"https:\\\/\\\/nabocadopovorn.com.br\\\/#website\",\"url\":\"https:\\\/\\\/nabocadopovorn.com.br\\\/\",\"name\":\"Na Boca do Povo RN\",\"description\":\"Informa\u00e7\u00e3o Total\",\"publisher\":{\"@id\":\"https:\\\/\\\/nabocadopovorn.com.br\\\/#organization\"},\"potentialAction\":[{\"@type\":\"SearchAction\",\"target\":{\"@type\":\"EntryPoint\",\"urlTemplate\":\"https:\\\/\\\/nabocadopovorn.com.br\\\/?s={search_term_string}\"},\"query-input\":{\"@type\":\"PropertyValueSpecification\",\"valueRequired\":true,\"valueName\":\"search_term_string\"}}],\"inLanguage\":\"pt-BR\"},{\"@type\":\"Organization\",\"@id\":\"https:\\\/\\\/nabocadopovorn.com.br\\\/#organization\",\"name\":\"Na Boca do Povo RN\",\"url\":\"https:\\\/\\\/nabocadopovorn.com.br\\\/\",\"logo\":{\"@type\":\"ImageObject\",\"inLanguage\":\"pt-BR\",\"@id\":\"https:\\\/\\\/nabocadopovorn.com.br\\\/#\\\/schema\\\/logo\\\/image\\\/\",\"url\":\"https:\\\/\\\/nabocadopovorn.com.br\\\/wp-content\\\/uploads\\\/2026\\\/01\\\/cropped-logo.png\",\"contentUrl\":\"https:\\\/\\\/nabocadopovorn.com.br\\\/wp-content\\\/uploads\\\/2026\\\/01\\\/cropped-logo.png\",\"width\":900,\"height\":100,\"caption\":\"Na Boca do Povo RN\"},\"image\":{\"@id\":\"https:\\\/\\\/nabocadopovorn.com.br\\\/#\\\/schema\\\/logo\\\/image\\\/\"}},{\"@type\":\"Person\",\"@id\":\"https:\\\/\\\/nabocadopovorn.com.br\\\/#\\\/schema\\\/person\\\/4784d91e6eb0ee789392e2506451ee44\",\"name\":\"Na Boca do Povo RN\",\"image\":{\"@type\":\"ImageObject\",\"inLanguage\":\"pt-BR\",\"@id\":\"https:\\\/\\\/secure.gravatar.com\\\/avatar\\\/568abe1cbc790e8c79eadb7595ddaf9dccc533c248b489d4b018b6c00965b6ea?s=96&d=mm&r=g\",\"url\":\"https:\\\/\\\/secure.gravatar.com\\\/avatar\\\/568abe1cbc790e8c79eadb7595ddaf9dccc533c248b489d4b018b6c00965b6ea?s=96&d=mm&r=g\",\"contentUrl\":\"https:\\\/\\\/secure.gravatar.com\\\/avatar\\\/568abe1cbc790e8c79eadb7595ddaf9dccc533c248b489d4b018b6c00965b6ea?s=96&d=mm&r=g\",\"caption\":\"Na Boca do Povo RN\"},\"sameAs\":[\"http:\\\/\\\/nabocadopovorn.com.br\"],\"url\":\"https:\\\/\\\/nabocadopovorn.com.br\\\/index.php\\\/author\\\/nabocadopovorn23gmail-com\\\/\"}]}<\/script>\n<!-- \/ Yoast SEO plugin. -->","yoast_head_json":{"title":"Governo anuncia obra de R$ 52 milh\u00f5es para drenagem na Olavo Montenegro - Na Boca do Povo RN","robots":{"index":"index","follow":"follow","max-snippet":"max-snippet:-1","max-image-preview":"max-image-preview:large","max-video-preview":"max-video-preview:-1"},"canonical":"https:\/\/nabocadopovorn.com.br\/index.php\/2026\/05\/02\/governo-anuncia-obra-de-r-52-milhoes-para-drenagem-na-olavo-montenegro\/","og_locale":"pt_BR","og_type":"article","og_title":"Governo anuncia obra de R$ 52 milh\u00f5es para drenagem na Olavo Montenegro - Na Boca do Povo RN","og_description":"A governadora F\u00e1tima Bezerra apresentou neste s\u00e1bado 2 o projeto de drenagem da Avenida Olavo Montenegro, via que liga Natal a Parnamirim. A proposta foi detalhada durante entrevista \u00e0 R\u00e1dio Liberdade FM, ao lado da prefeita Nilda Cruz. A obra est\u00e1 or\u00e7ada em R$ 52,6 milh\u00f5es e ser\u00e1 inclu\u00edda no Novo Programa de Acelera\u00e7\u00e3o do [&hellip;]","og_url":"https:\/\/nabocadopovorn.com.br\/index.php\/2026\/05\/02\/governo-anuncia-obra-de-r-52-milhoes-para-drenagem-na-olavo-montenegro\/","og_site_name":"Na Boca do Povo RN","article_published_time":"2026-05-02T20:28:06+00:00","article_modified_time":"2026-05-02T20:28:08+00:00","og_image":[{"width":830,"height":468,"url":"https:\/\/nabocadopovorn.com.br\/wp-content\/uploads\/2026\/05\/image-14-edited-830x468-1.png","type":"image\/png"}],"author":"Na Boca do Povo RN","twitter_card":"summary_large_image","twitter_misc":{"Escrito por":"Na Boca do Povo RN","Est. tempo de leitura":"4 minutos"},"schema":{"@context":"https:\/\/schema.org","@graph":[{"@type":"Article","@id":"https:\/\/nabocadopovorn.com.br\/index.php\/2026\/05\/02\/governo-anuncia-obra-de-r-52-milhoes-para-drenagem-na-olavo-montenegro\/#article","isPartOf":{"@id":"https:\/\/nabocadopovorn.com.br\/index.php\/2026\/05\/02\/governo-anuncia-obra-de-r-52-milhoes-para-drenagem-na-olavo-montenegro\/"},"author":{"name":"Na Boca do Povo RN","@id":"https:\/\/nabocadopovorn.com.br\/#\/schema\/person\/4784d91e6eb0ee789392e2506451ee44"},"headline":"Governo anuncia obra de R$ 52 milh\u00f5es para drenagem na Olavo Montenegro","datePublished":"2026-05-02T20:28:06+00:00","dateModified":"2026-05-02T20:28:08+00:00","mainEntityOfPage":{"@id":"https:\/\/nabocadopovorn.com.br\/index.php\/2026\/05\/02\/governo-anuncia-obra-de-r-52-milhoes-para-drenagem-na-olavo-montenegro\/"},"wordCount":609,"publisher":{"@id":"https:\/\/nabocadopovorn.com.br\/#organization"},"image":{"@id":"https:\/\/nabocadopovorn.com.br\/index.php\/2026\/05\/02\/governo-anuncia-obra-de-r-52-milhoes-para-drenagem-na-olavo-montenegro\/#primaryimage"},"thumbnailUrl":"https:\/\/nabocadopovorn.com.br\/wp-content\/uploads\/2026\/05\/image-14-edited-830x468-1.png","articleSection":["RN"],"inLanguage":"pt-BR"},{"@type":"WebPage","@id":"https:\/\/nabocadopovorn.com.br\/index.php\/2026\/05\/02\/governo-anuncia-obra-de-r-52-milhoes-para-drenagem-na-olavo-montenegro\/","url":"https:\/\/nabocadopovorn.com.br\/index.php\/2026\/05\/02\/governo-anuncia-obra-de-r-52-milhoes-para-drenagem-na-olavo-montenegro\/","name":"Governo anuncia obra de R$ 52 milh\u00f5es para drenagem na Olavo Montenegro - Na Boca do Povo RN","isPartOf":{"@id":"https:\/\/nabocadopovorn.com.br\/#website"},"primaryImageOfPage":{"@id":"https:\/\/nabocadopovorn.com.br\/index.php\/2026\/05\/02\/governo-anuncia-obra-de-r-52-milhoes-para-drenagem-na-olavo-montenegro\/#primaryimage"},"image":{"@id":"https:\/\/nabocadopovorn.com.br\/index.php\/2026\/05\/02\/governo-anuncia-obra-de-r-52-milhoes-para-drenagem-na-olavo-montenegro\/#primaryimage"},"thumbnailUrl":"https:\/\/nabocadopovorn.com.br\/wp-content\/uploads\/2026\/05\/image-14-edited-830x468-1.png","datePublished":"2026-05-02T20:28:06+00:00","dateModified":"2026-05-02T20:28:08+00:00","breadcrumb":{"@id":"https:\/\/nabocadopovorn.com.br\/index.php\/2026\/05\/02\/governo-anuncia-obra-de-r-52-milhoes-para-drenagem-na-olavo-montenegro\/#breadcrumb"},"inLanguage":"pt-BR","potentialAction":[{"@type":"ReadAction","target":["https:\/\/nabocadopovorn.com.br\/index.php\/2026\/05\/02\/governo-anuncia-obra-de-r-52-milhoes-para-drenagem-na-olavo-montenegro\/"]}]},{"@type":"ImageObject","inLanguage":"pt-BR","@id":"https:\/\/nabocadopovorn.com.br\/index.php\/2026\/05\/02\/governo-anuncia-obra-de-r-52-milhoes-para-drenagem-na-olavo-montenegro\/#primaryimage","url":"https:\/\/nabocadopovorn.com.br\/wp-content\/uploads\/2026\/05\/image-14-edited-830x468-1.png","contentUrl":"https:\/\/nabocadopovorn.com.br\/wp-content\/uploads\/2026\/05\/image-14-edited-830x468-1.png","width":830,"height":468},{"@type":"BreadcrumbList","@id":"https:\/\/nabocadopovorn.com.br\/index.php\/2026\/05\/02\/governo-anuncia-obra-de-r-52-milhoes-para-drenagem-na-olavo-montenegro\/#breadcrumb","itemListElement":[{"@type":"ListItem","position":1,"name":"Home","item":"https:\/\/nabocadopovorn.com.br\/"},{"@type":"ListItem","position":2,"name":"Governo anuncia obra de R$ 52 milh\u00f5es para drenagem na Olavo Montenegro"}]},{"@type":"WebSite","@id":"https:\/\/nabocadopovorn.com.br\/#website","url":"https:\/\/nabocadopovorn.com.br\/","name":"Na Boca do Povo RN","description":"Informa\u00e7\u00e3o Total","publisher":{"@id":"https:\/\/nabocadopovorn.com.br\/#organization"},"potentialAction":[{"@type":"SearchAction","target":{"@type":"EntryPoint","urlTemplate":"https:\/\/nabocadopovorn.com.br\/?s={search_term_string}"},"query-input":{"@type":"PropertyValueSpecification","valueRequired":true,"valueName":"search_term_string"}}],"inLanguage":"pt-BR"},{"@type":"Organization","@id":"https:\/\/nabocadopovorn.com.br\/#organization","name":"Na Boca do Povo RN","url":"https:\/\/nabocadopovorn.com.br\/","logo":{"@type":"ImageObject","inLanguage":"pt-BR","@id":"https:\/\/nabocadopovorn.com.br\/#\/schema\/logo\/image\/","url":"https:\/\/nabocadopovorn.com.br\/wp-content\/uploads\/2026\/01\/cropped-logo.png","contentUrl":"https:\/\/nabocadopovorn.com.br\/wp-content\/uploads\/2026\/01\/cropped-logo.png","width":900,"height":100,"caption":"Na Boca do Povo RN"},"image":{"@id":"https:\/\/nabocadopovorn.com.br\/#\/schema\/logo\/image\/"}},{"@type":"Person","@id":"https:\/\/nabocadopovorn.com.br\/#\/schema\/person\/4784d91e6eb0ee789392e2506451ee44","name":"Na Boca do Povo RN","image":{"@type":"ImageObject","inLanguage":"pt-BR","@id":"https:\/\/secure.gravatar.com\/avatar\/568abe1cbc790e8c79eadb7595ddaf9dccc533c248b489d4b018b6c00965b6ea?s=96&d=mm&r=g","url":"https:\/\/secure.gravatar.com\/avatar\/568abe1cbc790e8c79eadb7595ddaf9dccc533c248b489d4b018b6c00965b6ea?s=96&d=mm&r=g","contentUrl":"https:\/\/secure.gravatar.com\/avatar\/568abe1cbc790e8c79eadb7595ddaf9dccc533c248b489d4b018b6c00965b6ea?s=96&d=mm&r=g","caption":"Na Boca do Povo RN"},"sameAs":["http:\/\/nabocadopovorn.com.br"],"url":"https:\/\/nabocadopovorn.com.br\/index.php\/author\/nabocadopovorn23gmail-com\/"}]}},"_links":{"self":[{"href":"https:\/\/nabocadopovorn.com.br\/index.php\/wp-json\/wp\/v2\/posts\/7547","targetHints":{"allow":["GET"]}}],"collection":[{"href":"https:\/\/nabocadopovorn.com.br\/index.php\/wp-json\/wp\/v2\/posts"}],"about":[{"href":"https:\/\/nabocadopovorn.com.br\/index.php\/wp-json\/wp\/v2\/types\/post"}],"author":[{"embeddable":true,"href":"https:\/\/nabocadopovorn.com.br\/index.php\/wp-json\/wp\/v2\/users\/1"}],"replies":[{"embeddable":true,"href":"https:\/\/nabocadopovorn.com.br\/index.php\/wp-json\/wp\/v2\/comments?post=7547"}],"version-history":[{"count":1,"href":"https:\/\/nabocadopovorn.com.br\/index.php\/wp-json\/wp\/v2\/posts\/7547\/revisions"}],"predecessor-version":[{"id":7549,"href":"https:\/\/nabocadopovorn.com.br\/index.php\/wp-json\/wp\/v2\/posts\/7547\/revisions\/7549"}],"wp:featuredmedia":[{"embeddable":true,"href":"https:\/\/nabocadopovorn.com.br\/index.php\/wp-json\/wp\/v2\/media\/7548"}],"wp:attachment":[{"href":"https:\/\/nabocadopovorn.com.br\/index.php\/wp-json\/wp\/v2\/media?parent=7547"}],"wp:term":[{"taxonomy":"category","embeddable":true,"href":"https:\/\/nabocadopovorn.com.br\/index.php\/wp-json\/wp\/v2\/categories?post=7547"},{"taxonomy":"post_tag","embeddable":true,"href":"https:\/\/nabocadopovorn.com.br\/index.php\/wp-json\/wp\/v2\/tags?post=7547"}],"curies":[{"name":"wp","href":"https:\/\/api.w.org\/{rel}","templated":true}]}}