{"id":7528,"date":"2026-05-01T18:54:15","date_gmt":"2026-05-01T21:54:15","guid":{"rendered":"https:\/\/nabocadopovorn.com.br\/?p=7528"},"modified":"2026-05-01T18:54:18","modified_gmt":"2026-05-01T21:54:18","slug":"raul-castro-participa-de-1o-de-maio-em-cuba-em-meio-a-tensao-com-os-eua","status":"publish","type":"post","link":"https:\/\/nabocadopovorn.com.br\/index.php\/2026\/05\/01\/raul-castro-participa-de-1o-de-maio-em-cuba-em-meio-a-tensao-com-os-eua\/","title":{"rendered":"Ra\u00fal Castro participa de 1\u00ba de Maio em Cuba em meio \u00e0 tens\u00e3o com os EUA"},"content":{"rendered":"\n<p>O ex-l\u00edder Ra\u00fal Castro, 94, juntou-se a milhares de cubanos em uma marcha do dia internacional do Trabalhador nesta sexta-feira (1\u00ba), que passou pela orla de Havana e pela embaixada dos EUA, em um momento em que as tens\u00f5es entre os pa\u00edses atingem n\u00edveis quase sem precedentes.<\/p>\n\n\n\n<p>Washington tem sugerido repetidamente que poderia tomar medidas militares contra a ilha caribenha governada por comunistas e, desde janeiro, imp\u00f4s um bloqueio de petr\u00f3leo, for\u00e7ando as autoridades a racionar servi\u00e7os essenciais e levando a ONU a alertar para uma crise humanit\u00e1ria.<\/p>\n\n\n\n<p>Mesmo com as festividades do dia do Trabalho em andamento, funcion\u00e1rios da Casa Branca disseram \u00e0 Reuters que o presidente Donald Trump estava ampliando as san\u00e7\u00f5es contra o governo cubano para atingir pessoas, entidades e afiliados que apoiam seu aparato de seguran\u00e7a.<\/p>\n\n\n\n<p>Castro, irm\u00e3o de Fidel Castro, que entregou a presid\u00eancia em 2018 , recebeu um livro com mais de 6 milh\u00f5es de assinaturas cubanas \u2014 quase dois ter\u00e7os da popula\u00e7\u00e3o \u2014 demonstrando a vontade popular de defender o pa\u00eds de um poss\u00edvel ataque militar direto dos EUA.<\/p>\n\n\n\n<p>&#8220;Hoje, Cuba demonstrou mais uma vez que este povo n\u00e3o desiste e que defenderemos nossa p\u00e1tria com unhas e dentes, mesmo desejando a paz&#8221;, disse Milagros Morales, de 34 anos, moradora de Havana que participou da marcha.<\/p>\n\n\n\n<p>A marcha deste ano foi um pouco reduzida, j\u00e1 que o governo n\u00e3o conseguiu fornecer o transporte e as rotas especiais que normalmente organiza devido ao bloqueio de petr\u00f3leo dos EUA, mas as autoridades ainda contabilizaram mais de meio milh\u00e3o de pessoas em Havana.<\/p>\n\n\n\n<p>Embora delega\u00e7\u00f5es dos EUA e de Cuba tenham participado de negocia\u00e7\u00f5es na ilha caribenha neste m\u00eas, enquanto os EUA pressionam Cuba a reformar sua economia, nenhum acordo foi anunciado at\u00e9 o momento.<\/p>\n\n\n\n<p>Segundo diversas reportagens, o filho de Castro, Alejandro Castro, e seu neto, Ra\u00fal Rodr\u00edguez, estiveram em negocia\u00e7\u00f5es com autoridades americanas, o que sugere o papel proeminente que a fam\u00edlia ainda desempenha na pol\u00edtica, apesar da aposentadoria de Castro.<\/p>\n\n\n\n<p>Castro aparentava cansa\u00e7o durante a marcha, na qual caminhou em uniforme militar acompanhado pelo presidente Miguel D\u00edaz-Canel e outras autoridades, agitando bandeiras sob o sol escaldante do Caribe, e teve que se sentar repentinamente durante a cerim\u00f4nia.<\/p>\n\n\n\n<p><strong>Fonte: CNN Brasil<\/strong><\/p>\n","protected":false},"excerpt":{"rendered":"<p>O ex-l\u00edder Ra\u00fal Castro, 94, juntou-se a milhares de cubanos em uma marcha do dia internacional do Trabalhador nesta sexta-feira (1\u00ba), que passou pela orla de Havana e pela embaixada dos EUA, em um momento em que as tens\u00f5es entre os pa\u00edses atingem n\u00edveis quase sem precedentes. Washington tem sugerido repetidamente que poderia tomar medidas [&hellip;]<\/p>\n","protected":false},"author":1,"featured_media":7529,"comment_status":"closed","ping_status":"open","sticky":false,"template":"","format":"standard","meta":{"footnotes":""},"categories":[16],"tags":[],"class_list":["post-7528","post","type-post","status-publish","format-standard","has-post-thumbnail","hentry","category-mundo"],"yoast_head":"<!-- This site is optimized with the Yoast SEO plugin v27.5 - https:\/\/yoast.com\/product\/yoast-seo-wordpress\/ -->\n<title>Ra\u00fal Castro participa de 1\u00ba de Maio em Cuba em meio \u00e0 tens\u00e3o com os EUA - Na Boca do Povo RN<\/title>\n<meta name=\"robots\" content=\"index, follow, max-snippet:-1, max-image-preview:large, max-video-preview:-1\" \/>\n<link rel=\"canonical\" href=\"https:\/\/nabocadopovorn.com.br\/index.php\/2026\/05\/01\/raul-castro-participa-de-1o-de-maio-em-cuba-em-meio-a-tensao-com-os-eua\/\" \/>\n<meta property=\"og:locale\" content=\"pt_BR\" \/>\n<meta property=\"og:type\" content=\"article\" \/>\n<meta property=\"og:title\" content=\"Ra\u00fal Castro participa de 1\u00ba de Maio em Cuba em meio \u00e0 tens\u00e3o com os EUA - Na Boca do Povo RN\" \/>\n<meta property=\"og:description\" content=\"O ex-l\u00edder Ra\u00fal Castro, 94, juntou-se a milhares de cubanos em uma marcha do dia internacional do Trabalhador nesta sexta-feira (1\u00ba), que passou pela orla de Havana e pela embaixada dos EUA, em um momento em que as tens\u00f5es entre os pa\u00edses atingem n\u00edveis quase sem precedentes. Washington tem sugerido repetidamente que poderia tomar medidas [&hellip;]\" \/>\n<meta property=\"og:url\" content=\"https:\/\/nabocadopovorn.com.br\/index.php\/2026\/05\/01\/raul-castro-participa-de-1o-de-maio-em-cuba-em-meio-a-tensao-com-os-eua\/\" \/>\n<meta property=\"og:site_name\" content=\"Na Boca do Povo RN\" \/>\n<meta property=\"article:published_time\" content=\"2026-05-01T21:54:15+00:00\" \/>\n<meta property=\"article:modified_time\" content=\"2026-05-01T21:54:18+00:00\" \/>\n<meta property=\"og:image\" content=\"https:\/\/nabocadopovorn.com.br\/wp-content\/uploads\/2026\/05\/raul.jpg\" \/>\n\t<meta property=\"og:image:width\" content=\"1920\" \/>\n\t<meta property=\"og:image:height\" content=\"1080\" \/>\n\t<meta property=\"og:image:type\" content=\"image\/jpeg\" \/>\n<meta name=\"author\" content=\"Na Boca do Povo RN\" \/>\n<meta name=\"twitter:card\" content=\"summary_large_image\" \/>\n<meta name=\"twitter:label1\" content=\"Escrito por\" \/>\n\t<meta name=\"twitter:data1\" content=\"Na Boca do Povo RN\" \/>\n\t<meta name=\"twitter:label2\" content=\"Est. tempo de leitura\" \/>\n\t<meta name=\"twitter:data2\" content=\"3 minutos\" \/>\n<script type=\"application\/ld+json\" class=\"yoast-schema-graph\">{\"@context\":\"https:\\\/\\\/schema.org\",\"@graph\":[{\"@type\":\"Article\",\"@id\":\"https:\\\/\\\/nabocadopovorn.com.br\\\/index.php\\\/2026\\\/05\\\/01\\\/raul-castro-participa-de-1o-de-maio-em-cuba-em-meio-a-tensao-com-os-eua\\\/#article\",\"isPartOf\":{\"@id\":\"https:\\\/\\\/nabocadopovorn.com.br\\\/index.php\\\/2026\\\/05\\\/01\\\/raul-castro-participa-de-1o-de-maio-em-cuba-em-meio-a-tensao-com-os-eua\\\/\"},\"author\":{\"name\":\"Na Boca do Povo RN\",\"@id\":\"https:\\\/\\\/nabocadopovorn.com.br\\\/#\\\/schema\\\/person\\\/4784d91e6eb0ee789392e2506451ee44\"},\"headline\":\"Ra\u00fal Castro participa de 1\u00ba de Maio em Cuba em meio \u00e0 tens\u00e3o com os EUA\",\"datePublished\":\"2026-05-01T21:54:15+00:00\",\"dateModified\":\"2026-05-01T21:54:18+00:00\",\"mainEntityOfPage\":{\"@id\":\"https:\\\/\\\/nabocadopovorn.com.br\\\/index.php\\\/2026\\\/05\\\/01\\\/raul-castro-participa-de-1o-de-maio-em-cuba-em-meio-a-tensao-com-os-eua\\\/\"},\"wordCount\":410,\"publisher\":{\"@id\":\"https:\\\/\\\/nabocadopovorn.com.br\\\/#organization\"},\"image\":{\"@id\":\"https:\\\/\\\/nabocadopovorn.com.br\\\/index.php\\\/2026\\\/05\\\/01\\\/raul-castro-participa-de-1o-de-maio-em-cuba-em-meio-a-tensao-com-os-eua\\\/#primaryimage\"},\"thumbnailUrl\":\"https:\\\/\\\/nabocadopovorn.com.br\\\/wp-content\\\/uploads\\\/2026\\\/05\\\/raul.jpg\",\"articleSection\":[\"Mundo\"],\"inLanguage\":\"pt-BR\"},{\"@type\":\"WebPage\",\"@id\":\"https:\\\/\\\/nabocadopovorn.com.br\\\/index.php\\\/2026\\\/05\\\/01\\\/raul-castro-participa-de-1o-de-maio-em-cuba-em-meio-a-tensao-com-os-eua\\\/\",\"url\":\"https:\\\/\\\/nabocadopovorn.com.br\\\/index.php\\\/2026\\\/05\\\/01\\\/raul-castro-participa-de-1o-de-maio-em-cuba-em-meio-a-tensao-com-os-eua\\\/\",\"name\":\"Ra\u00fal Castro participa de 1\u00ba de Maio em Cuba em meio \u00e0 tens\u00e3o com os EUA - Na Boca do Povo RN\",\"isPartOf\":{\"@id\":\"https:\\\/\\\/nabocadopovorn.com.br\\\/#website\"},\"primaryImageOfPage\":{\"@id\":\"https:\\\/\\\/nabocadopovorn.com.br\\\/index.php\\\/2026\\\/05\\\/01\\\/raul-castro-participa-de-1o-de-maio-em-cuba-em-meio-a-tensao-com-os-eua\\\/#primaryimage\"},\"image\":{\"@id\":\"https:\\\/\\\/nabocadopovorn.com.br\\\/index.php\\\/2026\\\/05\\\/01\\\/raul-castro-participa-de-1o-de-maio-em-cuba-em-meio-a-tensao-com-os-eua\\\/#primaryimage\"},\"thumbnailUrl\":\"https:\\\/\\\/nabocadopovorn.com.br\\\/wp-content\\\/uploads\\\/2026\\\/05\\\/raul.jpg\",\"datePublished\":\"2026-05-01T21:54:15+00:00\",\"dateModified\":\"2026-05-01T21:54:18+00:00\",\"breadcrumb\":{\"@id\":\"https:\\\/\\\/nabocadopovorn.com.br\\\/index.php\\\/2026\\\/05\\\/01\\\/raul-castro-participa-de-1o-de-maio-em-cuba-em-meio-a-tensao-com-os-eua\\\/#breadcrumb\"},\"inLanguage\":\"pt-BR\",\"potentialAction\":[{\"@type\":\"ReadAction\",\"target\":[\"https:\\\/\\\/nabocadopovorn.com.br\\\/index.php\\\/2026\\\/05\\\/01\\\/raul-castro-participa-de-1o-de-maio-em-cuba-em-meio-a-tensao-com-os-eua\\\/\"]}]},{\"@type\":\"ImageObject\",\"inLanguage\":\"pt-BR\",\"@id\":\"https:\\\/\\\/nabocadopovorn.com.br\\\/index.php\\\/2026\\\/05\\\/01\\\/raul-castro-participa-de-1o-de-maio-em-cuba-em-meio-a-tensao-com-os-eua\\\/#primaryimage\",\"url\":\"https:\\\/\\\/nabocadopovorn.com.br\\\/wp-content\\\/uploads\\\/2026\\\/05\\\/raul.jpg\",\"contentUrl\":\"https:\\\/\\\/nabocadopovorn.com.br\\\/wp-content\\\/uploads\\\/2026\\\/05\\\/raul.jpg\",\"width\":1920,\"height\":1080},{\"@type\":\"BreadcrumbList\",\"@id\":\"https:\\\/\\\/nabocadopovorn.com.br\\\/index.php\\\/2026\\\/05\\\/01\\\/raul-castro-participa-de-1o-de-maio-em-cuba-em-meio-a-tensao-com-os-eua\\\/#breadcrumb\",\"itemListElement\":[{\"@type\":\"ListItem\",\"position\":1,\"name\":\"Home\",\"item\":\"https:\\\/\\\/nabocadopovorn.com.br\\\/\"},{\"@type\":\"ListItem\",\"position\":2,\"name\":\"Ra\u00fal Castro participa de 1\u00ba de Maio em Cuba em meio \u00e0 tens\u00e3o com os EUA\"}]},{\"@type\":\"WebSite\",\"@id\":\"https:\\\/\\\/nabocadopovorn.com.br\\\/#website\",\"url\":\"https:\\\/\\\/nabocadopovorn.com.br\\\/\",\"name\":\"Na Boca do Povo RN\",\"description\":\"Informa\u00e7\u00e3o Total\",\"publisher\":{\"@id\":\"https:\\\/\\\/nabocadopovorn.com.br\\\/#organization\"},\"potentialAction\":[{\"@type\":\"SearchAction\",\"target\":{\"@type\":\"EntryPoint\",\"urlTemplate\":\"https:\\\/\\\/nabocadopovorn.com.br\\\/?s={search_term_string}\"},\"query-input\":{\"@type\":\"PropertyValueSpecification\",\"valueRequired\":true,\"valueName\":\"search_term_string\"}}],\"inLanguage\":\"pt-BR\"},{\"@type\":\"Organization\",\"@id\":\"https:\\\/\\\/nabocadopovorn.com.br\\\/#organization\",\"name\":\"Na Boca do Povo RN\",\"url\":\"https:\\\/\\\/nabocadopovorn.com.br\\\/\",\"logo\":{\"@type\":\"ImageObject\",\"inLanguage\":\"pt-BR\",\"@id\":\"https:\\\/\\\/nabocadopovorn.com.br\\\/#\\\/schema\\\/logo\\\/image\\\/\",\"url\":\"https:\\\/\\\/nabocadopovorn.com.br\\\/wp-content\\\/uploads\\\/2026\\\/01\\\/cropped-logo.png\",\"contentUrl\":\"https:\\\/\\\/nabocadopovorn.com.br\\\/wp-content\\\/uploads\\\/2026\\\/01\\\/cropped-logo.png\",\"width\":900,\"height\":100,\"caption\":\"Na Boca do Povo RN\"},\"image\":{\"@id\":\"https:\\\/\\\/nabocadopovorn.com.br\\\/#\\\/schema\\\/logo\\\/image\\\/\"}},{\"@type\":\"Person\",\"@id\":\"https:\\\/\\\/nabocadopovorn.com.br\\\/#\\\/schema\\\/person\\\/4784d91e6eb0ee789392e2506451ee44\",\"name\":\"Na Boca do Povo RN\",\"image\":{\"@type\":\"ImageObject\",\"inLanguage\":\"pt-BR\",\"@id\":\"https:\\\/\\\/secure.gravatar.com\\\/avatar\\\/568abe1cbc790e8c79eadb7595ddaf9dccc533c248b489d4b018b6c00965b6ea?s=96&d=mm&r=g\",\"url\":\"https:\\\/\\\/secure.gravatar.com\\\/avatar\\\/568abe1cbc790e8c79eadb7595ddaf9dccc533c248b489d4b018b6c00965b6ea?s=96&d=mm&r=g\",\"contentUrl\":\"https:\\\/\\\/secure.gravatar.com\\\/avatar\\\/568abe1cbc790e8c79eadb7595ddaf9dccc533c248b489d4b018b6c00965b6ea?s=96&d=mm&r=g\",\"caption\":\"Na Boca do Povo RN\"},\"sameAs\":[\"http:\\\/\\\/nabocadopovorn.com.br\"],\"url\":\"https:\\\/\\\/nabocadopovorn.com.br\\\/index.php\\\/author\\\/nabocadopovorn23gmail-com\\\/\"}]}<\/script>\n<!-- \/ Yoast SEO plugin. -->","yoast_head_json":{"title":"Ra\u00fal Castro participa de 1\u00ba de Maio em Cuba em meio \u00e0 tens\u00e3o com os EUA - Na Boca do Povo RN","robots":{"index":"index","follow":"follow","max-snippet":"max-snippet:-1","max-image-preview":"max-image-preview:large","max-video-preview":"max-video-preview:-1"},"canonical":"https:\/\/nabocadopovorn.com.br\/index.php\/2026\/05\/01\/raul-castro-participa-de-1o-de-maio-em-cuba-em-meio-a-tensao-com-os-eua\/","og_locale":"pt_BR","og_type":"article","og_title":"Ra\u00fal Castro participa de 1\u00ba de Maio em Cuba em meio \u00e0 tens\u00e3o com os EUA - Na Boca do Povo RN","og_description":"O ex-l\u00edder Ra\u00fal Castro, 94, juntou-se a milhares de cubanos em uma marcha do dia internacional do Trabalhador nesta sexta-feira (1\u00ba), que passou pela orla de Havana e pela embaixada dos EUA, em um momento em que as tens\u00f5es entre os pa\u00edses atingem n\u00edveis quase sem precedentes. Washington tem sugerido repetidamente que poderia tomar medidas [&hellip;]","og_url":"https:\/\/nabocadopovorn.com.br\/index.php\/2026\/05\/01\/raul-castro-participa-de-1o-de-maio-em-cuba-em-meio-a-tensao-com-os-eua\/","og_site_name":"Na Boca do Povo RN","article_published_time":"2026-05-01T21:54:15+00:00","article_modified_time":"2026-05-01T21:54:18+00:00","og_image":[{"width":1920,"height":1080,"url":"https:\/\/nabocadopovorn.com.br\/wp-content\/uploads\/2026\/05\/raul.jpg","type":"image\/jpeg"}],"author":"Na Boca do Povo RN","twitter_card":"summary_large_image","twitter_misc":{"Escrito por":"Na Boca do Povo RN","Est. tempo de leitura":"3 minutos"},"schema":{"@context":"https:\/\/schema.org","@graph":[{"@type":"Article","@id":"https:\/\/nabocadopovorn.com.br\/index.php\/2026\/05\/01\/raul-castro-participa-de-1o-de-maio-em-cuba-em-meio-a-tensao-com-os-eua\/#article","isPartOf":{"@id":"https:\/\/nabocadopovorn.com.br\/index.php\/2026\/05\/01\/raul-castro-participa-de-1o-de-maio-em-cuba-em-meio-a-tensao-com-os-eua\/"},"author":{"name":"Na Boca do Povo RN","@id":"https:\/\/nabocadopovorn.com.br\/#\/schema\/person\/4784d91e6eb0ee789392e2506451ee44"},"headline":"Ra\u00fal Castro participa de 1\u00ba de Maio em Cuba em meio \u00e0 tens\u00e3o com os EUA","datePublished":"2026-05-01T21:54:15+00:00","dateModified":"2026-05-01T21:54:18+00:00","mainEntityOfPage":{"@id":"https:\/\/nabocadopovorn.com.br\/index.php\/2026\/05\/01\/raul-castro-participa-de-1o-de-maio-em-cuba-em-meio-a-tensao-com-os-eua\/"},"wordCount":410,"publisher":{"@id":"https:\/\/nabocadopovorn.com.br\/#organization"},"image":{"@id":"https:\/\/nabocadopovorn.com.br\/index.php\/2026\/05\/01\/raul-castro-participa-de-1o-de-maio-em-cuba-em-meio-a-tensao-com-os-eua\/#primaryimage"},"thumbnailUrl":"https:\/\/nabocadopovorn.com.br\/wp-content\/uploads\/2026\/05\/raul.jpg","articleSection":["Mundo"],"inLanguage":"pt-BR"},{"@type":"WebPage","@id":"https:\/\/nabocadopovorn.com.br\/index.php\/2026\/05\/01\/raul-castro-participa-de-1o-de-maio-em-cuba-em-meio-a-tensao-com-os-eua\/","url":"https:\/\/nabocadopovorn.com.br\/index.php\/2026\/05\/01\/raul-castro-participa-de-1o-de-maio-em-cuba-em-meio-a-tensao-com-os-eua\/","name":"Ra\u00fal Castro participa de 1\u00ba de Maio em Cuba em meio \u00e0 tens\u00e3o com os EUA - Na Boca do Povo RN","isPartOf":{"@id":"https:\/\/nabocadopovorn.com.br\/#website"},"primaryImageOfPage":{"@id":"https:\/\/nabocadopovorn.com.br\/index.php\/2026\/05\/01\/raul-castro-participa-de-1o-de-maio-em-cuba-em-meio-a-tensao-com-os-eua\/#primaryimage"},"image":{"@id":"https:\/\/nabocadopovorn.com.br\/index.php\/2026\/05\/01\/raul-castro-participa-de-1o-de-maio-em-cuba-em-meio-a-tensao-com-os-eua\/#primaryimage"},"thumbnailUrl":"https:\/\/nabocadopovorn.com.br\/wp-content\/uploads\/2026\/05\/raul.jpg","datePublished":"2026-05-01T21:54:15+00:00","dateModified":"2026-05-01T21:54:18+00:00","breadcrumb":{"@id":"https:\/\/nabocadopovorn.com.br\/index.php\/2026\/05\/01\/raul-castro-participa-de-1o-de-maio-em-cuba-em-meio-a-tensao-com-os-eua\/#breadcrumb"},"inLanguage":"pt-BR","potentialAction":[{"@type":"ReadAction","target":["https:\/\/nabocadopovorn.com.br\/index.php\/2026\/05\/01\/raul-castro-participa-de-1o-de-maio-em-cuba-em-meio-a-tensao-com-os-eua\/"]}]},{"@type":"ImageObject","inLanguage":"pt-BR","@id":"https:\/\/nabocadopovorn.com.br\/index.php\/2026\/05\/01\/raul-castro-participa-de-1o-de-maio-em-cuba-em-meio-a-tensao-com-os-eua\/#primaryimage","url":"https:\/\/nabocadopovorn.com.br\/wp-content\/uploads\/2026\/05\/raul.jpg","contentUrl":"https:\/\/nabocadopovorn.com.br\/wp-content\/uploads\/2026\/05\/raul.jpg","width":1920,"height":1080},{"@type":"BreadcrumbList","@id":"https:\/\/nabocadopovorn.com.br\/index.php\/2026\/05\/01\/raul-castro-participa-de-1o-de-maio-em-cuba-em-meio-a-tensao-com-os-eua\/#breadcrumb","itemListElement":[{"@type":"ListItem","position":1,"name":"Home","item":"https:\/\/nabocadopovorn.com.br\/"},{"@type":"ListItem","position":2,"name":"Ra\u00fal Castro participa de 1\u00ba de Maio em Cuba em meio \u00e0 tens\u00e3o com os EUA"}]},{"@type":"WebSite","@id":"https:\/\/nabocadopovorn.com.br\/#website","url":"https:\/\/nabocadopovorn.com.br\/","name":"Na Boca do Povo RN","description":"Informa\u00e7\u00e3o Total","publisher":{"@id":"https:\/\/nabocadopovorn.com.br\/#organization"},"potentialAction":[{"@type":"SearchAction","target":{"@type":"EntryPoint","urlTemplate":"https:\/\/nabocadopovorn.com.br\/?s={search_term_string}"},"query-input":{"@type":"PropertyValueSpecification","valueRequired":true,"valueName":"search_term_string"}}],"inLanguage":"pt-BR"},{"@type":"Organization","@id":"https:\/\/nabocadopovorn.com.br\/#organization","name":"Na Boca do Povo RN","url":"https:\/\/nabocadopovorn.com.br\/","logo":{"@type":"ImageObject","inLanguage":"pt-BR","@id":"https:\/\/nabocadopovorn.com.br\/#\/schema\/logo\/image\/","url":"https:\/\/nabocadopovorn.com.br\/wp-content\/uploads\/2026\/01\/cropped-logo.png","contentUrl":"https:\/\/nabocadopovorn.com.br\/wp-content\/uploads\/2026\/01\/cropped-logo.png","width":900,"height":100,"caption":"Na Boca do Povo RN"},"image":{"@id":"https:\/\/nabocadopovorn.com.br\/#\/schema\/logo\/image\/"}},{"@type":"Person","@id":"https:\/\/nabocadopovorn.com.br\/#\/schema\/person\/4784d91e6eb0ee789392e2506451ee44","name":"Na Boca do Povo RN","image":{"@type":"ImageObject","inLanguage":"pt-BR","@id":"https:\/\/secure.gravatar.com\/avatar\/568abe1cbc790e8c79eadb7595ddaf9dccc533c248b489d4b018b6c00965b6ea?s=96&d=mm&r=g","url":"https:\/\/secure.gravatar.com\/avatar\/568abe1cbc790e8c79eadb7595ddaf9dccc533c248b489d4b018b6c00965b6ea?s=96&d=mm&r=g","contentUrl":"https:\/\/secure.gravatar.com\/avatar\/568abe1cbc790e8c79eadb7595ddaf9dccc533c248b489d4b018b6c00965b6ea?s=96&d=mm&r=g","caption":"Na Boca do Povo RN"},"sameAs":["http:\/\/nabocadopovorn.com.br"],"url":"https:\/\/nabocadopovorn.com.br\/index.php\/author\/nabocadopovorn23gmail-com\/"}]}},"_links":{"self":[{"href":"https:\/\/nabocadopovorn.com.br\/index.php\/wp-json\/wp\/v2\/posts\/7528","targetHints":{"allow":["GET"]}}],"collection":[{"href":"https:\/\/nabocadopovorn.com.br\/index.php\/wp-json\/wp\/v2\/posts"}],"about":[{"href":"https:\/\/nabocadopovorn.com.br\/index.php\/wp-json\/wp\/v2\/types\/post"}],"author":[{"embeddable":true,"href":"https:\/\/nabocadopovorn.com.br\/index.php\/wp-json\/wp\/v2\/users\/1"}],"replies":[{"embeddable":true,"href":"https:\/\/nabocadopovorn.com.br\/index.php\/wp-json\/wp\/v2\/comments?post=7528"}],"version-history":[{"count":1,"href":"https:\/\/nabocadopovorn.com.br\/index.php\/wp-json\/wp\/v2\/posts\/7528\/revisions"}],"predecessor-version":[{"id":7530,"href":"https:\/\/nabocadopovorn.com.br\/index.php\/wp-json\/wp\/v2\/posts\/7528\/revisions\/7530"}],"wp:featuredmedia":[{"embeddable":true,"href":"https:\/\/nabocadopovorn.com.br\/index.php\/wp-json\/wp\/v2\/media\/7529"}],"wp:attachment":[{"href":"https:\/\/nabocadopovorn.com.br\/index.php\/wp-json\/wp\/v2\/media?parent=7528"}],"wp:term":[{"taxonomy":"category","embeddable":true,"href":"https:\/\/nabocadopovorn.com.br\/index.php\/wp-json\/wp\/v2\/categories?post=7528"},{"taxonomy":"post_tag","embeddable":true,"href":"https:\/\/nabocadopovorn.com.br\/index.php\/wp-json\/wp\/v2\/tags?post=7528"}],"curies":[{"name":"wp","href":"https:\/\/api.w.org\/{rel}","templated":true}]}}