{"id":7498,"date":"2026-04-30T10:11:10","date_gmt":"2026-04-30T13:11:10","guid":{"rendered":"https:\/\/nabocadopovorn.com.br\/?p=7498"},"modified":"2026-04-30T10:11:13","modified_gmt":"2026-04-30T13:11:13","slug":"supermercados-bancos-e-lojas-de-shoppings-fecham-no-feriado-do-dia-do-trabalhador-em-natal-veja-funcionamento","status":"publish","type":"post","link":"https:\/\/nabocadopovorn.com.br\/index.php\/2026\/04\/30\/supermercados-bancos-e-lojas-de-shoppings-fecham-no-feriado-do-dia-do-trabalhador-em-natal-veja-funcionamento\/","title":{"rendered":"Supermercados, bancos e lojas de shoppings fecham no feriado do Dia do Trabalhador em Natal; veja funcionamento"},"content":{"rendered":"\n<p>O feriado do Dia do Trabalhador, celebrado na pr\u00f3xima sexta-feira (1\u00ba) vai provocar mudan\u00e7as no funcionamento do com\u00e9rcio, servi\u00e7os e equipamentos p\u00fablicos em Natal.<\/p>\n\n\n\n<p>Segundo a C\u00e2mara de Dirigentes Lojistas de Natal (CDL Natal), o 1\u00ba de maio ser\u00e1 marcado pelo fechamento de boa parte dos estabelecimentos, com impacto no com\u00e9rcio, bancos e servi\u00e7os diversos.<\/p>\n\n\n\n<p>Lojas de rua e supermercados ficar\u00e3o fechadas na data. Nos shoppings, as lojas tamb\u00e9m n\u00e3o funcionar\u00e3o e apenas pra\u00e7as de alimenta\u00e7\u00e3o e cinemas devem abrir.<\/p>\n\n\n\n<p>A previs\u00e3o \u00e9 de que o com\u00e9rcio reabra no s\u00e1bado (2), com o hor\u00e1rio normal do fim de semana. J\u00e1 os bancos s\u00f3 devem voltar a abrir na segunda-feira (4).<\/p>\n\n\n\n<p><strong>Veja o funcionamento abaixo:<\/strong><\/p>\n\n\n\n<p><strong>Com\u00e9rcio de Rua<\/strong><\/p>\n\n\n\n<p>Alecrim: Fechado<\/p>\n\n\n\n<p>Centro da Cidade: Fechado.<\/p>\n\n\n\n<p>Zona Norte: Fechado.<\/p>\n\n\n\n<p><strong>Shoppings<\/strong><\/p>\n\n\n\n<p>Midway Mall<\/p>\n\n\n\n<p>Lojas e quiosques: fechados;<br>Alimenta\u00e7\u00e3o e lazer: 11h \u00e0s 22hs;<\/p>\n\n\n\n<p>Cidade Jardim<\/p>\n\n\n\n<p>Lojas e quiosques: fechados;<br>Alimenta\u00e7\u00e3o: a partir das 11h.<\/p>\n\n\n\n<p>Natal Shopping<\/p>\n\n\n\n<p>Alimenta\u00e7\u00e3o (lojas e quiosques): 11h \u00e0s 21h;<br>Demais lojas e quiosques: Fechados;<br>Academia Bodytech: 08h \u00e0s 16h;<br>Alpendre: 11h \u00e0s 23h;<br>Cinema: Conforme Programa\u00e7\u00e3o.<\/p>\n\n\n\n<p>Cidade Verde<\/p>\n\n\n\n<p>Lojas diversas: fechadas;<br>Alimenta\u00e7\u00e3o e lazer: facultativo;<br>Cl\u00ednicas e academia fechadas.<\/p>\n\n\n\n<p>Partage Norte<\/p>\n\n\n\n<p>Lojas e quiosques \u2013 Fechados;<br>Alimenta\u00e7\u00e3o e lazer das 11h \u00e0s 22h;<br>Academia \u2013 8h \u00e0s 17h;<br>Hipermercado \u2013 Fechado;<br>Cinema \u2013 Conforme programa\u00e7\u00e3o;<br>Lot\u00e9rica \u2013 fechada.<\/p>\n\n\n\n<p>Praia Shopping<\/p>\n\n\n\n<p>Pra\u00e7a de Alimenta\u00e7\u00e3o (facultativo): a partir das 11h;<br>Lojas: fechadas;<br>Moviecom conforme programa\u00e7\u00e3o.<\/p>\n\n\n\n<p>Shopping 10 \u2013 Fechado<\/p>\n\n\n\n<p><strong>Supermercados<\/strong><\/p>\n\n\n\n<p>Lojas fechadas&#8230;<\/p>\n\n\n\n<p><\/p>\n","protected":false},"excerpt":{"rendered":"<p>O feriado do Dia do Trabalhador, celebrado na pr\u00f3xima sexta-feira (1\u00ba) vai provocar mudan\u00e7as no funcionamento do com\u00e9rcio, servi\u00e7os e equipamentos p\u00fablicos em Natal. Segundo a C\u00e2mara de Dirigentes Lojistas de Natal (CDL Natal), o 1\u00ba de maio ser\u00e1 marcado pelo fechamento de boa parte dos estabelecimentos, com impacto no com\u00e9rcio, bancos e servi\u00e7os diversos. [&hellip;]<\/p>\n","protected":false},"author":1,"featured_media":7499,"comment_status":"closed","ping_status":"open","sticky":false,"template":"","format":"standard","meta":{"footnotes":""},"categories":[16],"tags":[],"class_list":["post-7498","post","type-post","status-publish","format-standard","has-post-thumbnail","hentry","category-mundo"],"yoast_head":"<!-- This site is optimized with the Yoast SEO plugin v27.5 - https:\/\/yoast.com\/product\/yoast-seo-wordpress\/ -->\n<title>Supermercados, bancos e lojas de shoppings fecham no feriado do Dia do Trabalhador em Natal; veja funcionamento - Na Boca do Povo RN<\/title>\n<meta name=\"robots\" content=\"index, follow, max-snippet:-1, max-image-preview:large, max-video-preview:-1\" \/>\n<link rel=\"canonical\" href=\"https:\/\/nabocadopovorn.com.br\/index.php\/2026\/04\/30\/supermercados-bancos-e-lojas-de-shoppings-fecham-no-feriado-do-dia-do-trabalhador-em-natal-veja-funcionamento\/\" \/>\n<meta property=\"og:locale\" content=\"pt_BR\" \/>\n<meta property=\"og:type\" content=\"article\" \/>\n<meta property=\"og:title\" content=\"Supermercados, bancos e lojas de shoppings fecham no feriado do Dia do Trabalhador em Natal; veja funcionamento - Na Boca do Povo RN\" \/>\n<meta property=\"og:description\" content=\"O feriado do Dia do Trabalhador, celebrado na pr\u00f3xima sexta-feira (1\u00ba) vai provocar mudan\u00e7as no funcionamento do com\u00e9rcio, servi\u00e7os e equipamentos p\u00fablicos em Natal. Segundo a C\u00e2mara de Dirigentes Lojistas de Natal (CDL Natal), o 1\u00ba de maio ser\u00e1 marcado pelo fechamento de boa parte dos estabelecimentos, com impacto no com\u00e9rcio, bancos e servi\u00e7os diversos. [&hellip;]\" \/>\n<meta property=\"og:url\" content=\"https:\/\/nabocadopovorn.com.br\/index.php\/2026\/04\/30\/supermercados-bancos-e-lojas-de-shoppings-fecham-no-feriado-do-dia-do-trabalhador-em-natal-veja-funcionamento\/\" \/>\n<meta property=\"og:site_name\" content=\"Na Boca do Povo RN\" \/>\n<meta property=\"article:published_time\" content=\"2026-04-30T13:11:10+00:00\" \/>\n<meta property=\"article:modified_time\" content=\"2026-04-30T13:11:13+00:00\" \/>\n<meta name=\"author\" content=\"Na Boca do Povo RN\" \/>\n<meta name=\"twitter:card\" content=\"summary_large_image\" \/>\n<meta name=\"twitter:label1\" content=\"Escrito por\" \/>\n\t<meta name=\"twitter:data1\" content=\"Na Boca do Povo RN\" \/>\n\t<meta name=\"twitter:label2\" content=\"Est. tempo de leitura\" \/>\n\t<meta name=\"twitter:data2\" content=\"2 minutos\" \/>\n<script type=\"application\/ld+json\" class=\"yoast-schema-graph\">{\"@context\":\"https:\\\/\\\/schema.org\",\"@graph\":[{\"@type\":\"Article\",\"@id\":\"https:\\\/\\\/nabocadopovorn.com.br\\\/index.php\\\/2026\\\/04\\\/30\\\/supermercados-bancos-e-lojas-de-shoppings-fecham-no-feriado-do-dia-do-trabalhador-em-natal-veja-funcionamento\\\/#article\",\"isPartOf\":{\"@id\":\"https:\\\/\\\/nabocadopovorn.com.br\\\/index.php\\\/2026\\\/04\\\/30\\\/supermercados-bancos-e-lojas-de-shoppings-fecham-no-feriado-do-dia-do-trabalhador-em-natal-veja-funcionamento\\\/\"},\"author\":{\"name\":\"Na Boca do Povo RN\",\"@id\":\"https:\\\/\\\/nabocadopovorn.com.br\\\/#\\\/schema\\\/person\\\/4784d91e6eb0ee789392e2506451ee44\"},\"headline\":\"Supermercados, bancos e lojas de shoppings fecham no feriado do Dia do Trabalhador em Natal; veja funcionamento\",\"datePublished\":\"2026-04-30T13:11:10+00:00\",\"dateModified\":\"2026-04-30T13:11:13+00:00\",\"mainEntityOfPage\":{\"@id\":\"https:\\\/\\\/nabocadopovorn.com.br\\\/index.php\\\/2026\\\/04\\\/30\\\/supermercados-bancos-e-lojas-de-shoppings-fecham-no-feriado-do-dia-do-trabalhador-em-natal-veja-funcionamento\\\/\"},\"wordCount\":276,\"publisher\":{\"@id\":\"https:\\\/\\\/nabocadopovorn.com.br\\\/#organization\"},\"image\":{\"@id\":\"https:\\\/\\\/nabocadopovorn.com.br\\\/index.php\\\/2026\\\/04\\\/30\\\/supermercados-bancos-e-lojas-de-shoppings-fecham-no-feriado-do-dia-do-trabalhador-em-natal-veja-funcionamento\\\/#primaryimage\"},\"thumbnailUrl\":\"https:\\\/\\\/nabocadopovorn.com.br\\\/wp-content\\\/uploads\\\/2026\\\/04\\\/2026-04-29-09-59-45-12853489.avif\",\"articleSection\":[\"Mundo\"],\"inLanguage\":\"pt-BR\"},{\"@type\":\"WebPage\",\"@id\":\"https:\\\/\\\/nabocadopovorn.com.br\\\/index.php\\\/2026\\\/04\\\/30\\\/supermercados-bancos-e-lojas-de-shoppings-fecham-no-feriado-do-dia-do-trabalhador-em-natal-veja-funcionamento\\\/\",\"url\":\"https:\\\/\\\/nabocadopovorn.com.br\\\/index.php\\\/2026\\\/04\\\/30\\\/supermercados-bancos-e-lojas-de-shoppings-fecham-no-feriado-do-dia-do-trabalhador-em-natal-veja-funcionamento\\\/\",\"name\":\"Supermercados, bancos e lojas de shoppings fecham no feriado do Dia do Trabalhador em Natal; veja funcionamento - Na Boca do Povo RN\",\"isPartOf\":{\"@id\":\"https:\\\/\\\/nabocadopovorn.com.br\\\/#website\"},\"primaryImageOfPage\":{\"@id\":\"https:\\\/\\\/nabocadopovorn.com.br\\\/index.php\\\/2026\\\/04\\\/30\\\/supermercados-bancos-e-lojas-de-shoppings-fecham-no-feriado-do-dia-do-trabalhador-em-natal-veja-funcionamento\\\/#primaryimage\"},\"image\":{\"@id\":\"https:\\\/\\\/nabocadopovorn.com.br\\\/index.php\\\/2026\\\/04\\\/30\\\/supermercados-bancos-e-lojas-de-shoppings-fecham-no-feriado-do-dia-do-trabalhador-em-natal-veja-funcionamento\\\/#primaryimage\"},\"thumbnailUrl\":\"https:\\\/\\\/nabocadopovorn.com.br\\\/wp-content\\\/uploads\\\/2026\\\/04\\\/2026-04-29-09-59-45-12853489.avif\",\"datePublished\":\"2026-04-30T13:11:10+00:00\",\"dateModified\":\"2026-04-30T13:11:13+00:00\",\"breadcrumb\":{\"@id\":\"https:\\\/\\\/nabocadopovorn.com.br\\\/index.php\\\/2026\\\/04\\\/30\\\/supermercados-bancos-e-lojas-de-shoppings-fecham-no-feriado-do-dia-do-trabalhador-em-natal-veja-funcionamento\\\/#breadcrumb\"},\"inLanguage\":\"pt-BR\",\"potentialAction\":[{\"@type\":\"ReadAction\",\"target\":[\"https:\\\/\\\/nabocadopovorn.com.br\\\/index.php\\\/2026\\\/04\\\/30\\\/supermercados-bancos-e-lojas-de-shoppings-fecham-no-feriado-do-dia-do-trabalhador-em-natal-veja-funcionamento\\\/\"]}]},{\"@type\":\"ImageObject\",\"inLanguage\":\"pt-BR\",\"@id\":\"https:\\\/\\\/nabocadopovorn.com.br\\\/index.php\\\/2026\\\/04\\\/30\\\/supermercados-bancos-e-lojas-de-shoppings-fecham-no-feriado-do-dia-do-trabalhador-em-natal-veja-funcionamento\\\/#primaryimage\",\"url\":\"https:\\\/\\\/nabocadopovorn.com.br\\\/wp-content\\\/uploads\\\/2026\\\/04\\\/2026-04-29-09-59-45-12853489.avif\",\"contentUrl\":\"https:\\\/\\\/nabocadopovorn.com.br\\\/wp-content\\\/uploads\\\/2026\\\/04\\\/2026-04-29-09-59-45-12853489.avif\",\"width\":1000,\"height\":743},{\"@type\":\"BreadcrumbList\",\"@id\":\"https:\\\/\\\/nabocadopovorn.com.br\\\/index.php\\\/2026\\\/04\\\/30\\\/supermercados-bancos-e-lojas-de-shoppings-fecham-no-feriado-do-dia-do-trabalhador-em-natal-veja-funcionamento\\\/#breadcrumb\",\"itemListElement\":[{\"@type\":\"ListItem\",\"position\":1,\"name\":\"Home\",\"item\":\"https:\\\/\\\/nabocadopovorn.com.br\\\/\"},{\"@type\":\"ListItem\",\"position\":2,\"name\":\"Supermercados, bancos e lojas de shoppings fecham no feriado do Dia do Trabalhador em Natal; veja funcionamento\"}]},{\"@type\":\"WebSite\",\"@id\":\"https:\\\/\\\/nabocadopovorn.com.br\\\/#website\",\"url\":\"https:\\\/\\\/nabocadopovorn.com.br\\\/\",\"name\":\"Na Boca do Povo RN\",\"description\":\"Informa\u00e7\u00e3o Total\",\"publisher\":{\"@id\":\"https:\\\/\\\/nabocadopovorn.com.br\\\/#organization\"},\"potentialAction\":[{\"@type\":\"SearchAction\",\"target\":{\"@type\":\"EntryPoint\",\"urlTemplate\":\"https:\\\/\\\/nabocadopovorn.com.br\\\/?s={search_term_string}\"},\"query-input\":{\"@type\":\"PropertyValueSpecification\",\"valueRequired\":true,\"valueName\":\"search_term_string\"}}],\"inLanguage\":\"pt-BR\"},{\"@type\":\"Organization\",\"@id\":\"https:\\\/\\\/nabocadopovorn.com.br\\\/#organization\",\"name\":\"Na Boca do Povo RN\",\"url\":\"https:\\\/\\\/nabocadopovorn.com.br\\\/\",\"logo\":{\"@type\":\"ImageObject\",\"inLanguage\":\"pt-BR\",\"@id\":\"https:\\\/\\\/nabocadopovorn.com.br\\\/#\\\/schema\\\/logo\\\/image\\\/\",\"url\":\"https:\\\/\\\/nabocadopovorn.com.br\\\/wp-content\\\/uploads\\\/2026\\\/01\\\/cropped-logo.png\",\"contentUrl\":\"https:\\\/\\\/nabocadopovorn.com.br\\\/wp-content\\\/uploads\\\/2026\\\/01\\\/cropped-logo.png\",\"width\":900,\"height\":100,\"caption\":\"Na Boca do Povo RN\"},\"image\":{\"@id\":\"https:\\\/\\\/nabocadopovorn.com.br\\\/#\\\/schema\\\/logo\\\/image\\\/\"}},{\"@type\":\"Person\",\"@id\":\"https:\\\/\\\/nabocadopovorn.com.br\\\/#\\\/schema\\\/person\\\/4784d91e6eb0ee789392e2506451ee44\",\"name\":\"Na Boca do Povo RN\",\"image\":{\"@type\":\"ImageObject\",\"inLanguage\":\"pt-BR\",\"@id\":\"https:\\\/\\\/secure.gravatar.com\\\/avatar\\\/568abe1cbc790e8c79eadb7595ddaf9dccc533c248b489d4b018b6c00965b6ea?s=96&d=mm&r=g\",\"url\":\"https:\\\/\\\/secure.gravatar.com\\\/avatar\\\/568abe1cbc790e8c79eadb7595ddaf9dccc533c248b489d4b018b6c00965b6ea?s=96&d=mm&r=g\",\"contentUrl\":\"https:\\\/\\\/secure.gravatar.com\\\/avatar\\\/568abe1cbc790e8c79eadb7595ddaf9dccc533c248b489d4b018b6c00965b6ea?s=96&d=mm&r=g\",\"caption\":\"Na Boca do Povo RN\"},\"sameAs\":[\"http:\\\/\\\/nabocadopovorn.com.br\"],\"url\":\"https:\\\/\\\/nabocadopovorn.com.br\\\/index.php\\\/author\\\/nabocadopovorn23gmail-com\\\/\"}]}<\/script>\n<!-- \/ Yoast SEO plugin. -->","yoast_head_json":{"title":"Supermercados, bancos e lojas de shoppings fecham no feriado do Dia do Trabalhador em Natal; veja funcionamento - Na Boca do Povo RN","robots":{"index":"index","follow":"follow","max-snippet":"max-snippet:-1","max-image-preview":"max-image-preview:large","max-video-preview":"max-video-preview:-1"},"canonical":"https:\/\/nabocadopovorn.com.br\/index.php\/2026\/04\/30\/supermercados-bancos-e-lojas-de-shoppings-fecham-no-feriado-do-dia-do-trabalhador-em-natal-veja-funcionamento\/","og_locale":"pt_BR","og_type":"article","og_title":"Supermercados, bancos e lojas de shoppings fecham no feriado do Dia do Trabalhador em Natal; veja funcionamento - Na Boca do Povo RN","og_description":"O feriado do Dia do Trabalhador, celebrado na pr\u00f3xima sexta-feira (1\u00ba) vai provocar mudan\u00e7as no funcionamento do com\u00e9rcio, servi\u00e7os e equipamentos p\u00fablicos em Natal. Segundo a C\u00e2mara de Dirigentes Lojistas de Natal (CDL Natal), o 1\u00ba de maio ser\u00e1 marcado pelo fechamento de boa parte dos estabelecimentos, com impacto no com\u00e9rcio, bancos e servi\u00e7os diversos. [&hellip;]","og_url":"https:\/\/nabocadopovorn.com.br\/index.php\/2026\/04\/30\/supermercados-bancos-e-lojas-de-shoppings-fecham-no-feriado-do-dia-do-trabalhador-em-natal-veja-funcionamento\/","og_site_name":"Na Boca do Povo RN","article_published_time":"2026-04-30T13:11:10+00:00","article_modified_time":"2026-04-30T13:11:13+00:00","author":"Na Boca do Povo RN","twitter_card":"summary_large_image","twitter_misc":{"Escrito por":"Na Boca do Povo RN","Est. tempo de leitura":"2 minutos"},"schema":{"@context":"https:\/\/schema.org","@graph":[{"@type":"Article","@id":"https:\/\/nabocadopovorn.com.br\/index.php\/2026\/04\/30\/supermercados-bancos-e-lojas-de-shoppings-fecham-no-feriado-do-dia-do-trabalhador-em-natal-veja-funcionamento\/#article","isPartOf":{"@id":"https:\/\/nabocadopovorn.com.br\/index.php\/2026\/04\/30\/supermercados-bancos-e-lojas-de-shoppings-fecham-no-feriado-do-dia-do-trabalhador-em-natal-veja-funcionamento\/"},"author":{"name":"Na Boca do Povo RN","@id":"https:\/\/nabocadopovorn.com.br\/#\/schema\/person\/4784d91e6eb0ee789392e2506451ee44"},"headline":"Supermercados, bancos e lojas de shoppings fecham no feriado do Dia do Trabalhador em Natal; veja funcionamento","datePublished":"2026-04-30T13:11:10+00:00","dateModified":"2026-04-30T13:11:13+00:00","mainEntityOfPage":{"@id":"https:\/\/nabocadopovorn.com.br\/index.php\/2026\/04\/30\/supermercados-bancos-e-lojas-de-shoppings-fecham-no-feriado-do-dia-do-trabalhador-em-natal-veja-funcionamento\/"},"wordCount":276,"publisher":{"@id":"https:\/\/nabocadopovorn.com.br\/#organization"},"image":{"@id":"https:\/\/nabocadopovorn.com.br\/index.php\/2026\/04\/30\/supermercados-bancos-e-lojas-de-shoppings-fecham-no-feriado-do-dia-do-trabalhador-em-natal-veja-funcionamento\/#primaryimage"},"thumbnailUrl":"https:\/\/nabocadopovorn.com.br\/wp-content\/uploads\/2026\/04\/2026-04-29-09-59-45-12853489.avif","articleSection":["Mundo"],"inLanguage":"pt-BR"},{"@type":"WebPage","@id":"https:\/\/nabocadopovorn.com.br\/index.php\/2026\/04\/30\/supermercados-bancos-e-lojas-de-shoppings-fecham-no-feriado-do-dia-do-trabalhador-em-natal-veja-funcionamento\/","url":"https:\/\/nabocadopovorn.com.br\/index.php\/2026\/04\/30\/supermercados-bancos-e-lojas-de-shoppings-fecham-no-feriado-do-dia-do-trabalhador-em-natal-veja-funcionamento\/","name":"Supermercados, bancos e lojas de shoppings fecham no feriado do Dia do Trabalhador em Natal; veja funcionamento - Na Boca do Povo RN","isPartOf":{"@id":"https:\/\/nabocadopovorn.com.br\/#website"},"primaryImageOfPage":{"@id":"https:\/\/nabocadopovorn.com.br\/index.php\/2026\/04\/30\/supermercados-bancos-e-lojas-de-shoppings-fecham-no-feriado-do-dia-do-trabalhador-em-natal-veja-funcionamento\/#primaryimage"},"image":{"@id":"https:\/\/nabocadopovorn.com.br\/index.php\/2026\/04\/30\/supermercados-bancos-e-lojas-de-shoppings-fecham-no-feriado-do-dia-do-trabalhador-em-natal-veja-funcionamento\/#primaryimage"},"thumbnailUrl":"https:\/\/nabocadopovorn.com.br\/wp-content\/uploads\/2026\/04\/2026-04-29-09-59-45-12853489.avif","datePublished":"2026-04-30T13:11:10+00:00","dateModified":"2026-04-30T13:11:13+00:00","breadcrumb":{"@id":"https:\/\/nabocadopovorn.com.br\/index.php\/2026\/04\/30\/supermercados-bancos-e-lojas-de-shoppings-fecham-no-feriado-do-dia-do-trabalhador-em-natal-veja-funcionamento\/#breadcrumb"},"inLanguage":"pt-BR","potentialAction":[{"@type":"ReadAction","target":["https:\/\/nabocadopovorn.com.br\/index.php\/2026\/04\/30\/supermercados-bancos-e-lojas-de-shoppings-fecham-no-feriado-do-dia-do-trabalhador-em-natal-veja-funcionamento\/"]}]},{"@type":"ImageObject","inLanguage":"pt-BR","@id":"https:\/\/nabocadopovorn.com.br\/index.php\/2026\/04\/30\/supermercados-bancos-e-lojas-de-shoppings-fecham-no-feriado-do-dia-do-trabalhador-em-natal-veja-funcionamento\/#primaryimage","url":"https:\/\/nabocadopovorn.com.br\/wp-content\/uploads\/2026\/04\/2026-04-29-09-59-45-12853489.avif","contentUrl":"https:\/\/nabocadopovorn.com.br\/wp-content\/uploads\/2026\/04\/2026-04-29-09-59-45-12853489.avif","width":1000,"height":743},{"@type":"BreadcrumbList","@id":"https:\/\/nabocadopovorn.com.br\/index.php\/2026\/04\/30\/supermercados-bancos-e-lojas-de-shoppings-fecham-no-feriado-do-dia-do-trabalhador-em-natal-veja-funcionamento\/#breadcrumb","itemListElement":[{"@type":"ListItem","position":1,"name":"Home","item":"https:\/\/nabocadopovorn.com.br\/"},{"@type":"ListItem","position":2,"name":"Supermercados, bancos e lojas de shoppings fecham no feriado do Dia do Trabalhador em Natal; veja funcionamento"}]},{"@type":"WebSite","@id":"https:\/\/nabocadopovorn.com.br\/#website","url":"https:\/\/nabocadopovorn.com.br\/","name":"Na Boca do Povo RN","description":"Informa\u00e7\u00e3o Total","publisher":{"@id":"https:\/\/nabocadopovorn.com.br\/#organization"},"potentialAction":[{"@type":"SearchAction","target":{"@type":"EntryPoint","urlTemplate":"https:\/\/nabocadopovorn.com.br\/?s={search_term_string}"},"query-input":{"@type":"PropertyValueSpecification","valueRequired":true,"valueName":"search_term_string"}}],"inLanguage":"pt-BR"},{"@type":"Organization","@id":"https:\/\/nabocadopovorn.com.br\/#organization","name":"Na Boca do Povo RN","url":"https:\/\/nabocadopovorn.com.br\/","logo":{"@type":"ImageObject","inLanguage":"pt-BR","@id":"https:\/\/nabocadopovorn.com.br\/#\/schema\/logo\/image\/","url":"https:\/\/nabocadopovorn.com.br\/wp-content\/uploads\/2026\/01\/cropped-logo.png","contentUrl":"https:\/\/nabocadopovorn.com.br\/wp-content\/uploads\/2026\/01\/cropped-logo.png","width":900,"height":100,"caption":"Na Boca do Povo RN"},"image":{"@id":"https:\/\/nabocadopovorn.com.br\/#\/schema\/logo\/image\/"}},{"@type":"Person","@id":"https:\/\/nabocadopovorn.com.br\/#\/schema\/person\/4784d91e6eb0ee789392e2506451ee44","name":"Na Boca do Povo RN","image":{"@type":"ImageObject","inLanguage":"pt-BR","@id":"https:\/\/secure.gravatar.com\/avatar\/568abe1cbc790e8c79eadb7595ddaf9dccc533c248b489d4b018b6c00965b6ea?s=96&d=mm&r=g","url":"https:\/\/secure.gravatar.com\/avatar\/568abe1cbc790e8c79eadb7595ddaf9dccc533c248b489d4b018b6c00965b6ea?s=96&d=mm&r=g","contentUrl":"https:\/\/secure.gravatar.com\/avatar\/568abe1cbc790e8c79eadb7595ddaf9dccc533c248b489d4b018b6c00965b6ea?s=96&d=mm&r=g","caption":"Na Boca do Povo RN"},"sameAs":["http:\/\/nabocadopovorn.com.br"],"url":"https:\/\/nabocadopovorn.com.br\/index.php\/author\/nabocadopovorn23gmail-com\/"}]}},"_links":{"self":[{"href":"https:\/\/nabocadopovorn.com.br\/index.php\/wp-json\/wp\/v2\/posts\/7498","targetHints":{"allow":["GET"]}}],"collection":[{"href":"https:\/\/nabocadopovorn.com.br\/index.php\/wp-json\/wp\/v2\/posts"}],"about":[{"href":"https:\/\/nabocadopovorn.com.br\/index.php\/wp-json\/wp\/v2\/types\/post"}],"author":[{"embeddable":true,"href":"https:\/\/nabocadopovorn.com.br\/index.php\/wp-json\/wp\/v2\/users\/1"}],"replies":[{"embeddable":true,"href":"https:\/\/nabocadopovorn.com.br\/index.php\/wp-json\/wp\/v2\/comments?post=7498"}],"version-history":[{"count":1,"href":"https:\/\/nabocadopovorn.com.br\/index.php\/wp-json\/wp\/v2\/posts\/7498\/revisions"}],"predecessor-version":[{"id":7500,"href":"https:\/\/nabocadopovorn.com.br\/index.php\/wp-json\/wp\/v2\/posts\/7498\/revisions\/7500"}],"wp:featuredmedia":[{"embeddable":true,"href":"https:\/\/nabocadopovorn.com.br\/index.php\/wp-json\/wp\/v2\/media\/7499"}],"wp:attachment":[{"href":"https:\/\/nabocadopovorn.com.br\/index.php\/wp-json\/wp\/v2\/media?parent=7498"}],"wp:term":[{"taxonomy":"category","embeddable":true,"href":"https:\/\/nabocadopovorn.com.br\/index.php\/wp-json\/wp\/v2\/categories?post=7498"},{"taxonomy":"post_tag","embeddable":true,"href":"https:\/\/nabocadopovorn.com.br\/index.php\/wp-json\/wp\/v2\/tags?post=7498"}],"curies":[{"name":"wp","href":"https:\/\/api.w.org\/{rel}","templated":true}]}}