{"id":7492,"date":"2026-04-30T10:04:45","date_gmt":"2026-04-30T13:04:45","guid":{"rendered":"https:\/\/nabocadopovorn.com.br\/?p=7492"},"modified":"2026-04-30T10:04:51","modified_gmt":"2026-04-30T13:04:51","slug":"prefeitura-de-macaiba-abre-leilao-eletronico-de-veiculos-e-maquinas","status":"publish","type":"post","link":"https:\/\/nabocadopovorn.com.br\/index.php\/2026\/04\/30\/prefeitura-de-macaiba-abre-leilao-eletronico-de-veiculos-e-maquinas\/","title":{"rendered":"Prefeitura de Maca\u00edba abre leil\u00e3o eletr\u00f4nico de ve\u00edculos e m\u00e1quinas"},"content":{"rendered":"\n<p>A Prefeitura de Maca\u00edba realizar\u00e1, no pr\u00f3ximo dia 19 de maio, um leil\u00e3o p\u00fablico de ve\u00edculos e m\u00e1quinas pertencentes ao patrim\u00f4nio municipal. O leil\u00e3o ser\u00e1 realizado de forma online, a partir das 10h, por meio do site oficial da empresa respons\u00e1vel, permitindo a participa\u00e7\u00e3o de interessados de diversas localidades. Para quem preferir, haver\u00e1 tamb\u00e9m suporte presencial na sala de reuni\u00f5es do pr\u00e9dio-sede da Prefeitura, localizada na Avenida M\u00f4nica Dantas, n\u00ba 34, no Centro.<\/p>\n\n\n\n<p>Regido pelo Edital de Leil\u00e3o P\u00fablico n\u00ba 001\/2026, o certame disponibilizar\u00e1 diferentes tipos de ve\u00edculos e m\u00e1quinas, incluindo autom\u00f3veis e equipamentos pesados, entre os quais carros do tipo Uno Mille, caminh\u00e3o Chevrolet 11000, p\u00e1 carregadeira Hyundai HL740, reboque\/trailer H\u00e9rcules, al\u00e9m de acess\u00f3rios como bra\u00e7os para lumin\u00e1rias e reatores, oferecendo oportunidades tanto para pessoas f\u00edsicas quanto jur\u00eddicas. Vale pontuar que os itens encontram-se desgastados ou avariados.<\/p>\n\n\n\n<p>A a\u00e7\u00e3o refor\u00e7a o compromisso da gest\u00e3o municipal com a transpar\u00eancia e a efici\u00eancia na administra\u00e7\u00e3o dos bens p\u00fablicos, garantindo a destina\u00e7\u00e3o adequada de itens que j\u00e1 n\u00e3o atendem plenamente \u00e0s necessidades da Prefeitura, ao mesmo tempo em que gera recursos para novos investimentos.<\/p>\n\n\n\n<p>Os interessados podem acessar o site &lt;<a href=\"http:\/\/www.colossoleiloes.com.br\/\">www.colossoleiloes.com.br<\/a>\u2060&gt; para obter mais informa\u00e7\u00f5es sobre os lotes dispon\u00edveis, condi\u00e7\u00f5es de participa\u00e7\u00e3o e demais orienta\u00e7\u00f5es. Tamb\u00e9m \u00e9 poss\u00edvel entrar em contato pelo n\u00famero (83) 9 8804-6631 para esclarecimento de d\u00favidas. O edital que rege o processo pode ser acessado e conferido na \u00edntegra no Di\u00e1rio Oficial do Munic\u00edpio de Maca\u00edba datado de 16 de abril do corrente ano &lt;<a href=\"https:\/\/macaiba.rn.gov.br\/wp-content\/uploads\/2026\/04\/DOMM-1925.pdf\">https:\/\/macaiba.rn.gov.br\/wp-content\/uploads\/2026\/04\/DOMM-1925.pdf<\/a>&gt;.<\/p>\n","protected":false},"excerpt":{"rendered":"<p>A Prefeitura de Maca\u00edba realizar\u00e1, no pr\u00f3ximo dia 19 de maio, um leil\u00e3o p\u00fablico de ve\u00edculos e m\u00e1quinas pertencentes ao patrim\u00f4nio municipal. O leil\u00e3o ser\u00e1 realizado de forma online, a partir das 10h, por meio do site oficial da empresa respons\u00e1vel, permitindo a participa\u00e7\u00e3o de interessados de diversas localidades. Para quem preferir, haver\u00e1 tamb\u00e9m suporte [&hellip;]<\/p>\n","protected":false},"author":1,"featured_media":7493,"comment_status":"closed","ping_status":"open","sticky":false,"template":"","format":"standard","meta":{"footnotes":""},"categories":[19],"tags":[],"class_list":["post-7492","post","type-post","status-publish","format-standard","has-post-thumbnail","hentry","category-macaiba"],"yoast_head":"<!-- This site is optimized with the Yoast SEO plugin v27.5 - https:\/\/yoast.com\/product\/yoast-seo-wordpress\/ -->\n<title>Prefeitura de Maca\u00edba abre leil\u00e3o eletr\u00f4nico de ve\u00edculos e m\u00e1quinas - Na Boca do Povo RN<\/title>\n<meta name=\"robots\" content=\"index, follow, max-snippet:-1, max-image-preview:large, max-video-preview:-1\" \/>\n<link rel=\"canonical\" href=\"https:\/\/nabocadopovorn.com.br\/index.php\/2026\/04\/30\/prefeitura-de-macaiba-abre-leilao-eletronico-de-veiculos-e-maquinas\/\" \/>\n<meta property=\"og:locale\" content=\"pt_BR\" \/>\n<meta property=\"og:type\" content=\"article\" \/>\n<meta property=\"og:title\" content=\"Prefeitura de Maca\u00edba abre leil\u00e3o eletr\u00f4nico de ve\u00edculos e m\u00e1quinas - Na Boca do Povo RN\" \/>\n<meta property=\"og:description\" content=\"A Prefeitura de Maca\u00edba realizar\u00e1, no pr\u00f3ximo dia 19 de maio, um leil\u00e3o p\u00fablico de ve\u00edculos e m\u00e1quinas pertencentes ao patrim\u00f4nio municipal. O leil\u00e3o ser\u00e1 realizado de forma online, a partir das 10h, por meio do site oficial da empresa respons\u00e1vel, permitindo a participa\u00e7\u00e3o de interessados de diversas localidades. Para quem preferir, haver\u00e1 tamb\u00e9m suporte [&hellip;]\" \/>\n<meta property=\"og:url\" content=\"https:\/\/nabocadopovorn.com.br\/index.php\/2026\/04\/30\/prefeitura-de-macaiba-abre-leilao-eletronico-de-veiculos-e-maquinas\/\" \/>\n<meta property=\"og:site_name\" content=\"Na Boca do Povo RN\" \/>\n<meta property=\"article:published_time\" content=\"2026-04-30T13:04:45+00:00\" \/>\n<meta property=\"article:modified_time\" content=\"2026-04-30T13:04:51+00:00\" \/>\n<meta property=\"og:image\" content=\"https:\/\/nabocadopovorn.com.br\/wp-content\/uploads\/2026\/04\/2026-04-29-16-38-52-f1338bf1_bf14_41e6_8280_4223bb640895.jpg\" \/>\n\t<meta property=\"og:image:width\" content=\"1250\" \/>\n\t<meta property=\"og:image:height\" content=\"938\" \/>\n\t<meta property=\"og:image:type\" content=\"image\/jpeg\" \/>\n<meta name=\"author\" content=\"Na Boca do Povo RN\" \/>\n<meta name=\"twitter:card\" content=\"summary_large_image\" \/>\n<meta name=\"twitter:label1\" content=\"Escrito por\" \/>\n\t<meta name=\"twitter:data1\" content=\"Na Boca do Povo RN\" \/>\n\t<meta name=\"twitter:label2\" content=\"Est. tempo de leitura\" \/>\n\t<meta name=\"twitter:data2\" content=\"1 minuto\" \/>\n<script type=\"application\/ld+json\" class=\"yoast-schema-graph\">{\"@context\":\"https:\\\/\\\/schema.org\",\"@graph\":[{\"@type\":\"Article\",\"@id\":\"https:\\\/\\\/nabocadopovorn.com.br\\\/index.php\\\/2026\\\/04\\\/30\\\/prefeitura-de-macaiba-abre-leilao-eletronico-de-veiculos-e-maquinas\\\/#article\",\"isPartOf\":{\"@id\":\"https:\\\/\\\/nabocadopovorn.com.br\\\/index.php\\\/2026\\\/04\\\/30\\\/prefeitura-de-macaiba-abre-leilao-eletronico-de-veiculos-e-maquinas\\\/\"},\"author\":{\"name\":\"Na Boca do Povo RN\",\"@id\":\"https:\\\/\\\/nabocadopovorn.com.br\\\/#\\\/schema\\\/person\\\/4784d91e6eb0ee789392e2506451ee44\"},\"headline\":\"Prefeitura de Maca\u00edba abre leil\u00e3o eletr\u00f4nico de ve\u00edculos e m\u00e1quinas\",\"datePublished\":\"2026-04-30T13:04:45+00:00\",\"dateModified\":\"2026-04-30T13:04:51+00:00\",\"mainEntityOfPage\":{\"@id\":\"https:\\\/\\\/nabocadopovorn.com.br\\\/index.php\\\/2026\\\/04\\\/30\\\/prefeitura-de-macaiba-abre-leilao-eletronico-de-veiculos-e-maquinas\\\/\"},\"wordCount\":318,\"publisher\":{\"@id\":\"https:\\\/\\\/nabocadopovorn.com.br\\\/#organization\"},\"image\":{\"@id\":\"https:\\\/\\\/nabocadopovorn.com.br\\\/index.php\\\/2026\\\/04\\\/30\\\/prefeitura-de-macaiba-abre-leilao-eletronico-de-veiculos-e-maquinas\\\/#primaryimage\"},\"thumbnailUrl\":\"https:\\\/\\\/nabocadopovorn.com.br\\\/wp-content\\\/uploads\\\/2026\\\/04\\\/2026-04-29-16-38-52-f1338bf1_bf14_41e6_8280_4223bb640895.jpg\",\"articleSection\":[\"Maca\u00edba\"],\"inLanguage\":\"pt-BR\"},{\"@type\":\"WebPage\",\"@id\":\"https:\\\/\\\/nabocadopovorn.com.br\\\/index.php\\\/2026\\\/04\\\/30\\\/prefeitura-de-macaiba-abre-leilao-eletronico-de-veiculos-e-maquinas\\\/\",\"url\":\"https:\\\/\\\/nabocadopovorn.com.br\\\/index.php\\\/2026\\\/04\\\/30\\\/prefeitura-de-macaiba-abre-leilao-eletronico-de-veiculos-e-maquinas\\\/\",\"name\":\"Prefeitura de Maca\u00edba abre leil\u00e3o eletr\u00f4nico de ve\u00edculos e m\u00e1quinas - Na Boca do Povo RN\",\"isPartOf\":{\"@id\":\"https:\\\/\\\/nabocadopovorn.com.br\\\/#website\"},\"primaryImageOfPage\":{\"@id\":\"https:\\\/\\\/nabocadopovorn.com.br\\\/index.php\\\/2026\\\/04\\\/30\\\/prefeitura-de-macaiba-abre-leilao-eletronico-de-veiculos-e-maquinas\\\/#primaryimage\"},\"image\":{\"@id\":\"https:\\\/\\\/nabocadopovorn.com.br\\\/index.php\\\/2026\\\/04\\\/30\\\/prefeitura-de-macaiba-abre-leilao-eletronico-de-veiculos-e-maquinas\\\/#primaryimage\"},\"thumbnailUrl\":\"https:\\\/\\\/nabocadopovorn.com.br\\\/wp-content\\\/uploads\\\/2026\\\/04\\\/2026-04-29-16-38-52-f1338bf1_bf14_41e6_8280_4223bb640895.jpg\",\"datePublished\":\"2026-04-30T13:04:45+00:00\",\"dateModified\":\"2026-04-30T13:04:51+00:00\",\"breadcrumb\":{\"@id\":\"https:\\\/\\\/nabocadopovorn.com.br\\\/index.php\\\/2026\\\/04\\\/30\\\/prefeitura-de-macaiba-abre-leilao-eletronico-de-veiculos-e-maquinas\\\/#breadcrumb\"},\"inLanguage\":\"pt-BR\",\"potentialAction\":[{\"@type\":\"ReadAction\",\"target\":[\"https:\\\/\\\/nabocadopovorn.com.br\\\/index.php\\\/2026\\\/04\\\/30\\\/prefeitura-de-macaiba-abre-leilao-eletronico-de-veiculos-e-maquinas\\\/\"]}]},{\"@type\":\"ImageObject\",\"inLanguage\":\"pt-BR\",\"@id\":\"https:\\\/\\\/nabocadopovorn.com.br\\\/index.php\\\/2026\\\/04\\\/30\\\/prefeitura-de-macaiba-abre-leilao-eletronico-de-veiculos-e-maquinas\\\/#primaryimage\",\"url\":\"https:\\\/\\\/nabocadopovorn.com.br\\\/wp-content\\\/uploads\\\/2026\\\/04\\\/2026-04-29-16-38-52-f1338bf1_bf14_41e6_8280_4223bb640895.jpg\",\"contentUrl\":\"https:\\\/\\\/nabocadopovorn.com.br\\\/wp-content\\\/uploads\\\/2026\\\/04\\\/2026-04-29-16-38-52-f1338bf1_bf14_41e6_8280_4223bb640895.jpg\",\"width\":1250,\"height\":938},{\"@type\":\"BreadcrumbList\",\"@id\":\"https:\\\/\\\/nabocadopovorn.com.br\\\/index.php\\\/2026\\\/04\\\/30\\\/prefeitura-de-macaiba-abre-leilao-eletronico-de-veiculos-e-maquinas\\\/#breadcrumb\",\"itemListElement\":[{\"@type\":\"ListItem\",\"position\":1,\"name\":\"Home\",\"item\":\"https:\\\/\\\/nabocadopovorn.com.br\\\/\"},{\"@type\":\"ListItem\",\"position\":2,\"name\":\"Prefeitura de Maca\u00edba abre leil\u00e3o eletr\u00f4nico de ve\u00edculos e m\u00e1quinas\"}]},{\"@type\":\"WebSite\",\"@id\":\"https:\\\/\\\/nabocadopovorn.com.br\\\/#website\",\"url\":\"https:\\\/\\\/nabocadopovorn.com.br\\\/\",\"name\":\"Na Boca do Povo RN\",\"description\":\"Informa\u00e7\u00e3o Total\",\"publisher\":{\"@id\":\"https:\\\/\\\/nabocadopovorn.com.br\\\/#organization\"},\"potentialAction\":[{\"@type\":\"SearchAction\",\"target\":{\"@type\":\"EntryPoint\",\"urlTemplate\":\"https:\\\/\\\/nabocadopovorn.com.br\\\/?s={search_term_string}\"},\"query-input\":{\"@type\":\"PropertyValueSpecification\",\"valueRequired\":true,\"valueName\":\"search_term_string\"}}],\"inLanguage\":\"pt-BR\"},{\"@type\":\"Organization\",\"@id\":\"https:\\\/\\\/nabocadopovorn.com.br\\\/#organization\",\"name\":\"Na Boca do Povo RN\",\"url\":\"https:\\\/\\\/nabocadopovorn.com.br\\\/\",\"logo\":{\"@type\":\"ImageObject\",\"inLanguage\":\"pt-BR\",\"@id\":\"https:\\\/\\\/nabocadopovorn.com.br\\\/#\\\/schema\\\/logo\\\/image\\\/\",\"url\":\"https:\\\/\\\/nabocadopovorn.com.br\\\/wp-content\\\/uploads\\\/2026\\\/01\\\/cropped-logo.png\",\"contentUrl\":\"https:\\\/\\\/nabocadopovorn.com.br\\\/wp-content\\\/uploads\\\/2026\\\/01\\\/cropped-logo.png\",\"width\":900,\"height\":100,\"caption\":\"Na Boca do Povo RN\"},\"image\":{\"@id\":\"https:\\\/\\\/nabocadopovorn.com.br\\\/#\\\/schema\\\/logo\\\/image\\\/\"}},{\"@type\":\"Person\",\"@id\":\"https:\\\/\\\/nabocadopovorn.com.br\\\/#\\\/schema\\\/person\\\/4784d91e6eb0ee789392e2506451ee44\",\"name\":\"Na Boca do Povo RN\",\"image\":{\"@type\":\"ImageObject\",\"inLanguage\":\"pt-BR\",\"@id\":\"https:\\\/\\\/secure.gravatar.com\\\/avatar\\\/568abe1cbc790e8c79eadb7595ddaf9dccc533c248b489d4b018b6c00965b6ea?s=96&d=mm&r=g\",\"url\":\"https:\\\/\\\/secure.gravatar.com\\\/avatar\\\/568abe1cbc790e8c79eadb7595ddaf9dccc533c248b489d4b018b6c00965b6ea?s=96&d=mm&r=g\",\"contentUrl\":\"https:\\\/\\\/secure.gravatar.com\\\/avatar\\\/568abe1cbc790e8c79eadb7595ddaf9dccc533c248b489d4b018b6c00965b6ea?s=96&d=mm&r=g\",\"caption\":\"Na Boca do Povo RN\"},\"sameAs\":[\"http:\\\/\\\/nabocadopovorn.com.br\"],\"url\":\"https:\\\/\\\/nabocadopovorn.com.br\\\/index.php\\\/author\\\/nabocadopovorn23gmail-com\\\/\"}]}<\/script>\n<!-- \/ Yoast SEO plugin. -->","yoast_head_json":{"title":"Prefeitura de Maca\u00edba abre leil\u00e3o eletr\u00f4nico de ve\u00edculos e m\u00e1quinas - Na Boca do Povo RN","robots":{"index":"index","follow":"follow","max-snippet":"max-snippet:-1","max-image-preview":"max-image-preview:large","max-video-preview":"max-video-preview:-1"},"canonical":"https:\/\/nabocadopovorn.com.br\/index.php\/2026\/04\/30\/prefeitura-de-macaiba-abre-leilao-eletronico-de-veiculos-e-maquinas\/","og_locale":"pt_BR","og_type":"article","og_title":"Prefeitura de Maca\u00edba abre leil\u00e3o eletr\u00f4nico de ve\u00edculos e m\u00e1quinas - Na Boca do Povo RN","og_description":"A Prefeitura de Maca\u00edba realizar\u00e1, no pr\u00f3ximo dia 19 de maio, um leil\u00e3o p\u00fablico de ve\u00edculos e m\u00e1quinas pertencentes ao patrim\u00f4nio municipal. O leil\u00e3o ser\u00e1 realizado de forma online, a partir das 10h, por meio do site oficial da empresa respons\u00e1vel, permitindo a participa\u00e7\u00e3o de interessados de diversas localidades. Para quem preferir, haver\u00e1 tamb\u00e9m suporte [&hellip;]","og_url":"https:\/\/nabocadopovorn.com.br\/index.php\/2026\/04\/30\/prefeitura-de-macaiba-abre-leilao-eletronico-de-veiculos-e-maquinas\/","og_site_name":"Na Boca do Povo RN","article_published_time":"2026-04-30T13:04:45+00:00","article_modified_time":"2026-04-30T13:04:51+00:00","og_image":[{"width":1250,"height":938,"url":"https:\/\/nabocadopovorn.com.br\/wp-content\/uploads\/2026\/04\/2026-04-29-16-38-52-f1338bf1_bf14_41e6_8280_4223bb640895.jpg","type":"image\/jpeg"}],"author":"Na Boca do Povo RN","twitter_card":"summary_large_image","twitter_misc":{"Escrito por":"Na Boca do Povo RN","Est. tempo de leitura":"1 minuto"},"schema":{"@context":"https:\/\/schema.org","@graph":[{"@type":"Article","@id":"https:\/\/nabocadopovorn.com.br\/index.php\/2026\/04\/30\/prefeitura-de-macaiba-abre-leilao-eletronico-de-veiculos-e-maquinas\/#article","isPartOf":{"@id":"https:\/\/nabocadopovorn.com.br\/index.php\/2026\/04\/30\/prefeitura-de-macaiba-abre-leilao-eletronico-de-veiculos-e-maquinas\/"},"author":{"name":"Na Boca do Povo RN","@id":"https:\/\/nabocadopovorn.com.br\/#\/schema\/person\/4784d91e6eb0ee789392e2506451ee44"},"headline":"Prefeitura de Maca\u00edba abre leil\u00e3o eletr\u00f4nico de ve\u00edculos e m\u00e1quinas","datePublished":"2026-04-30T13:04:45+00:00","dateModified":"2026-04-30T13:04:51+00:00","mainEntityOfPage":{"@id":"https:\/\/nabocadopovorn.com.br\/index.php\/2026\/04\/30\/prefeitura-de-macaiba-abre-leilao-eletronico-de-veiculos-e-maquinas\/"},"wordCount":318,"publisher":{"@id":"https:\/\/nabocadopovorn.com.br\/#organization"},"image":{"@id":"https:\/\/nabocadopovorn.com.br\/index.php\/2026\/04\/30\/prefeitura-de-macaiba-abre-leilao-eletronico-de-veiculos-e-maquinas\/#primaryimage"},"thumbnailUrl":"https:\/\/nabocadopovorn.com.br\/wp-content\/uploads\/2026\/04\/2026-04-29-16-38-52-f1338bf1_bf14_41e6_8280_4223bb640895.jpg","articleSection":["Maca\u00edba"],"inLanguage":"pt-BR"},{"@type":"WebPage","@id":"https:\/\/nabocadopovorn.com.br\/index.php\/2026\/04\/30\/prefeitura-de-macaiba-abre-leilao-eletronico-de-veiculos-e-maquinas\/","url":"https:\/\/nabocadopovorn.com.br\/index.php\/2026\/04\/30\/prefeitura-de-macaiba-abre-leilao-eletronico-de-veiculos-e-maquinas\/","name":"Prefeitura de Maca\u00edba abre leil\u00e3o eletr\u00f4nico de ve\u00edculos e m\u00e1quinas - Na Boca do Povo RN","isPartOf":{"@id":"https:\/\/nabocadopovorn.com.br\/#website"},"primaryImageOfPage":{"@id":"https:\/\/nabocadopovorn.com.br\/index.php\/2026\/04\/30\/prefeitura-de-macaiba-abre-leilao-eletronico-de-veiculos-e-maquinas\/#primaryimage"},"image":{"@id":"https:\/\/nabocadopovorn.com.br\/index.php\/2026\/04\/30\/prefeitura-de-macaiba-abre-leilao-eletronico-de-veiculos-e-maquinas\/#primaryimage"},"thumbnailUrl":"https:\/\/nabocadopovorn.com.br\/wp-content\/uploads\/2026\/04\/2026-04-29-16-38-52-f1338bf1_bf14_41e6_8280_4223bb640895.jpg","datePublished":"2026-04-30T13:04:45+00:00","dateModified":"2026-04-30T13:04:51+00:00","breadcrumb":{"@id":"https:\/\/nabocadopovorn.com.br\/index.php\/2026\/04\/30\/prefeitura-de-macaiba-abre-leilao-eletronico-de-veiculos-e-maquinas\/#breadcrumb"},"inLanguage":"pt-BR","potentialAction":[{"@type":"ReadAction","target":["https:\/\/nabocadopovorn.com.br\/index.php\/2026\/04\/30\/prefeitura-de-macaiba-abre-leilao-eletronico-de-veiculos-e-maquinas\/"]}]},{"@type":"ImageObject","inLanguage":"pt-BR","@id":"https:\/\/nabocadopovorn.com.br\/index.php\/2026\/04\/30\/prefeitura-de-macaiba-abre-leilao-eletronico-de-veiculos-e-maquinas\/#primaryimage","url":"https:\/\/nabocadopovorn.com.br\/wp-content\/uploads\/2026\/04\/2026-04-29-16-38-52-f1338bf1_bf14_41e6_8280_4223bb640895.jpg","contentUrl":"https:\/\/nabocadopovorn.com.br\/wp-content\/uploads\/2026\/04\/2026-04-29-16-38-52-f1338bf1_bf14_41e6_8280_4223bb640895.jpg","width":1250,"height":938},{"@type":"BreadcrumbList","@id":"https:\/\/nabocadopovorn.com.br\/index.php\/2026\/04\/30\/prefeitura-de-macaiba-abre-leilao-eletronico-de-veiculos-e-maquinas\/#breadcrumb","itemListElement":[{"@type":"ListItem","position":1,"name":"Home","item":"https:\/\/nabocadopovorn.com.br\/"},{"@type":"ListItem","position":2,"name":"Prefeitura de Maca\u00edba abre leil\u00e3o eletr\u00f4nico de ve\u00edculos e m\u00e1quinas"}]},{"@type":"WebSite","@id":"https:\/\/nabocadopovorn.com.br\/#website","url":"https:\/\/nabocadopovorn.com.br\/","name":"Na Boca do Povo RN","description":"Informa\u00e7\u00e3o Total","publisher":{"@id":"https:\/\/nabocadopovorn.com.br\/#organization"},"potentialAction":[{"@type":"SearchAction","target":{"@type":"EntryPoint","urlTemplate":"https:\/\/nabocadopovorn.com.br\/?s={search_term_string}"},"query-input":{"@type":"PropertyValueSpecification","valueRequired":true,"valueName":"search_term_string"}}],"inLanguage":"pt-BR"},{"@type":"Organization","@id":"https:\/\/nabocadopovorn.com.br\/#organization","name":"Na Boca do Povo RN","url":"https:\/\/nabocadopovorn.com.br\/","logo":{"@type":"ImageObject","inLanguage":"pt-BR","@id":"https:\/\/nabocadopovorn.com.br\/#\/schema\/logo\/image\/","url":"https:\/\/nabocadopovorn.com.br\/wp-content\/uploads\/2026\/01\/cropped-logo.png","contentUrl":"https:\/\/nabocadopovorn.com.br\/wp-content\/uploads\/2026\/01\/cropped-logo.png","width":900,"height":100,"caption":"Na Boca do Povo RN"},"image":{"@id":"https:\/\/nabocadopovorn.com.br\/#\/schema\/logo\/image\/"}},{"@type":"Person","@id":"https:\/\/nabocadopovorn.com.br\/#\/schema\/person\/4784d91e6eb0ee789392e2506451ee44","name":"Na Boca do Povo RN","image":{"@type":"ImageObject","inLanguage":"pt-BR","@id":"https:\/\/secure.gravatar.com\/avatar\/568abe1cbc790e8c79eadb7595ddaf9dccc533c248b489d4b018b6c00965b6ea?s=96&d=mm&r=g","url":"https:\/\/secure.gravatar.com\/avatar\/568abe1cbc790e8c79eadb7595ddaf9dccc533c248b489d4b018b6c00965b6ea?s=96&d=mm&r=g","contentUrl":"https:\/\/secure.gravatar.com\/avatar\/568abe1cbc790e8c79eadb7595ddaf9dccc533c248b489d4b018b6c00965b6ea?s=96&d=mm&r=g","caption":"Na Boca do Povo RN"},"sameAs":["http:\/\/nabocadopovorn.com.br"],"url":"https:\/\/nabocadopovorn.com.br\/index.php\/author\/nabocadopovorn23gmail-com\/"}]}},"_links":{"self":[{"href":"https:\/\/nabocadopovorn.com.br\/index.php\/wp-json\/wp\/v2\/posts\/7492","targetHints":{"allow":["GET"]}}],"collection":[{"href":"https:\/\/nabocadopovorn.com.br\/index.php\/wp-json\/wp\/v2\/posts"}],"about":[{"href":"https:\/\/nabocadopovorn.com.br\/index.php\/wp-json\/wp\/v2\/types\/post"}],"author":[{"embeddable":true,"href":"https:\/\/nabocadopovorn.com.br\/index.php\/wp-json\/wp\/v2\/users\/1"}],"replies":[{"embeddable":true,"href":"https:\/\/nabocadopovorn.com.br\/index.php\/wp-json\/wp\/v2\/comments?post=7492"}],"version-history":[{"count":1,"href":"https:\/\/nabocadopovorn.com.br\/index.php\/wp-json\/wp\/v2\/posts\/7492\/revisions"}],"predecessor-version":[{"id":7494,"href":"https:\/\/nabocadopovorn.com.br\/index.php\/wp-json\/wp\/v2\/posts\/7492\/revisions\/7494"}],"wp:featuredmedia":[{"embeddable":true,"href":"https:\/\/nabocadopovorn.com.br\/index.php\/wp-json\/wp\/v2\/media\/7493"}],"wp:attachment":[{"href":"https:\/\/nabocadopovorn.com.br\/index.php\/wp-json\/wp\/v2\/media?parent=7492"}],"wp:term":[{"taxonomy":"category","embeddable":true,"href":"https:\/\/nabocadopovorn.com.br\/index.php\/wp-json\/wp\/v2\/categories?post=7492"},{"taxonomy":"post_tag","embeddable":true,"href":"https:\/\/nabocadopovorn.com.br\/index.php\/wp-json\/wp\/v2\/tags?post=7492"}],"curies":[{"name":"wp","href":"https:\/\/api.w.org\/{rel}","templated":true}]}}