{"id":7433,"date":"2026-04-28T13:58:29","date_gmt":"2026-04-28T16:58:29","guid":{"rendered":"https:\/\/nabocadopovorn.com.br\/?p=7433"},"modified":"2026-04-28T13:58:33","modified_gmt":"2026-04-28T16:58:33","slug":"prefeitura-de-macaiba-e-senac-promovem-acao-educativa-com-curso-manuseio-de-alimentos-na-apac","status":"publish","type":"post","link":"https:\/\/nabocadopovorn.com.br\/index.php\/2026\/04\/28\/prefeitura-de-macaiba-e-senac-promovem-acao-educativa-com-curso-manuseio-de-alimentos-na-apac\/","title":{"rendered":"Prefeitura de Maca\u00edba e SENAC promovem a\u00e7\u00e3o educativa com curso manuseio de alimentos na APAC"},"content":{"rendered":"\n<p>A Prefeitura de Maca\u00edba, por meio da Secretaria de Trabalho, Habita\u00e7\u00e3o e Assist\u00eancia Social em parceria com o setor de Emprego e Renda, promoveu uma a\u00e7\u00e3o educativa no Centro de Ressocializa\u00e7\u00e3o M\u00e1rio Ottoboni (APAC-Maca\u00edba). A iniciativa contou com a articula\u00e7\u00e3o de um curso ministrado pelo professor Cipriano Medeiros, do SENAC-RN, levando conhecimento e capacita\u00e7\u00e3o aos recuperandos da unidade.<\/p>\n\n\n\n<p>Durante a atividade, foi oferecido um curso de manuseio de alimentos, abordando pr\u00e1ticas fundamentais de higiene, conserva\u00e7\u00e3o e seguran\u00e7a alimentar. A proposta \u00e9 contribuir para a qualifica\u00e7\u00e3o profissional dos participantes, ampliando as perspectivas de inser\u00e7\u00e3o no mercado de trabalho ap\u00f3s o cumprimento de suas penas.<\/p>\n\n\n\n<p>A a\u00e7\u00e3o realizada refor\u00e7a a import\u00e2ncia da educa\u00e7\u00e3o e da capacita\u00e7\u00e3o como ferramentas fundamentais no processo de ressocializa\u00e7\u00e3o, promovendo n\u00e3o apenas o aprendizado t\u00e9cnico, mas tamb\u00e9m a valoriza\u00e7\u00e3o da dignidade e da autonomia dos recuperandos.<\/p>\n\n\n\n<p><strong>Foto: Divulga\u00e7\u00e3o<\/strong><\/p>\n\n\n\n<p>Fonte <strong>Secom-PMM<\/strong><\/p>\n","protected":false},"excerpt":{"rendered":"<p>A Prefeitura de Maca\u00edba, por meio da Secretaria de Trabalho, Habita\u00e7\u00e3o e Assist\u00eancia Social em parceria com o setor de Emprego e Renda, promoveu uma a\u00e7\u00e3o educativa no Centro de Ressocializa\u00e7\u00e3o M\u00e1rio Ottoboni (APAC-Maca\u00edba). A iniciativa contou com a articula\u00e7\u00e3o de um curso ministrado pelo professor Cipriano Medeiros, do SENAC-RN, levando conhecimento e capacita\u00e7\u00e3o aos [&hellip;]<\/p>\n","protected":false},"author":1,"featured_media":7434,"comment_status":"closed","ping_status":"open","sticky":false,"template":"","format":"standard","meta":{"footnotes":""},"categories":[19],"tags":[],"class_list":["post-7433","post","type-post","status-publish","format-standard","has-post-thumbnail","hentry","category-macaiba"],"yoast_head":"<!-- This site is optimized with the Yoast SEO plugin v27.4 - https:\/\/yoast.com\/product\/yoast-seo-wordpress\/ -->\n<title>Prefeitura de Maca\u00edba e SENAC promovem a\u00e7\u00e3o educativa com curso manuseio de alimentos na APAC - Na Boca do Povo RN<\/title>\n<meta name=\"robots\" content=\"index, follow, max-snippet:-1, max-image-preview:large, max-video-preview:-1\" \/>\n<link rel=\"canonical\" href=\"https:\/\/nabocadopovorn.com.br\/index.php\/2026\/04\/28\/prefeitura-de-macaiba-e-senac-promovem-acao-educativa-com-curso-manuseio-de-alimentos-na-apac\/\" \/>\n<meta property=\"og:locale\" content=\"pt_BR\" \/>\n<meta property=\"og:type\" content=\"article\" \/>\n<meta property=\"og:title\" content=\"Prefeitura de Maca\u00edba e SENAC promovem a\u00e7\u00e3o educativa com curso manuseio de alimentos na APAC - Na Boca do Povo RN\" \/>\n<meta property=\"og:description\" content=\"A Prefeitura de Maca\u00edba, por meio da Secretaria de Trabalho, Habita\u00e7\u00e3o e Assist\u00eancia Social em parceria com o setor de Emprego e Renda, promoveu uma a\u00e7\u00e3o educativa no Centro de Ressocializa\u00e7\u00e3o M\u00e1rio Ottoboni (APAC-Maca\u00edba). A iniciativa contou com a articula\u00e7\u00e3o de um curso ministrado pelo professor Cipriano Medeiros, do SENAC-RN, levando conhecimento e capacita\u00e7\u00e3o aos [&hellip;]\" \/>\n<meta property=\"og:url\" content=\"https:\/\/nabocadopovorn.com.br\/index.php\/2026\/04\/28\/prefeitura-de-macaiba-e-senac-promovem-acao-educativa-com-curso-manuseio-de-alimentos-na-apac\/\" \/>\n<meta property=\"og:site_name\" content=\"Na Boca do Povo RN\" \/>\n<meta property=\"article:published_time\" content=\"2026-04-28T16:58:29+00:00\" \/>\n<meta property=\"article:modified_time\" content=\"2026-04-28T16:58:33+00:00\" \/>\n<meta property=\"og:image\" content=\"https:\/\/nabocadopovorn.com.br\/wp-content\/uploads\/2026\/04\/75a8b0d6-bb81-4306-88a6-ec1d762324f8-1024x910-1.jpg\" \/>\n\t<meta property=\"og:image:width\" content=\"1024\" \/>\n\t<meta property=\"og:image:height\" content=\"910\" \/>\n\t<meta property=\"og:image:type\" content=\"image\/jpeg\" \/>\n<meta name=\"author\" content=\"Na Boca do Povo RN\" \/>\n<meta name=\"twitter:card\" content=\"summary_large_image\" \/>\n<meta name=\"twitter:label1\" content=\"Escrito por\" \/>\n\t<meta name=\"twitter:data1\" content=\"Na Boca do Povo RN\" \/>\n\t<meta name=\"twitter:label2\" content=\"Est. tempo de leitura\" \/>\n\t<meta name=\"twitter:data2\" content=\"1 minuto\" \/>\n<script type=\"application\/ld+json\" class=\"yoast-schema-graph\">{\"@context\":\"https:\\\/\\\/schema.org\",\"@graph\":[{\"@type\":\"Article\",\"@id\":\"https:\\\/\\\/nabocadopovorn.com.br\\\/index.php\\\/2026\\\/04\\\/28\\\/prefeitura-de-macaiba-e-senac-promovem-acao-educativa-com-curso-manuseio-de-alimentos-na-apac\\\/#article\",\"isPartOf\":{\"@id\":\"https:\\\/\\\/nabocadopovorn.com.br\\\/index.php\\\/2026\\\/04\\\/28\\\/prefeitura-de-macaiba-e-senac-promovem-acao-educativa-com-curso-manuseio-de-alimentos-na-apac\\\/\"},\"author\":{\"name\":\"Na Boca do Povo RN\",\"@id\":\"https:\\\/\\\/nabocadopovorn.com.br\\\/#\\\/schema\\\/person\\\/4784d91e6eb0ee789392e2506451ee44\"},\"headline\":\"Prefeitura de Maca\u00edba e SENAC promovem a\u00e7\u00e3o educativa com curso manuseio de alimentos na APAC\",\"datePublished\":\"2026-04-28T16:58:29+00:00\",\"dateModified\":\"2026-04-28T16:58:33+00:00\",\"mainEntityOfPage\":{\"@id\":\"https:\\\/\\\/nabocadopovorn.com.br\\\/index.php\\\/2026\\\/04\\\/28\\\/prefeitura-de-macaiba-e-senac-promovem-acao-educativa-com-curso-manuseio-de-alimentos-na-apac\\\/\"},\"wordCount\":184,\"publisher\":{\"@id\":\"https:\\\/\\\/nabocadopovorn.com.br\\\/#organization\"},\"image\":{\"@id\":\"https:\\\/\\\/nabocadopovorn.com.br\\\/index.php\\\/2026\\\/04\\\/28\\\/prefeitura-de-macaiba-e-senac-promovem-acao-educativa-com-curso-manuseio-de-alimentos-na-apac\\\/#primaryimage\"},\"thumbnailUrl\":\"https:\\\/\\\/nabocadopovorn.com.br\\\/wp-content\\\/uploads\\\/2026\\\/04\\\/75a8b0d6-bb81-4306-88a6-ec1d762324f8-1024x910-1.jpg\",\"articleSection\":[\"Maca\u00edba\"],\"inLanguage\":\"pt-BR\"},{\"@type\":\"WebPage\",\"@id\":\"https:\\\/\\\/nabocadopovorn.com.br\\\/index.php\\\/2026\\\/04\\\/28\\\/prefeitura-de-macaiba-e-senac-promovem-acao-educativa-com-curso-manuseio-de-alimentos-na-apac\\\/\",\"url\":\"https:\\\/\\\/nabocadopovorn.com.br\\\/index.php\\\/2026\\\/04\\\/28\\\/prefeitura-de-macaiba-e-senac-promovem-acao-educativa-com-curso-manuseio-de-alimentos-na-apac\\\/\",\"name\":\"Prefeitura de Maca\u00edba e SENAC promovem a\u00e7\u00e3o educativa com curso manuseio de alimentos na APAC - Na Boca do Povo RN\",\"isPartOf\":{\"@id\":\"https:\\\/\\\/nabocadopovorn.com.br\\\/#website\"},\"primaryImageOfPage\":{\"@id\":\"https:\\\/\\\/nabocadopovorn.com.br\\\/index.php\\\/2026\\\/04\\\/28\\\/prefeitura-de-macaiba-e-senac-promovem-acao-educativa-com-curso-manuseio-de-alimentos-na-apac\\\/#primaryimage\"},\"image\":{\"@id\":\"https:\\\/\\\/nabocadopovorn.com.br\\\/index.php\\\/2026\\\/04\\\/28\\\/prefeitura-de-macaiba-e-senac-promovem-acao-educativa-com-curso-manuseio-de-alimentos-na-apac\\\/#primaryimage\"},\"thumbnailUrl\":\"https:\\\/\\\/nabocadopovorn.com.br\\\/wp-content\\\/uploads\\\/2026\\\/04\\\/75a8b0d6-bb81-4306-88a6-ec1d762324f8-1024x910-1.jpg\",\"datePublished\":\"2026-04-28T16:58:29+00:00\",\"dateModified\":\"2026-04-28T16:58:33+00:00\",\"breadcrumb\":{\"@id\":\"https:\\\/\\\/nabocadopovorn.com.br\\\/index.php\\\/2026\\\/04\\\/28\\\/prefeitura-de-macaiba-e-senac-promovem-acao-educativa-com-curso-manuseio-de-alimentos-na-apac\\\/#breadcrumb\"},\"inLanguage\":\"pt-BR\",\"potentialAction\":[{\"@type\":\"ReadAction\",\"target\":[\"https:\\\/\\\/nabocadopovorn.com.br\\\/index.php\\\/2026\\\/04\\\/28\\\/prefeitura-de-macaiba-e-senac-promovem-acao-educativa-com-curso-manuseio-de-alimentos-na-apac\\\/\"]}]},{\"@type\":\"ImageObject\",\"inLanguage\":\"pt-BR\",\"@id\":\"https:\\\/\\\/nabocadopovorn.com.br\\\/index.php\\\/2026\\\/04\\\/28\\\/prefeitura-de-macaiba-e-senac-promovem-acao-educativa-com-curso-manuseio-de-alimentos-na-apac\\\/#primaryimage\",\"url\":\"https:\\\/\\\/nabocadopovorn.com.br\\\/wp-content\\\/uploads\\\/2026\\\/04\\\/75a8b0d6-bb81-4306-88a6-ec1d762324f8-1024x910-1.jpg\",\"contentUrl\":\"https:\\\/\\\/nabocadopovorn.com.br\\\/wp-content\\\/uploads\\\/2026\\\/04\\\/75a8b0d6-bb81-4306-88a6-ec1d762324f8-1024x910-1.jpg\",\"width\":1024,\"height\":910},{\"@type\":\"BreadcrumbList\",\"@id\":\"https:\\\/\\\/nabocadopovorn.com.br\\\/index.php\\\/2026\\\/04\\\/28\\\/prefeitura-de-macaiba-e-senac-promovem-acao-educativa-com-curso-manuseio-de-alimentos-na-apac\\\/#breadcrumb\",\"itemListElement\":[{\"@type\":\"ListItem\",\"position\":1,\"name\":\"Home\",\"item\":\"https:\\\/\\\/nabocadopovorn.com.br\\\/\"},{\"@type\":\"ListItem\",\"position\":2,\"name\":\"Prefeitura de Maca\u00edba e SENAC promovem a\u00e7\u00e3o educativa com curso manuseio de alimentos na APAC\"}]},{\"@type\":\"WebSite\",\"@id\":\"https:\\\/\\\/nabocadopovorn.com.br\\\/#website\",\"url\":\"https:\\\/\\\/nabocadopovorn.com.br\\\/\",\"name\":\"Na Boca do Povo RN\",\"description\":\"Informa\u00e7\u00e3o Total\",\"publisher\":{\"@id\":\"https:\\\/\\\/nabocadopovorn.com.br\\\/#organization\"},\"potentialAction\":[{\"@type\":\"SearchAction\",\"target\":{\"@type\":\"EntryPoint\",\"urlTemplate\":\"https:\\\/\\\/nabocadopovorn.com.br\\\/?s={search_term_string}\"},\"query-input\":{\"@type\":\"PropertyValueSpecification\",\"valueRequired\":true,\"valueName\":\"search_term_string\"}}],\"inLanguage\":\"pt-BR\"},{\"@type\":\"Organization\",\"@id\":\"https:\\\/\\\/nabocadopovorn.com.br\\\/#organization\",\"name\":\"Na Boca do Povo RN\",\"url\":\"https:\\\/\\\/nabocadopovorn.com.br\\\/\",\"logo\":{\"@type\":\"ImageObject\",\"inLanguage\":\"pt-BR\",\"@id\":\"https:\\\/\\\/nabocadopovorn.com.br\\\/#\\\/schema\\\/logo\\\/image\\\/\",\"url\":\"https:\\\/\\\/nabocadopovorn.com.br\\\/wp-content\\\/uploads\\\/2026\\\/01\\\/cropped-logo.png\",\"contentUrl\":\"https:\\\/\\\/nabocadopovorn.com.br\\\/wp-content\\\/uploads\\\/2026\\\/01\\\/cropped-logo.png\",\"width\":900,\"height\":100,\"caption\":\"Na Boca do Povo RN\"},\"image\":{\"@id\":\"https:\\\/\\\/nabocadopovorn.com.br\\\/#\\\/schema\\\/logo\\\/image\\\/\"}},{\"@type\":\"Person\",\"@id\":\"https:\\\/\\\/nabocadopovorn.com.br\\\/#\\\/schema\\\/person\\\/4784d91e6eb0ee789392e2506451ee44\",\"name\":\"Na Boca do Povo RN\",\"image\":{\"@type\":\"ImageObject\",\"inLanguage\":\"pt-BR\",\"@id\":\"https:\\\/\\\/secure.gravatar.com\\\/avatar\\\/568abe1cbc790e8c79eadb7595ddaf9dccc533c248b489d4b018b6c00965b6ea?s=96&d=mm&r=g\",\"url\":\"https:\\\/\\\/secure.gravatar.com\\\/avatar\\\/568abe1cbc790e8c79eadb7595ddaf9dccc533c248b489d4b018b6c00965b6ea?s=96&d=mm&r=g\",\"contentUrl\":\"https:\\\/\\\/secure.gravatar.com\\\/avatar\\\/568abe1cbc790e8c79eadb7595ddaf9dccc533c248b489d4b018b6c00965b6ea?s=96&d=mm&r=g\",\"caption\":\"Na Boca do Povo RN\"},\"sameAs\":[\"http:\\\/\\\/nabocadopovorn.com.br\"],\"url\":\"https:\\\/\\\/nabocadopovorn.com.br\\\/index.php\\\/author\\\/nabocadopovorn23gmail-com\\\/\"}]}<\/script>\n<!-- \/ Yoast SEO plugin. -->","yoast_head_json":{"title":"Prefeitura de Maca\u00edba e SENAC promovem a\u00e7\u00e3o educativa com curso manuseio de alimentos na APAC - Na Boca do Povo RN","robots":{"index":"index","follow":"follow","max-snippet":"max-snippet:-1","max-image-preview":"max-image-preview:large","max-video-preview":"max-video-preview:-1"},"canonical":"https:\/\/nabocadopovorn.com.br\/index.php\/2026\/04\/28\/prefeitura-de-macaiba-e-senac-promovem-acao-educativa-com-curso-manuseio-de-alimentos-na-apac\/","og_locale":"pt_BR","og_type":"article","og_title":"Prefeitura de Maca\u00edba e SENAC promovem a\u00e7\u00e3o educativa com curso manuseio de alimentos na APAC - Na Boca do Povo RN","og_description":"A Prefeitura de Maca\u00edba, por meio da Secretaria de Trabalho, Habita\u00e7\u00e3o e Assist\u00eancia Social em parceria com o setor de Emprego e Renda, promoveu uma a\u00e7\u00e3o educativa no Centro de Ressocializa\u00e7\u00e3o M\u00e1rio Ottoboni (APAC-Maca\u00edba). A iniciativa contou com a articula\u00e7\u00e3o de um curso ministrado pelo professor Cipriano Medeiros, do SENAC-RN, levando conhecimento e capacita\u00e7\u00e3o aos [&hellip;]","og_url":"https:\/\/nabocadopovorn.com.br\/index.php\/2026\/04\/28\/prefeitura-de-macaiba-e-senac-promovem-acao-educativa-com-curso-manuseio-de-alimentos-na-apac\/","og_site_name":"Na Boca do Povo RN","article_published_time":"2026-04-28T16:58:29+00:00","article_modified_time":"2026-04-28T16:58:33+00:00","og_image":[{"width":1024,"height":910,"url":"https:\/\/nabocadopovorn.com.br\/wp-content\/uploads\/2026\/04\/75a8b0d6-bb81-4306-88a6-ec1d762324f8-1024x910-1.jpg","type":"image\/jpeg"}],"author":"Na Boca do Povo RN","twitter_card":"summary_large_image","twitter_misc":{"Escrito por":"Na Boca do Povo RN","Est. tempo de leitura":"1 minuto"},"schema":{"@context":"https:\/\/schema.org","@graph":[{"@type":"Article","@id":"https:\/\/nabocadopovorn.com.br\/index.php\/2026\/04\/28\/prefeitura-de-macaiba-e-senac-promovem-acao-educativa-com-curso-manuseio-de-alimentos-na-apac\/#article","isPartOf":{"@id":"https:\/\/nabocadopovorn.com.br\/index.php\/2026\/04\/28\/prefeitura-de-macaiba-e-senac-promovem-acao-educativa-com-curso-manuseio-de-alimentos-na-apac\/"},"author":{"name":"Na Boca do Povo RN","@id":"https:\/\/nabocadopovorn.com.br\/#\/schema\/person\/4784d91e6eb0ee789392e2506451ee44"},"headline":"Prefeitura de Maca\u00edba e SENAC promovem a\u00e7\u00e3o educativa com curso manuseio de alimentos na APAC","datePublished":"2026-04-28T16:58:29+00:00","dateModified":"2026-04-28T16:58:33+00:00","mainEntityOfPage":{"@id":"https:\/\/nabocadopovorn.com.br\/index.php\/2026\/04\/28\/prefeitura-de-macaiba-e-senac-promovem-acao-educativa-com-curso-manuseio-de-alimentos-na-apac\/"},"wordCount":184,"publisher":{"@id":"https:\/\/nabocadopovorn.com.br\/#organization"},"image":{"@id":"https:\/\/nabocadopovorn.com.br\/index.php\/2026\/04\/28\/prefeitura-de-macaiba-e-senac-promovem-acao-educativa-com-curso-manuseio-de-alimentos-na-apac\/#primaryimage"},"thumbnailUrl":"https:\/\/nabocadopovorn.com.br\/wp-content\/uploads\/2026\/04\/75a8b0d6-bb81-4306-88a6-ec1d762324f8-1024x910-1.jpg","articleSection":["Maca\u00edba"],"inLanguage":"pt-BR"},{"@type":"WebPage","@id":"https:\/\/nabocadopovorn.com.br\/index.php\/2026\/04\/28\/prefeitura-de-macaiba-e-senac-promovem-acao-educativa-com-curso-manuseio-de-alimentos-na-apac\/","url":"https:\/\/nabocadopovorn.com.br\/index.php\/2026\/04\/28\/prefeitura-de-macaiba-e-senac-promovem-acao-educativa-com-curso-manuseio-de-alimentos-na-apac\/","name":"Prefeitura de Maca\u00edba e SENAC promovem a\u00e7\u00e3o educativa com curso manuseio de alimentos na APAC - Na Boca do Povo RN","isPartOf":{"@id":"https:\/\/nabocadopovorn.com.br\/#website"},"primaryImageOfPage":{"@id":"https:\/\/nabocadopovorn.com.br\/index.php\/2026\/04\/28\/prefeitura-de-macaiba-e-senac-promovem-acao-educativa-com-curso-manuseio-de-alimentos-na-apac\/#primaryimage"},"image":{"@id":"https:\/\/nabocadopovorn.com.br\/index.php\/2026\/04\/28\/prefeitura-de-macaiba-e-senac-promovem-acao-educativa-com-curso-manuseio-de-alimentos-na-apac\/#primaryimage"},"thumbnailUrl":"https:\/\/nabocadopovorn.com.br\/wp-content\/uploads\/2026\/04\/75a8b0d6-bb81-4306-88a6-ec1d762324f8-1024x910-1.jpg","datePublished":"2026-04-28T16:58:29+00:00","dateModified":"2026-04-28T16:58:33+00:00","breadcrumb":{"@id":"https:\/\/nabocadopovorn.com.br\/index.php\/2026\/04\/28\/prefeitura-de-macaiba-e-senac-promovem-acao-educativa-com-curso-manuseio-de-alimentos-na-apac\/#breadcrumb"},"inLanguage":"pt-BR","potentialAction":[{"@type":"ReadAction","target":["https:\/\/nabocadopovorn.com.br\/index.php\/2026\/04\/28\/prefeitura-de-macaiba-e-senac-promovem-acao-educativa-com-curso-manuseio-de-alimentos-na-apac\/"]}]},{"@type":"ImageObject","inLanguage":"pt-BR","@id":"https:\/\/nabocadopovorn.com.br\/index.php\/2026\/04\/28\/prefeitura-de-macaiba-e-senac-promovem-acao-educativa-com-curso-manuseio-de-alimentos-na-apac\/#primaryimage","url":"https:\/\/nabocadopovorn.com.br\/wp-content\/uploads\/2026\/04\/75a8b0d6-bb81-4306-88a6-ec1d762324f8-1024x910-1.jpg","contentUrl":"https:\/\/nabocadopovorn.com.br\/wp-content\/uploads\/2026\/04\/75a8b0d6-bb81-4306-88a6-ec1d762324f8-1024x910-1.jpg","width":1024,"height":910},{"@type":"BreadcrumbList","@id":"https:\/\/nabocadopovorn.com.br\/index.php\/2026\/04\/28\/prefeitura-de-macaiba-e-senac-promovem-acao-educativa-com-curso-manuseio-de-alimentos-na-apac\/#breadcrumb","itemListElement":[{"@type":"ListItem","position":1,"name":"Home","item":"https:\/\/nabocadopovorn.com.br\/"},{"@type":"ListItem","position":2,"name":"Prefeitura de Maca\u00edba e SENAC promovem a\u00e7\u00e3o educativa com curso manuseio de alimentos na APAC"}]},{"@type":"WebSite","@id":"https:\/\/nabocadopovorn.com.br\/#website","url":"https:\/\/nabocadopovorn.com.br\/","name":"Na Boca do Povo RN","description":"Informa\u00e7\u00e3o Total","publisher":{"@id":"https:\/\/nabocadopovorn.com.br\/#organization"},"potentialAction":[{"@type":"SearchAction","target":{"@type":"EntryPoint","urlTemplate":"https:\/\/nabocadopovorn.com.br\/?s={search_term_string}"},"query-input":{"@type":"PropertyValueSpecification","valueRequired":true,"valueName":"search_term_string"}}],"inLanguage":"pt-BR"},{"@type":"Organization","@id":"https:\/\/nabocadopovorn.com.br\/#organization","name":"Na Boca do Povo RN","url":"https:\/\/nabocadopovorn.com.br\/","logo":{"@type":"ImageObject","inLanguage":"pt-BR","@id":"https:\/\/nabocadopovorn.com.br\/#\/schema\/logo\/image\/","url":"https:\/\/nabocadopovorn.com.br\/wp-content\/uploads\/2026\/01\/cropped-logo.png","contentUrl":"https:\/\/nabocadopovorn.com.br\/wp-content\/uploads\/2026\/01\/cropped-logo.png","width":900,"height":100,"caption":"Na Boca do Povo RN"},"image":{"@id":"https:\/\/nabocadopovorn.com.br\/#\/schema\/logo\/image\/"}},{"@type":"Person","@id":"https:\/\/nabocadopovorn.com.br\/#\/schema\/person\/4784d91e6eb0ee789392e2506451ee44","name":"Na Boca do Povo RN","image":{"@type":"ImageObject","inLanguage":"pt-BR","@id":"https:\/\/secure.gravatar.com\/avatar\/568abe1cbc790e8c79eadb7595ddaf9dccc533c248b489d4b018b6c00965b6ea?s=96&d=mm&r=g","url":"https:\/\/secure.gravatar.com\/avatar\/568abe1cbc790e8c79eadb7595ddaf9dccc533c248b489d4b018b6c00965b6ea?s=96&d=mm&r=g","contentUrl":"https:\/\/secure.gravatar.com\/avatar\/568abe1cbc790e8c79eadb7595ddaf9dccc533c248b489d4b018b6c00965b6ea?s=96&d=mm&r=g","caption":"Na Boca do Povo RN"},"sameAs":["http:\/\/nabocadopovorn.com.br"],"url":"https:\/\/nabocadopovorn.com.br\/index.php\/author\/nabocadopovorn23gmail-com\/"}]}},"_links":{"self":[{"href":"https:\/\/nabocadopovorn.com.br\/index.php\/wp-json\/wp\/v2\/posts\/7433","targetHints":{"allow":["GET"]}}],"collection":[{"href":"https:\/\/nabocadopovorn.com.br\/index.php\/wp-json\/wp\/v2\/posts"}],"about":[{"href":"https:\/\/nabocadopovorn.com.br\/index.php\/wp-json\/wp\/v2\/types\/post"}],"author":[{"embeddable":true,"href":"https:\/\/nabocadopovorn.com.br\/index.php\/wp-json\/wp\/v2\/users\/1"}],"replies":[{"embeddable":true,"href":"https:\/\/nabocadopovorn.com.br\/index.php\/wp-json\/wp\/v2\/comments?post=7433"}],"version-history":[{"count":1,"href":"https:\/\/nabocadopovorn.com.br\/index.php\/wp-json\/wp\/v2\/posts\/7433\/revisions"}],"predecessor-version":[{"id":7435,"href":"https:\/\/nabocadopovorn.com.br\/index.php\/wp-json\/wp\/v2\/posts\/7433\/revisions\/7435"}],"wp:featuredmedia":[{"embeddable":true,"href":"https:\/\/nabocadopovorn.com.br\/index.php\/wp-json\/wp\/v2\/media\/7434"}],"wp:attachment":[{"href":"https:\/\/nabocadopovorn.com.br\/index.php\/wp-json\/wp\/v2\/media?parent=7433"}],"wp:term":[{"taxonomy":"category","embeddable":true,"href":"https:\/\/nabocadopovorn.com.br\/index.php\/wp-json\/wp\/v2\/categories?post=7433"},{"taxonomy":"post_tag","embeddable":true,"href":"https:\/\/nabocadopovorn.com.br\/index.php\/wp-json\/wp\/v2\/tags?post=7433"}],"curies":[{"name":"wp","href":"https:\/\/api.w.org\/{rel}","templated":true}]}}