{"id":7416,"date":"2026-04-27T10:51:36","date_gmt":"2026-04-27T13:51:36","guid":{"rendered":"https:\/\/nabocadopovorn.com.br\/?p=7416"},"modified":"2026-04-27T10:51:39","modified_gmt":"2026-04-27T13:51:39","slug":"oiticica-chega-a-500-milhoes-de-metros-cubicos-e-muda-paisagem-no-sertao-do-rn","status":"publish","type":"post","link":"https:\/\/nabocadopovorn.com.br\/index.php\/2026\/04\/27\/oiticica-chega-a-500-milhoes-de-metros-cubicos-e-muda-paisagem-no-sertao-do-rn\/","title":{"rendered":"Oiticica chega a 500 milh\u00f5es de metros c\u00fabicos e muda paisagem no sert\u00e3o do RN"},"content":{"rendered":"\n<p>Parte importante do projeto da transposi\u00e7\u00e3o, constru\u00edda para assegurar o fornecimento de \u00e1gua para cidades e comunidades rurais e impulsionar o desenvolvimento do Serid\u00f3, regi\u00e3o com maior grau de vulnerabilidade h\u00eddrica do Rio Grande do Norte, a Barragem Oiticica ultrapassou neste domingo (26), a marca de 500 milh\u00f5es de metros c\u00fabicos armazenados em sua bacia.<\/p>\n\n\n\n<p>S\u00e3o 504.656.782 m\u00b3, 67,96% da capacidade, segundo registros do Instituto de Gest\u00e3o de \u00c1guas do Rio Grande do Norte (IGARN), que acompanha diariamente a evolu\u00e7\u00e3o volum\u00e9trica da barragem e de outros 68 reservat\u00f3rios p\u00fablicos do Estado.<\/p>\n\n\n\n<p>A grande quantidade de \u00e1gua acumulada na barragem veio das chuvas na Bacia Hidrogr\u00e1fica Pianc\u00f3-Piranhas-A\u00e7u. O monitoramento do IGARN mostra que entre 17 e 25 de abril, Oiticica recebeu, em m\u00e9dia, 8,5 milh\u00f5es de metros c\u00fabicos por dia.<\/p>\n\n\n\n<p>Diferente de outras barragens, Oiticica n\u00e3o \u00e9 apenas mais um grande reservat\u00f3rio para acumular \u00e1gua. \u201c\u00c9 mais do que isso: \u00c9 uma das maiores conquistas, do ponto de vista de cidadania e de dignidade, do povo do Serid\u00f3. Oiticica \u00e9 um complexo hidrossocial. \u00c9 uma barragem que traz, al\u00e9m do abastecimento humano, o desenvolvimento com justi\u00e7a e inclus\u00e3o social, fortalecendo a agricultura e a piscicultura, fomentando tamb\u00e9m o turismo. \u00c9 \u00e1gua chegando, \u00e9 vida mudando, \u00e9 dignidade se concretizando\u201d, definiu a governadora F\u00e1tima Bezerra, que na semana passada visitou a barragem.<\/p>\n\n\n\n<p>Com o aumento de volume e a pavimenta\u00e7\u00e3o asf\u00e1ltica da estrada de acesso a Barra de Santana, a barragem entrou no roteiro tur\u00edstico das \u00e1guas. A presen\u00e7a de milhares de visitantes nos finais de semana criou oportunidades de neg\u00f3cio em uma regi\u00e3o que at\u00e9 bem pouco tempo tinha a agricultura de subsist\u00eancia como atividade principal.<\/p>\n\n\n\n<p>\u201cAs pessoas que aqui chegam, voltam levando tucunar\u00e9, til\u00e1pia e outros tipos de peixes\u201d, diz o jovem L\u00e1zaro Lucas, morador da Agrovila Raimundo Nonato. De olho nesse novo mercado, o pai dele, o agricultor Francisco Evaldo, planeja adquirir canoa e os apetrechos para ter a pesca como fonte principal de renda da fam\u00edlia. J\u00e1 o agricultor Renildo Marques lembra das dificuldades enfrentadas pelos moradores quando n\u00e3o havia a barragem: \u201cem anos de seca, o sofrimento era grande. Sem abastecimento regular, minha fam\u00edlia retirava \u00e1gua salobra de um po\u00e7o. Quando n\u00e3o, a gente dependia do caminh\u00e3o\u2011pipa. Est\u00e1vamos precisando demais. A barragem veio no momento certo.\u201d<\/p>\n\n\n\n<p>Al\u00e9m do reservat\u00f3rio com capacidade para armazenar 742,6 milh\u00f5es de metros c\u00fabicos de \u00e1gua, o Complexo Hidrossocial Oiticica \u00e9 formado pela comunidade Nova Barra de Santana, totalmente saneada e com sistema de tratamento de esgoto; tr\u00eas agrovilas para assentamento de pequenos produtores, trabalhadores rurais e sem terras; rede de energia el\u00e9trica para uso residencial e produ\u00e7\u00e3o de culturas irrigadas em at\u00e9 10 mil hectares; e 128 quil\u00f4metros de estradas de acesso a estabelecimentos rurais da regi\u00e3o.<\/p>\n\n\n\n<p>O reservat\u00f3rio foi dimensionado para abastecimento de at\u00e9 2 milh\u00f5es de pessoas, atrav\u00e9s do Sistema Adutor do Serid\u00f3, que est\u00e1 em fase final de constru\u00e7\u00e3o. Com Oiticica, afirma o secret\u00e1rio de Estado do Meio Ambiente e dos Recursos H\u00eddricos (Semarh), Paulo Varella, o Serid\u00f3 ser\u00e1 uma das poucas regi\u00f5es semi\u00e1ridas do mundo que ter\u00e1 100% de garantia h\u00eddrica. \u201cO enchimento de Oiticica, somada \u00e0 conquista da transposi\u00e7\u00e3o, anuncia uma nova era e aponta um importante passo na dire\u00e7\u00e3o da consolida\u00e7\u00e3o da seguran\u00e7a h\u00eddrica no territ\u00f3rio do Serid\u00f3\u201d, comemora o secret\u00e1rio.<\/p>\n\n\n\n<p>Transposi\u00e7\u00e3o<br>Como parte do plano estrat\u00e9gico de seguran\u00e7a h\u00eddrica do Governo do RN, Oiticica come\u00e7ou a receber \u00e1guas do S\u00e3o Francisco de forma planejada, via canais da transposi\u00e7\u00e3o, em agosto do ano passado. Foram 78 milh\u00f5es em 2025 e em 2026 (dados parciais) 28 milh\u00f5es.<\/p>\n\n\n\n<p>Engenheiro agr\u00f4nomo que participou da luta dos movimentos sociais durante a constru\u00e7\u00e3o da barragem e hoje comanda o IGARN, Proc\u00f3pio Lucena considera este 26 de abril como um marco da hist\u00f3ria de Oiticica. \u201cVamos celebrar e comemorar este grande dia. \u00c9 festa da democracia, da solidariedade e da justi\u00e7a h\u00eddrica no Serid\u00f3 Potiguar. Valeu o sonho e a luta do povo do Serid\u00f3!\u201d<\/p>\n\n\n\n<p>O primeiro projeto para erguer uma barragem na regi\u00e3o \u2013 a Boqueir\u00e3o de Oiticica \u2013 \u00e9 de 1952, mas a ordem de servi\u00e7o e o in\u00edcio das obras ocorreram em junho de 2013. Proc\u00f3pio lembra que o projeto original n\u00e3o inclu\u00eda as agrovilas. Oiticica foi inaugurada no Dia de S\u00e3o Jos\u00e9 de 2025 (19 de mar\u00e7o) pelo presidente Lula e pela governadora F\u00e1tima Bezerra.<\/p>\n\n\n\n<p>DADOS T\u00c9CNICOS<br>Barragem Oiticica<\/p>\n\n\n\n<p>Capacidade: 742,6 milh\u00f5es m\u00b3<br>Volume Atual: 504.656.782 (67,96%)<br>In\u00edcio da constru\u00e7\u00e3o: 26\/06\/2013<br>Inaugura\u00e7\u00e3o: 19\/03\/2025<br>Bacia Hidrogr\u00e1fica: Pianc\u00f3-Piranhas-A\u00e7u<br>Localiza\u00e7\u00e3o: Jucurutu\/RN<br>Abastecimento humano: 2 milh\u00f5es de pessoas<br>Irriga\u00e7\u00e3o: At\u00e9 10 mil hectares<\/p>\n\n\n\n<p><strong>Fonte: Assecom-RN<\/strong><\/p>\n","protected":false},"excerpt":{"rendered":"<p>Parte importante do projeto da transposi\u00e7\u00e3o, constru\u00edda para assegurar o fornecimento de \u00e1gua para cidades e comunidades rurais e impulsionar o desenvolvimento do Serid\u00f3, regi\u00e3o com maior grau de vulnerabilidade h\u00eddrica do Rio Grande do Norte, a Barragem Oiticica ultrapassou neste domingo (26), a marca de 500 milh\u00f5es de metros c\u00fabicos armazenados em sua bacia. [&hellip;]<\/p>\n","protected":false},"author":1,"featured_media":7417,"comment_status":"closed","ping_status":"open","sticky":false,"template":"","format":"standard","meta":{"footnotes":""},"categories":[18],"tags":[],"class_list":["post-7416","post","type-post","status-publish","format-standard","has-post-thumbnail","hentry","category-rn"],"yoast_head":"<!-- This site is optimized with the Yoast SEO plugin v27.4 - https:\/\/yoast.com\/product\/yoast-seo-wordpress\/ -->\n<title>Oiticica chega a 500 milh\u00f5es de metros c\u00fabicos e muda paisagem no sert\u00e3o do RN - Na Boca do Povo RN<\/title>\n<meta name=\"robots\" content=\"index, follow, max-snippet:-1, max-image-preview:large, max-video-preview:-1\" \/>\n<link rel=\"canonical\" href=\"https:\/\/nabocadopovorn.com.br\/index.php\/2026\/04\/27\/oiticica-chega-a-500-milhoes-de-metros-cubicos-e-muda-paisagem-no-sertao-do-rn\/\" \/>\n<meta property=\"og:locale\" content=\"pt_BR\" \/>\n<meta property=\"og:type\" content=\"article\" \/>\n<meta property=\"og:title\" content=\"Oiticica chega a 500 milh\u00f5es de metros c\u00fabicos e muda paisagem no sert\u00e3o do RN - Na Boca do Povo RN\" \/>\n<meta property=\"og:description\" content=\"Parte importante do projeto da transposi\u00e7\u00e3o, constru\u00edda para assegurar o fornecimento de \u00e1gua para cidades e comunidades rurais e impulsionar o desenvolvimento do Serid\u00f3, regi\u00e3o com maior grau de vulnerabilidade h\u00eddrica do Rio Grande do Norte, a Barragem Oiticica ultrapassou neste domingo (26), a marca de 500 milh\u00f5es de metros c\u00fabicos armazenados em sua bacia. [&hellip;]\" \/>\n<meta property=\"og:url\" content=\"https:\/\/nabocadopovorn.com.br\/index.php\/2026\/04\/27\/oiticica-chega-a-500-milhoes-de-metros-cubicos-e-muda-paisagem-no-sertao-do-rn\/\" \/>\n<meta property=\"og:site_name\" content=\"Na Boca do Povo RN\" \/>\n<meta property=\"article:published_time\" content=\"2026-04-27T13:51:36+00:00\" \/>\n<meta property=\"article:modified_time\" content=\"2026-04-27T13:51:39+00:00\" \/>\n<meta property=\"og:image\" content=\"https:\/\/nabocadopovorn.com.br\/wp-content\/uploads\/2026\/04\/oiticica.jpg\" \/>\n\t<meta property=\"og:image:width\" content=\"1920\" \/>\n\t<meta property=\"og:image:height\" content=\"1080\" \/>\n\t<meta property=\"og:image:type\" content=\"image\/jpeg\" \/>\n<meta name=\"author\" content=\"Na Boca do Povo RN\" \/>\n<meta name=\"twitter:card\" content=\"summary_large_image\" \/>\n<meta name=\"twitter:label1\" content=\"Escrito por\" \/>\n\t<meta name=\"twitter:data1\" content=\"Na Boca do Povo RN\" \/>\n\t<meta name=\"twitter:label2\" content=\"Est. tempo de leitura\" \/>\n\t<meta name=\"twitter:data2\" content=\"5 minutos\" \/>\n<script type=\"application\/ld+json\" class=\"yoast-schema-graph\">{\"@context\":\"https:\\\/\\\/schema.org\",\"@graph\":[{\"@type\":\"Article\",\"@id\":\"https:\\\/\\\/nabocadopovorn.com.br\\\/index.php\\\/2026\\\/04\\\/27\\\/oiticica-chega-a-500-milhoes-de-metros-cubicos-e-muda-paisagem-no-sertao-do-rn\\\/#article\",\"isPartOf\":{\"@id\":\"https:\\\/\\\/nabocadopovorn.com.br\\\/index.php\\\/2026\\\/04\\\/27\\\/oiticica-chega-a-500-milhoes-de-metros-cubicos-e-muda-paisagem-no-sertao-do-rn\\\/\"},\"author\":{\"name\":\"Na Boca do Povo RN\",\"@id\":\"https:\\\/\\\/nabocadopovorn.com.br\\\/#\\\/schema\\\/person\\\/4784d91e6eb0ee789392e2506451ee44\"},\"headline\":\"Oiticica chega a 500 milh\u00f5es de metros c\u00fabicos e muda paisagem no sert\u00e3o do RN\",\"datePublished\":\"2026-04-27T13:51:36+00:00\",\"dateModified\":\"2026-04-27T13:51:39+00:00\",\"mainEntityOfPage\":{\"@id\":\"https:\\\/\\\/nabocadopovorn.com.br\\\/index.php\\\/2026\\\/04\\\/27\\\/oiticica-chega-a-500-milhoes-de-metros-cubicos-e-muda-paisagem-no-sertao-do-rn\\\/\"},\"wordCount\":826,\"publisher\":{\"@id\":\"https:\\\/\\\/nabocadopovorn.com.br\\\/#organization\"},\"image\":{\"@id\":\"https:\\\/\\\/nabocadopovorn.com.br\\\/index.php\\\/2026\\\/04\\\/27\\\/oiticica-chega-a-500-milhoes-de-metros-cubicos-e-muda-paisagem-no-sertao-do-rn\\\/#primaryimage\"},\"thumbnailUrl\":\"https:\\\/\\\/nabocadopovorn.com.br\\\/wp-content\\\/uploads\\\/2026\\\/04\\\/oiticica.jpg\",\"articleSection\":[\"RN\"],\"inLanguage\":\"pt-BR\"},{\"@type\":\"WebPage\",\"@id\":\"https:\\\/\\\/nabocadopovorn.com.br\\\/index.php\\\/2026\\\/04\\\/27\\\/oiticica-chega-a-500-milhoes-de-metros-cubicos-e-muda-paisagem-no-sertao-do-rn\\\/\",\"url\":\"https:\\\/\\\/nabocadopovorn.com.br\\\/index.php\\\/2026\\\/04\\\/27\\\/oiticica-chega-a-500-milhoes-de-metros-cubicos-e-muda-paisagem-no-sertao-do-rn\\\/\",\"name\":\"Oiticica chega a 500 milh\u00f5es de metros c\u00fabicos e muda paisagem no sert\u00e3o do RN - Na Boca do Povo RN\",\"isPartOf\":{\"@id\":\"https:\\\/\\\/nabocadopovorn.com.br\\\/#website\"},\"primaryImageOfPage\":{\"@id\":\"https:\\\/\\\/nabocadopovorn.com.br\\\/index.php\\\/2026\\\/04\\\/27\\\/oiticica-chega-a-500-milhoes-de-metros-cubicos-e-muda-paisagem-no-sertao-do-rn\\\/#primaryimage\"},\"image\":{\"@id\":\"https:\\\/\\\/nabocadopovorn.com.br\\\/index.php\\\/2026\\\/04\\\/27\\\/oiticica-chega-a-500-milhoes-de-metros-cubicos-e-muda-paisagem-no-sertao-do-rn\\\/#primaryimage\"},\"thumbnailUrl\":\"https:\\\/\\\/nabocadopovorn.com.br\\\/wp-content\\\/uploads\\\/2026\\\/04\\\/oiticica.jpg\",\"datePublished\":\"2026-04-27T13:51:36+00:00\",\"dateModified\":\"2026-04-27T13:51:39+00:00\",\"breadcrumb\":{\"@id\":\"https:\\\/\\\/nabocadopovorn.com.br\\\/index.php\\\/2026\\\/04\\\/27\\\/oiticica-chega-a-500-milhoes-de-metros-cubicos-e-muda-paisagem-no-sertao-do-rn\\\/#breadcrumb\"},\"inLanguage\":\"pt-BR\",\"potentialAction\":[{\"@type\":\"ReadAction\",\"target\":[\"https:\\\/\\\/nabocadopovorn.com.br\\\/index.php\\\/2026\\\/04\\\/27\\\/oiticica-chega-a-500-milhoes-de-metros-cubicos-e-muda-paisagem-no-sertao-do-rn\\\/\"]}]},{\"@type\":\"ImageObject\",\"inLanguage\":\"pt-BR\",\"@id\":\"https:\\\/\\\/nabocadopovorn.com.br\\\/index.php\\\/2026\\\/04\\\/27\\\/oiticica-chega-a-500-milhoes-de-metros-cubicos-e-muda-paisagem-no-sertao-do-rn\\\/#primaryimage\",\"url\":\"https:\\\/\\\/nabocadopovorn.com.br\\\/wp-content\\\/uploads\\\/2026\\\/04\\\/oiticica.jpg\",\"contentUrl\":\"https:\\\/\\\/nabocadopovorn.com.br\\\/wp-content\\\/uploads\\\/2026\\\/04\\\/oiticica.jpg\",\"width\":1920,\"height\":1080},{\"@type\":\"BreadcrumbList\",\"@id\":\"https:\\\/\\\/nabocadopovorn.com.br\\\/index.php\\\/2026\\\/04\\\/27\\\/oiticica-chega-a-500-milhoes-de-metros-cubicos-e-muda-paisagem-no-sertao-do-rn\\\/#breadcrumb\",\"itemListElement\":[{\"@type\":\"ListItem\",\"position\":1,\"name\":\"Home\",\"item\":\"https:\\\/\\\/nabocadopovorn.com.br\\\/\"},{\"@type\":\"ListItem\",\"position\":2,\"name\":\"Oiticica chega a 500 milh\u00f5es de metros c\u00fabicos e muda paisagem no sert\u00e3o do RN\"}]},{\"@type\":\"WebSite\",\"@id\":\"https:\\\/\\\/nabocadopovorn.com.br\\\/#website\",\"url\":\"https:\\\/\\\/nabocadopovorn.com.br\\\/\",\"name\":\"Na Boca do Povo RN\",\"description\":\"Informa\u00e7\u00e3o Total\",\"publisher\":{\"@id\":\"https:\\\/\\\/nabocadopovorn.com.br\\\/#organization\"},\"potentialAction\":[{\"@type\":\"SearchAction\",\"target\":{\"@type\":\"EntryPoint\",\"urlTemplate\":\"https:\\\/\\\/nabocadopovorn.com.br\\\/?s={search_term_string}\"},\"query-input\":{\"@type\":\"PropertyValueSpecification\",\"valueRequired\":true,\"valueName\":\"search_term_string\"}}],\"inLanguage\":\"pt-BR\"},{\"@type\":\"Organization\",\"@id\":\"https:\\\/\\\/nabocadopovorn.com.br\\\/#organization\",\"name\":\"Na Boca do Povo RN\",\"url\":\"https:\\\/\\\/nabocadopovorn.com.br\\\/\",\"logo\":{\"@type\":\"ImageObject\",\"inLanguage\":\"pt-BR\",\"@id\":\"https:\\\/\\\/nabocadopovorn.com.br\\\/#\\\/schema\\\/logo\\\/image\\\/\",\"url\":\"https:\\\/\\\/nabocadopovorn.com.br\\\/wp-content\\\/uploads\\\/2026\\\/01\\\/cropped-logo.png\",\"contentUrl\":\"https:\\\/\\\/nabocadopovorn.com.br\\\/wp-content\\\/uploads\\\/2026\\\/01\\\/cropped-logo.png\",\"width\":900,\"height\":100,\"caption\":\"Na Boca do Povo RN\"},\"image\":{\"@id\":\"https:\\\/\\\/nabocadopovorn.com.br\\\/#\\\/schema\\\/logo\\\/image\\\/\"}},{\"@type\":\"Person\",\"@id\":\"https:\\\/\\\/nabocadopovorn.com.br\\\/#\\\/schema\\\/person\\\/4784d91e6eb0ee789392e2506451ee44\",\"name\":\"Na Boca do Povo RN\",\"image\":{\"@type\":\"ImageObject\",\"inLanguage\":\"pt-BR\",\"@id\":\"https:\\\/\\\/secure.gravatar.com\\\/avatar\\\/568abe1cbc790e8c79eadb7595ddaf9dccc533c248b489d4b018b6c00965b6ea?s=96&d=mm&r=g\",\"url\":\"https:\\\/\\\/secure.gravatar.com\\\/avatar\\\/568abe1cbc790e8c79eadb7595ddaf9dccc533c248b489d4b018b6c00965b6ea?s=96&d=mm&r=g\",\"contentUrl\":\"https:\\\/\\\/secure.gravatar.com\\\/avatar\\\/568abe1cbc790e8c79eadb7595ddaf9dccc533c248b489d4b018b6c00965b6ea?s=96&d=mm&r=g\",\"caption\":\"Na Boca do Povo RN\"},\"sameAs\":[\"http:\\\/\\\/nabocadopovorn.com.br\"],\"url\":\"https:\\\/\\\/nabocadopovorn.com.br\\\/index.php\\\/author\\\/nabocadopovorn23gmail-com\\\/\"}]}<\/script>\n<!-- \/ Yoast SEO plugin. -->","yoast_head_json":{"title":"Oiticica chega a 500 milh\u00f5es de metros c\u00fabicos e muda paisagem no sert\u00e3o do RN - Na Boca do Povo RN","robots":{"index":"index","follow":"follow","max-snippet":"max-snippet:-1","max-image-preview":"max-image-preview:large","max-video-preview":"max-video-preview:-1"},"canonical":"https:\/\/nabocadopovorn.com.br\/index.php\/2026\/04\/27\/oiticica-chega-a-500-milhoes-de-metros-cubicos-e-muda-paisagem-no-sertao-do-rn\/","og_locale":"pt_BR","og_type":"article","og_title":"Oiticica chega a 500 milh\u00f5es de metros c\u00fabicos e muda paisagem no sert\u00e3o do RN - Na Boca do Povo RN","og_description":"Parte importante do projeto da transposi\u00e7\u00e3o, constru\u00edda para assegurar o fornecimento de \u00e1gua para cidades e comunidades rurais e impulsionar o desenvolvimento do Serid\u00f3, regi\u00e3o com maior grau de vulnerabilidade h\u00eddrica do Rio Grande do Norte, a Barragem Oiticica ultrapassou neste domingo (26), a marca de 500 milh\u00f5es de metros c\u00fabicos armazenados em sua bacia. [&hellip;]","og_url":"https:\/\/nabocadopovorn.com.br\/index.php\/2026\/04\/27\/oiticica-chega-a-500-milhoes-de-metros-cubicos-e-muda-paisagem-no-sertao-do-rn\/","og_site_name":"Na Boca do Povo RN","article_published_time":"2026-04-27T13:51:36+00:00","article_modified_time":"2026-04-27T13:51:39+00:00","og_image":[{"width":1920,"height":1080,"url":"https:\/\/nabocadopovorn.com.br\/wp-content\/uploads\/2026\/04\/oiticica.jpg","type":"image\/jpeg"}],"author":"Na Boca do Povo RN","twitter_card":"summary_large_image","twitter_misc":{"Escrito por":"Na Boca do Povo RN","Est. tempo de leitura":"5 minutos"},"schema":{"@context":"https:\/\/schema.org","@graph":[{"@type":"Article","@id":"https:\/\/nabocadopovorn.com.br\/index.php\/2026\/04\/27\/oiticica-chega-a-500-milhoes-de-metros-cubicos-e-muda-paisagem-no-sertao-do-rn\/#article","isPartOf":{"@id":"https:\/\/nabocadopovorn.com.br\/index.php\/2026\/04\/27\/oiticica-chega-a-500-milhoes-de-metros-cubicos-e-muda-paisagem-no-sertao-do-rn\/"},"author":{"name":"Na Boca do Povo RN","@id":"https:\/\/nabocadopovorn.com.br\/#\/schema\/person\/4784d91e6eb0ee789392e2506451ee44"},"headline":"Oiticica chega a 500 milh\u00f5es de metros c\u00fabicos e muda paisagem no sert\u00e3o do RN","datePublished":"2026-04-27T13:51:36+00:00","dateModified":"2026-04-27T13:51:39+00:00","mainEntityOfPage":{"@id":"https:\/\/nabocadopovorn.com.br\/index.php\/2026\/04\/27\/oiticica-chega-a-500-milhoes-de-metros-cubicos-e-muda-paisagem-no-sertao-do-rn\/"},"wordCount":826,"publisher":{"@id":"https:\/\/nabocadopovorn.com.br\/#organization"},"image":{"@id":"https:\/\/nabocadopovorn.com.br\/index.php\/2026\/04\/27\/oiticica-chega-a-500-milhoes-de-metros-cubicos-e-muda-paisagem-no-sertao-do-rn\/#primaryimage"},"thumbnailUrl":"https:\/\/nabocadopovorn.com.br\/wp-content\/uploads\/2026\/04\/oiticica.jpg","articleSection":["RN"],"inLanguage":"pt-BR"},{"@type":"WebPage","@id":"https:\/\/nabocadopovorn.com.br\/index.php\/2026\/04\/27\/oiticica-chega-a-500-milhoes-de-metros-cubicos-e-muda-paisagem-no-sertao-do-rn\/","url":"https:\/\/nabocadopovorn.com.br\/index.php\/2026\/04\/27\/oiticica-chega-a-500-milhoes-de-metros-cubicos-e-muda-paisagem-no-sertao-do-rn\/","name":"Oiticica chega a 500 milh\u00f5es de metros c\u00fabicos e muda paisagem no sert\u00e3o do RN - Na Boca do Povo RN","isPartOf":{"@id":"https:\/\/nabocadopovorn.com.br\/#website"},"primaryImageOfPage":{"@id":"https:\/\/nabocadopovorn.com.br\/index.php\/2026\/04\/27\/oiticica-chega-a-500-milhoes-de-metros-cubicos-e-muda-paisagem-no-sertao-do-rn\/#primaryimage"},"image":{"@id":"https:\/\/nabocadopovorn.com.br\/index.php\/2026\/04\/27\/oiticica-chega-a-500-milhoes-de-metros-cubicos-e-muda-paisagem-no-sertao-do-rn\/#primaryimage"},"thumbnailUrl":"https:\/\/nabocadopovorn.com.br\/wp-content\/uploads\/2026\/04\/oiticica.jpg","datePublished":"2026-04-27T13:51:36+00:00","dateModified":"2026-04-27T13:51:39+00:00","breadcrumb":{"@id":"https:\/\/nabocadopovorn.com.br\/index.php\/2026\/04\/27\/oiticica-chega-a-500-milhoes-de-metros-cubicos-e-muda-paisagem-no-sertao-do-rn\/#breadcrumb"},"inLanguage":"pt-BR","potentialAction":[{"@type":"ReadAction","target":["https:\/\/nabocadopovorn.com.br\/index.php\/2026\/04\/27\/oiticica-chega-a-500-milhoes-de-metros-cubicos-e-muda-paisagem-no-sertao-do-rn\/"]}]},{"@type":"ImageObject","inLanguage":"pt-BR","@id":"https:\/\/nabocadopovorn.com.br\/index.php\/2026\/04\/27\/oiticica-chega-a-500-milhoes-de-metros-cubicos-e-muda-paisagem-no-sertao-do-rn\/#primaryimage","url":"https:\/\/nabocadopovorn.com.br\/wp-content\/uploads\/2026\/04\/oiticica.jpg","contentUrl":"https:\/\/nabocadopovorn.com.br\/wp-content\/uploads\/2026\/04\/oiticica.jpg","width":1920,"height":1080},{"@type":"BreadcrumbList","@id":"https:\/\/nabocadopovorn.com.br\/index.php\/2026\/04\/27\/oiticica-chega-a-500-milhoes-de-metros-cubicos-e-muda-paisagem-no-sertao-do-rn\/#breadcrumb","itemListElement":[{"@type":"ListItem","position":1,"name":"Home","item":"https:\/\/nabocadopovorn.com.br\/"},{"@type":"ListItem","position":2,"name":"Oiticica chega a 500 milh\u00f5es de metros c\u00fabicos e muda paisagem no sert\u00e3o do RN"}]},{"@type":"WebSite","@id":"https:\/\/nabocadopovorn.com.br\/#website","url":"https:\/\/nabocadopovorn.com.br\/","name":"Na Boca do Povo RN","description":"Informa\u00e7\u00e3o Total","publisher":{"@id":"https:\/\/nabocadopovorn.com.br\/#organization"},"potentialAction":[{"@type":"SearchAction","target":{"@type":"EntryPoint","urlTemplate":"https:\/\/nabocadopovorn.com.br\/?s={search_term_string}"},"query-input":{"@type":"PropertyValueSpecification","valueRequired":true,"valueName":"search_term_string"}}],"inLanguage":"pt-BR"},{"@type":"Organization","@id":"https:\/\/nabocadopovorn.com.br\/#organization","name":"Na Boca do Povo RN","url":"https:\/\/nabocadopovorn.com.br\/","logo":{"@type":"ImageObject","inLanguage":"pt-BR","@id":"https:\/\/nabocadopovorn.com.br\/#\/schema\/logo\/image\/","url":"https:\/\/nabocadopovorn.com.br\/wp-content\/uploads\/2026\/01\/cropped-logo.png","contentUrl":"https:\/\/nabocadopovorn.com.br\/wp-content\/uploads\/2026\/01\/cropped-logo.png","width":900,"height":100,"caption":"Na Boca do Povo RN"},"image":{"@id":"https:\/\/nabocadopovorn.com.br\/#\/schema\/logo\/image\/"}},{"@type":"Person","@id":"https:\/\/nabocadopovorn.com.br\/#\/schema\/person\/4784d91e6eb0ee789392e2506451ee44","name":"Na Boca do Povo RN","image":{"@type":"ImageObject","inLanguage":"pt-BR","@id":"https:\/\/secure.gravatar.com\/avatar\/568abe1cbc790e8c79eadb7595ddaf9dccc533c248b489d4b018b6c00965b6ea?s=96&d=mm&r=g","url":"https:\/\/secure.gravatar.com\/avatar\/568abe1cbc790e8c79eadb7595ddaf9dccc533c248b489d4b018b6c00965b6ea?s=96&d=mm&r=g","contentUrl":"https:\/\/secure.gravatar.com\/avatar\/568abe1cbc790e8c79eadb7595ddaf9dccc533c248b489d4b018b6c00965b6ea?s=96&d=mm&r=g","caption":"Na Boca do Povo RN"},"sameAs":["http:\/\/nabocadopovorn.com.br"],"url":"https:\/\/nabocadopovorn.com.br\/index.php\/author\/nabocadopovorn23gmail-com\/"}]}},"_links":{"self":[{"href":"https:\/\/nabocadopovorn.com.br\/index.php\/wp-json\/wp\/v2\/posts\/7416","targetHints":{"allow":["GET"]}}],"collection":[{"href":"https:\/\/nabocadopovorn.com.br\/index.php\/wp-json\/wp\/v2\/posts"}],"about":[{"href":"https:\/\/nabocadopovorn.com.br\/index.php\/wp-json\/wp\/v2\/types\/post"}],"author":[{"embeddable":true,"href":"https:\/\/nabocadopovorn.com.br\/index.php\/wp-json\/wp\/v2\/users\/1"}],"replies":[{"embeddable":true,"href":"https:\/\/nabocadopovorn.com.br\/index.php\/wp-json\/wp\/v2\/comments?post=7416"}],"version-history":[{"count":1,"href":"https:\/\/nabocadopovorn.com.br\/index.php\/wp-json\/wp\/v2\/posts\/7416\/revisions"}],"predecessor-version":[{"id":7418,"href":"https:\/\/nabocadopovorn.com.br\/index.php\/wp-json\/wp\/v2\/posts\/7416\/revisions\/7418"}],"wp:featuredmedia":[{"embeddable":true,"href":"https:\/\/nabocadopovorn.com.br\/index.php\/wp-json\/wp\/v2\/media\/7417"}],"wp:attachment":[{"href":"https:\/\/nabocadopovorn.com.br\/index.php\/wp-json\/wp\/v2\/media?parent=7416"}],"wp:term":[{"taxonomy":"category","embeddable":true,"href":"https:\/\/nabocadopovorn.com.br\/index.php\/wp-json\/wp\/v2\/categories?post=7416"},{"taxonomy":"post_tag","embeddable":true,"href":"https:\/\/nabocadopovorn.com.br\/index.php\/wp-json\/wp\/v2\/tags?post=7416"}],"curies":[{"name":"wp","href":"https:\/\/api.w.org\/{rel}","templated":true}]}}