{"id":7413,"date":"2026-04-27T10:41:59","date_gmt":"2026-04-27T13:41:59","guid":{"rendered":"https:\/\/nabocadopovorn.com.br\/?p=7413"},"modified":"2026-04-27T10:42:04","modified_gmt":"2026-04-27T13:42:04","slug":"prf-captura-foragido-por-homicidio-e-prende-mais-dois-homens-em-rodovias-federais-do-rn","status":"publish","type":"post","link":"https:\/\/nabocadopovorn.com.br\/index.php\/2026\/04\/27\/prf-captura-foragido-por-homicidio-e-prende-mais-dois-homens-em-rodovias-federais-do-rn\/","title":{"rendered":"PRF captura foragido por homic\u00eddio e prende mais dois homens em rodovias federais do RN"},"content":{"rendered":"\n<p>A Pol\u00edcia Rodovi\u00e1ria Federal (PRF) registrou, neste domingo (26), tr\u00eas ocorr\u00eancias nas rodovias federais do Rio Grande do Norte, resultando na pris\u00e3o de tr\u00eas homens por diversos crimes.<\/p>\n\n\n\n<p>Em Natal, no km 85 da BR-101, por volta das 14h10, um homem de 69 anos foi preso durante abordagem a uma motocicleta. Ap\u00f3s consultas aos sistemas, foi constatado que havia contra ele um mandado de pris\u00e3o em aberto pelo crime de homic\u00eddio, expedido pela 1\u00aa Vara Criminal da Comarca de Natal (TJRN).<\/p>\n\n\n\n<p>J\u00e1 no munic\u00edpio de Cear\u00e1-Mirim, no km 150 da BR-406, por volta das 20h45, um homem foi preso por conduzir ve\u00edculo sob efeito de \u00e1lcool. O condutor se envolveu em um sinistro sem v\u00edtimas, sendo submetido ao teste de alcoolemia, que apontou 1,25 mg\/L de \u00e1lcool por litro de ar expelido, valor que configura crime de tr\u00e2nsito.<\/p>\n\n\n\n<p>Ainda na noite do mesmo dia, \u00e0s 21h, no km 152 da BR-405, em Pau dos Ferros, um homem foi preso por conduzir uma motocicleta com sinais identificadores adulterados. O flagrante ocorreu durante fiscaliza\u00e7\u00e3o.<\/p>\n\n\n\n<p>As ocorr\u00eancias foram encaminhadas \u00e0s respectivas delegacias da Pol\u00edcia Civil para a ado\u00e7\u00e3o das provid\u00eancias cab\u00edveis.<\/p>\n\n\n\n<p><strong>Fonte: Portal da Tropical<\/strong><\/p>\n","protected":false},"excerpt":{"rendered":"<p>A Pol\u00edcia Rodovi\u00e1ria Federal (PRF) registrou, neste domingo (26), tr\u00eas ocorr\u00eancias nas rodovias federais do Rio Grande do Norte, resultando na pris\u00e3o de tr\u00eas homens por diversos crimes. Em Natal, no km 85 da BR-101, por volta das 14h10, um homem de 69 anos foi preso durante abordagem a uma motocicleta. Ap\u00f3s consultas aos sistemas, [&hellip;]<\/p>\n","protected":false},"author":1,"featured_media":7414,"comment_status":"closed","ping_status":"open","sticky":false,"template":"","format":"standard","meta":{"footnotes":""},"categories":[24],"tags":[],"class_list":["post-7413","post","type-post","status-publish","format-standard","has-post-thumbnail","hentry","category-seguranca"],"yoast_head":"<!-- This site is optimized with the Yoast SEO plugin v27.4 - https:\/\/yoast.com\/product\/yoast-seo-wordpress\/ -->\n<title>PRF captura foragido por homic\u00eddio e prende mais dois homens em rodovias federais do RN - Na Boca do Povo RN<\/title>\n<meta name=\"robots\" content=\"index, follow, max-snippet:-1, max-image-preview:large, max-video-preview:-1\" \/>\n<link rel=\"canonical\" href=\"https:\/\/nabocadopovorn.com.br\/index.php\/2026\/04\/27\/prf-captura-foragido-por-homicidio-e-prende-mais-dois-homens-em-rodovias-federais-do-rn\/\" \/>\n<meta property=\"og:locale\" content=\"pt_BR\" \/>\n<meta property=\"og:type\" content=\"article\" \/>\n<meta property=\"og:title\" content=\"PRF captura foragido por homic\u00eddio e prende mais dois homens em rodovias federais do RN - Na Boca do Povo RN\" \/>\n<meta property=\"og:description\" content=\"A Pol\u00edcia Rodovi\u00e1ria Federal (PRF) registrou, neste domingo (26), tr\u00eas ocorr\u00eancias nas rodovias federais do Rio Grande do Norte, resultando na pris\u00e3o de tr\u00eas homens por diversos crimes. Em Natal, no km 85 da BR-101, por volta das 14h10, um homem de 69 anos foi preso durante abordagem a uma motocicleta. Ap\u00f3s consultas aos sistemas, [&hellip;]\" \/>\n<meta property=\"og:url\" content=\"https:\/\/nabocadopovorn.com.br\/index.php\/2026\/04\/27\/prf-captura-foragido-por-homicidio-e-prende-mais-dois-homens-em-rodovias-federais-do-rn\/\" \/>\n<meta property=\"og:site_name\" content=\"Na Boca do Povo RN\" \/>\n<meta property=\"article:published_time\" content=\"2026-04-27T13:41:59+00:00\" \/>\n<meta property=\"article:modified_time\" content=\"2026-04-27T13:42:04+00:00\" \/>\n<meta property=\"og:image\" content=\"https:\/\/nabocadopovorn.com.br\/wp-content\/uploads\/2026\/04\/pf.jpg\" \/>\n\t<meta property=\"og:image:width\" content=\"1920\" \/>\n\t<meta property=\"og:image:height\" content=\"1080\" \/>\n\t<meta property=\"og:image:type\" content=\"image\/jpeg\" \/>\n<meta name=\"author\" content=\"Na Boca do Povo RN\" \/>\n<meta name=\"twitter:card\" content=\"summary_large_image\" \/>\n<meta name=\"twitter:label1\" content=\"Escrito por\" \/>\n\t<meta name=\"twitter:data1\" content=\"Na Boca do Povo RN\" \/>\n\t<meta name=\"twitter:label2\" content=\"Est. tempo de leitura\" \/>\n\t<meta name=\"twitter:data2\" content=\"2 minutos\" \/>\n<script type=\"application\/ld+json\" class=\"yoast-schema-graph\">{\"@context\":\"https:\\\/\\\/schema.org\",\"@graph\":[{\"@type\":\"Article\",\"@id\":\"https:\\\/\\\/nabocadopovorn.com.br\\\/index.php\\\/2026\\\/04\\\/27\\\/prf-captura-foragido-por-homicidio-e-prende-mais-dois-homens-em-rodovias-federais-do-rn\\\/#article\",\"isPartOf\":{\"@id\":\"https:\\\/\\\/nabocadopovorn.com.br\\\/index.php\\\/2026\\\/04\\\/27\\\/prf-captura-foragido-por-homicidio-e-prende-mais-dois-homens-em-rodovias-federais-do-rn\\\/\"},\"author\":{\"name\":\"Na Boca do Povo RN\",\"@id\":\"https:\\\/\\\/nabocadopovorn.com.br\\\/#\\\/schema\\\/person\\\/4784d91e6eb0ee789392e2506451ee44\"},\"headline\":\"PRF captura foragido por homic\u00eddio e prende mais dois homens em rodovias federais do RN\",\"datePublished\":\"2026-04-27T13:41:59+00:00\",\"dateModified\":\"2026-04-27T13:42:04+00:00\",\"mainEntityOfPage\":{\"@id\":\"https:\\\/\\\/nabocadopovorn.com.br\\\/index.php\\\/2026\\\/04\\\/27\\\/prf-captura-foragido-por-homicidio-e-prende-mais-dois-homens-em-rodovias-federais-do-rn\\\/\"},\"wordCount\":222,\"publisher\":{\"@id\":\"https:\\\/\\\/nabocadopovorn.com.br\\\/#organization\"},\"image\":{\"@id\":\"https:\\\/\\\/nabocadopovorn.com.br\\\/index.php\\\/2026\\\/04\\\/27\\\/prf-captura-foragido-por-homicidio-e-prende-mais-dois-homens-em-rodovias-federais-do-rn\\\/#primaryimage\"},\"thumbnailUrl\":\"https:\\\/\\\/nabocadopovorn.com.br\\\/wp-content\\\/uploads\\\/2026\\\/04\\\/pf.jpg\",\"articleSection\":[\"Seguran\u00e7a\"],\"inLanguage\":\"pt-BR\"},{\"@type\":\"WebPage\",\"@id\":\"https:\\\/\\\/nabocadopovorn.com.br\\\/index.php\\\/2026\\\/04\\\/27\\\/prf-captura-foragido-por-homicidio-e-prende-mais-dois-homens-em-rodovias-federais-do-rn\\\/\",\"url\":\"https:\\\/\\\/nabocadopovorn.com.br\\\/index.php\\\/2026\\\/04\\\/27\\\/prf-captura-foragido-por-homicidio-e-prende-mais-dois-homens-em-rodovias-federais-do-rn\\\/\",\"name\":\"PRF captura foragido por homic\u00eddio e prende mais dois homens em rodovias federais do RN - Na Boca do Povo RN\",\"isPartOf\":{\"@id\":\"https:\\\/\\\/nabocadopovorn.com.br\\\/#website\"},\"primaryImageOfPage\":{\"@id\":\"https:\\\/\\\/nabocadopovorn.com.br\\\/index.php\\\/2026\\\/04\\\/27\\\/prf-captura-foragido-por-homicidio-e-prende-mais-dois-homens-em-rodovias-federais-do-rn\\\/#primaryimage\"},\"image\":{\"@id\":\"https:\\\/\\\/nabocadopovorn.com.br\\\/index.php\\\/2026\\\/04\\\/27\\\/prf-captura-foragido-por-homicidio-e-prende-mais-dois-homens-em-rodovias-federais-do-rn\\\/#primaryimage\"},\"thumbnailUrl\":\"https:\\\/\\\/nabocadopovorn.com.br\\\/wp-content\\\/uploads\\\/2026\\\/04\\\/pf.jpg\",\"datePublished\":\"2026-04-27T13:41:59+00:00\",\"dateModified\":\"2026-04-27T13:42:04+00:00\",\"breadcrumb\":{\"@id\":\"https:\\\/\\\/nabocadopovorn.com.br\\\/index.php\\\/2026\\\/04\\\/27\\\/prf-captura-foragido-por-homicidio-e-prende-mais-dois-homens-em-rodovias-federais-do-rn\\\/#breadcrumb\"},\"inLanguage\":\"pt-BR\",\"potentialAction\":[{\"@type\":\"ReadAction\",\"target\":[\"https:\\\/\\\/nabocadopovorn.com.br\\\/index.php\\\/2026\\\/04\\\/27\\\/prf-captura-foragido-por-homicidio-e-prende-mais-dois-homens-em-rodovias-federais-do-rn\\\/\"]}]},{\"@type\":\"ImageObject\",\"inLanguage\":\"pt-BR\",\"@id\":\"https:\\\/\\\/nabocadopovorn.com.br\\\/index.php\\\/2026\\\/04\\\/27\\\/prf-captura-foragido-por-homicidio-e-prende-mais-dois-homens-em-rodovias-federais-do-rn\\\/#primaryimage\",\"url\":\"https:\\\/\\\/nabocadopovorn.com.br\\\/wp-content\\\/uploads\\\/2026\\\/04\\\/pf.jpg\",\"contentUrl\":\"https:\\\/\\\/nabocadopovorn.com.br\\\/wp-content\\\/uploads\\\/2026\\\/04\\\/pf.jpg\",\"width\":1920,\"height\":1080},{\"@type\":\"BreadcrumbList\",\"@id\":\"https:\\\/\\\/nabocadopovorn.com.br\\\/index.php\\\/2026\\\/04\\\/27\\\/prf-captura-foragido-por-homicidio-e-prende-mais-dois-homens-em-rodovias-federais-do-rn\\\/#breadcrumb\",\"itemListElement\":[{\"@type\":\"ListItem\",\"position\":1,\"name\":\"Home\",\"item\":\"https:\\\/\\\/nabocadopovorn.com.br\\\/\"},{\"@type\":\"ListItem\",\"position\":2,\"name\":\"PRF captura foragido por homic\u00eddio e prende mais dois homens em rodovias federais do RN\"}]},{\"@type\":\"WebSite\",\"@id\":\"https:\\\/\\\/nabocadopovorn.com.br\\\/#website\",\"url\":\"https:\\\/\\\/nabocadopovorn.com.br\\\/\",\"name\":\"Na Boca do Povo RN\",\"description\":\"Informa\u00e7\u00e3o Total\",\"publisher\":{\"@id\":\"https:\\\/\\\/nabocadopovorn.com.br\\\/#organization\"},\"potentialAction\":[{\"@type\":\"SearchAction\",\"target\":{\"@type\":\"EntryPoint\",\"urlTemplate\":\"https:\\\/\\\/nabocadopovorn.com.br\\\/?s={search_term_string}\"},\"query-input\":{\"@type\":\"PropertyValueSpecification\",\"valueRequired\":true,\"valueName\":\"search_term_string\"}}],\"inLanguage\":\"pt-BR\"},{\"@type\":\"Organization\",\"@id\":\"https:\\\/\\\/nabocadopovorn.com.br\\\/#organization\",\"name\":\"Na Boca do Povo RN\",\"url\":\"https:\\\/\\\/nabocadopovorn.com.br\\\/\",\"logo\":{\"@type\":\"ImageObject\",\"inLanguage\":\"pt-BR\",\"@id\":\"https:\\\/\\\/nabocadopovorn.com.br\\\/#\\\/schema\\\/logo\\\/image\\\/\",\"url\":\"https:\\\/\\\/nabocadopovorn.com.br\\\/wp-content\\\/uploads\\\/2026\\\/01\\\/cropped-logo.png\",\"contentUrl\":\"https:\\\/\\\/nabocadopovorn.com.br\\\/wp-content\\\/uploads\\\/2026\\\/01\\\/cropped-logo.png\",\"width\":900,\"height\":100,\"caption\":\"Na Boca do Povo RN\"},\"image\":{\"@id\":\"https:\\\/\\\/nabocadopovorn.com.br\\\/#\\\/schema\\\/logo\\\/image\\\/\"}},{\"@type\":\"Person\",\"@id\":\"https:\\\/\\\/nabocadopovorn.com.br\\\/#\\\/schema\\\/person\\\/4784d91e6eb0ee789392e2506451ee44\",\"name\":\"Na Boca do Povo RN\",\"image\":{\"@type\":\"ImageObject\",\"inLanguage\":\"pt-BR\",\"@id\":\"https:\\\/\\\/secure.gravatar.com\\\/avatar\\\/568abe1cbc790e8c79eadb7595ddaf9dccc533c248b489d4b018b6c00965b6ea?s=96&d=mm&r=g\",\"url\":\"https:\\\/\\\/secure.gravatar.com\\\/avatar\\\/568abe1cbc790e8c79eadb7595ddaf9dccc533c248b489d4b018b6c00965b6ea?s=96&d=mm&r=g\",\"contentUrl\":\"https:\\\/\\\/secure.gravatar.com\\\/avatar\\\/568abe1cbc790e8c79eadb7595ddaf9dccc533c248b489d4b018b6c00965b6ea?s=96&d=mm&r=g\",\"caption\":\"Na Boca do Povo RN\"},\"sameAs\":[\"http:\\\/\\\/nabocadopovorn.com.br\"],\"url\":\"https:\\\/\\\/nabocadopovorn.com.br\\\/index.php\\\/author\\\/nabocadopovorn23gmail-com\\\/\"}]}<\/script>\n<!-- \/ Yoast SEO plugin. -->","yoast_head_json":{"title":"PRF captura foragido por homic\u00eddio e prende mais dois homens em rodovias federais do RN - Na Boca do Povo RN","robots":{"index":"index","follow":"follow","max-snippet":"max-snippet:-1","max-image-preview":"max-image-preview:large","max-video-preview":"max-video-preview:-1"},"canonical":"https:\/\/nabocadopovorn.com.br\/index.php\/2026\/04\/27\/prf-captura-foragido-por-homicidio-e-prende-mais-dois-homens-em-rodovias-federais-do-rn\/","og_locale":"pt_BR","og_type":"article","og_title":"PRF captura foragido por homic\u00eddio e prende mais dois homens em rodovias federais do RN - Na Boca do Povo RN","og_description":"A Pol\u00edcia Rodovi\u00e1ria Federal (PRF) registrou, neste domingo (26), tr\u00eas ocorr\u00eancias nas rodovias federais do Rio Grande do Norte, resultando na pris\u00e3o de tr\u00eas homens por diversos crimes. Em Natal, no km 85 da BR-101, por volta das 14h10, um homem de 69 anos foi preso durante abordagem a uma motocicleta. Ap\u00f3s consultas aos sistemas, [&hellip;]","og_url":"https:\/\/nabocadopovorn.com.br\/index.php\/2026\/04\/27\/prf-captura-foragido-por-homicidio-e-prende-mais-dois-homens-em-rodovias-federais-do-rn\/","og_site_name":"Na Boca do Povo RN","article_published_time":"2026-04-27T13:41:59+00:00","article_modified_time":"2026-04-27T13:42:04+00:00","og_image":[{"width":1920,"height":1080,"url":"https:\/\/nabocadopovorn.com.br\/wp-content\/uploads\/2026\/04\/pf.jpg","type":"image\/jpeg"}],"author":"Na Boca do Povo RN","twitter_card":"summary_large_image","twitter_misc":{"Escrito por":"Na Boca do Povo RN","Est. tempo de leitura":"2 minutos"},"schema":{"@context":"https:\/\/schema.org","@graph":[{"@type":"Article","@id":"https:\/\/nabocadopovorn.com.br\/index.php\/2026\/04\/27\/prf-captura-foragido-por-homicidio-e-prende-mais-dois-homens-em-rodovias-federais-do-rn\/#article","isPartOf":{"@id":"https:\/\/nabocadopovorn.com.br\/index.php\/2026\/04\/27\/prf-captura-foragido-por-homicidio-e-prende-mais-dois-homens-em-rodovias-federais-do-rn\/"},"author":{"name":"Na Boca do Povo RN","@id":"https:\/\/nabocadopovorn.com.br\/#\/schema\/person\/4784d91e6eb0ee789392e2506451ee44"},"headline":"PRF captura foragido por homic\u00eddio e prende mais dois homens em rodovias federais do RN","datePublished":"2026-04-27T13:41:59+00:00","dateModified":"2026-04-27T13:42:04+00:00","mainEntityOfPage":{"@id":"https:\/\/nabocadopovorn.com.br\/index.php\/2026\/04\/27\/prf-captura-foragido-por-homicidio-e-prende-mais-dois-homens-em-rodovias-federais-do-rn\/"},"wordCount":222,"publisher":{"@id":"https:\/\/nabocadopovorn.com.br\/#organization"},"image":{"@id":"https:\/\/nabocadopovorn.com.br\/index.php\/2026\/04\/27\/prf-captura-foragido-por-homicidio-e-prende-mais-dois-homens-em-rodovias-federais-do-rn\/#primaryimage"},"thumbnailUrl":"https:\/\/nabocadopovorn.com.br\/wp-content\/uploads\/2026\/04\/pf.jpg","articleSection":["Seguran\u00e7a"],"inLanguage":"pt-BR"},{"@type":"WebPage","@id":"https:\/\/nabocadopovorn.com.br\/index.php\/2026\/04\/27\/prf-captura-foragido-por-homicidio-e-prende-mais-dois-homens-em-rodovias-federais-do-rn\/","url":"https:\/\/nabocadopovorn.com.br\/index.php\/2026\/04\/27\/prf-captura-foragido-por-homicidio-e-prende-mais-dois-homens-em-rodovias-federais-do-rn\/","name":"PRF captura foragido por homic\u00eddio e prende mais dois homens em rodovias federais do RN - Na Boca do Povo RN","isPartOf":{"@id":"https:\/\/nabocadopovorn.com.br\/#website"},"primaryImageOfPage":{"@id":"https:\/\/nabocadopovorn.com.br\/index.php\/2026\/04\/27\/prf-captura-foragido-por-homicidio-e-prende-mais-dois-homens-em-rodovias-federais-do-rn\/#primaryimage"},"image":{"@id":"https:\/\/nabocadopovorn.com.br\/index.php\/2026\/04\/27\/prf-captura-foragido-por-homicidio-e-prende-mais-dois-homens-em-rodovias-federais-do-rn\/#primaryimage"},"thumbnailUrl":"https:\/\/nabocadopovorn.com.br\/wp-content\/uploads\/2026\/04\/pf.jpg","datePublished":"2026-04-27T13:41:59+00:00","dateModified":"2026-04-27T13:42:04+00:00","breadcrumb":{"@id":"https:\/\/nabocadopovorn.com.br\/index.php\/2026\/04\/27\/prf-captura-foragido-por-homicidio-e-prende-mais-dois-homens-em-rodovias-federais-do-rn\/#breadcrumb"},"inLanguage":"pt-BR","potentialAction":[{"@type":"ReadAction","target":["https:\/\/nabocadopovorn.com.br\/index.php\/2026\/04\/27\/prf-captura-foragido-por-homicidio-e-prende-mais-dois-homens-em-rodovias-federais-do-rn\/"]}]},{"@type":"ImageObject","inLanguage":"pt-BR","@id":"https:\/\/nabocadopovorn.com.br\/index.php\/2026\/04\/27\/prf-captura-foragido-por-homicidio-e-prende-mais-dois-homens-em-rodovias-federais-do-rn\/#primaryimage","url":"https:\/\/nabocadopovorn.com.br\/wp-content\/uploads\/2026\/04\/pf.jpg","contentUrl":"https:\/\/nabocadopovorn.com.br\/wp-content\/uploads\/2026\/04\/pf.jpg","width":1920,"height":1080},{"@type":"BreadcrumbList","@id":"https:\/\/nabocadopovorn.com.br\/index.php\/2026\/04\/27\/prf-captura-foragido-por-homicidio-e-prende-mais-dois-homens-em-rodovias-federais-do-rn\/#breadcrumb","itemListElement":[{"@type":"ListItem","position":1,"name":"Home","item":"https:\/\/nabocadopovorn.com.br\/"},{"@type":"ListItem","position":2,"name":"PRF captura foragido por homic\u00eddio e prende mais dois homens em rodovias federais do RN"}]},{"@type":"WebSite","@id":"https:\/\/nabocadopovorn.com.br\/#website","url":"https:\/\/nabocadopovorn.com.br\/","name":"Na Boca do Povo RN","description":"Informa\u00e7\u00e3o Total","publisher":{"@id":"https:\/\/nabocadopovorn.com.br\/#organization"},"potentialAction":[{"@type":"SearchAction","target":{"@type":"EntryPoint","urlTemplate":"https:\/\/nabocadopovorn.com.br\/?s={search_term_string}"},"query-input":{"@type":"PropertyValueSpecification","valueRequired":true,"valueName":"search_term_string"}}],"inLanguage":"pt-BR"},{"@type":"Organization","@id":"https:\/\/nabocadopovorn.com.br\/#organization","name":"Na Boca do Povo RN","url":"https:\/\/nabocadopovorn.com.br\/","logo":{"@type":"ImageObject","inLanguage":"pt-BR","@id":"https:\/\/nabocadopovorn.com.br\/#\/schema\/logo\/image\/","url":"https:\/\/nabocadopovorn.com.br\/wp-content\/uploads\/2026\/01\/cropped-logo.png","contentUrl":"https:\/\/nabocadopovorn.com.br\/wp-content\/uploads\/2026\/01\/cropped-logo.png","width":900,"height":100,"caption":"Na Boca do Povo RN"},"image":{"@id":"https:\/\/nabocadopovorn.com.br\/#\/schema\/logo\/image\/"}},{"@type":"Person","@id":"https:\/\/nabocadopovorn.com.br\/#\/schema\/person\/4784d91e6eb0ee789392e2506451ee44","name":"Na Boca do Povo RN","image":{"@type":"ImageObject","inLanguage":"pt-BR","@id":"https:\/\/secure.gravatar.com\/avatar\/568abe1cbc790e8c79eadb7595ddaf9dccc533c248b489d4b018b6c00965b6ea?s=96&d=mm&r=g","url":"https:\/\/secure.gravatar.com\/avatar\/568abe1cbc790e8c79eadb7595ddaf9dccc533c248b489d4b018b6c00965b6ea?s=96&d=mm&r=g","contentUrl":"https:\/\/secure.gravatar.com\/avatar\/568abe1cbc790e8c79eadb7595ddaf9dccc533c248b489d4b018b6c00965b6ea?s=96&d=mm&r=g","caption":"Na Boca do Povo RN"},"sameAs":["http:\/\/nabocadopovorn.com.br"],"url":"https:\/\/nabocadopovorn.com.br\/index.php\/author\/nabocadopovorn23gmail-com\/"}]}},"_links":{"self":[{"href":"https:\/\/nabocadopovorn.com.br\/index.php\/wp-json\/wp\/v2\/posts\/7413","targetHints":{"allow":["GET"]}}],"collection":[{"href":"https:\/\/nabocadopovorn.com.br\/index.php\/wp-json\/wp\/v2\/posts"}],"about":[{"href":"https:\/\/nabocadopovorn.com.br\/index.php\/wp-json\/wp\/v2\/types\/post"}],"author":[{"embeddable":true,"href":"https:\/\/nabocadopovorn.com.br\/index.php\/wp-json\/wp\/v2\/users\/1"}],"replies":[{"embeddable":true,"href":"https:\/\/nabocadopovorn.com.br\/index.php\/wp-json\/wp\/v2\/comments?post=7413"}],"version-history":[{"count":1,"href":"https:\/\/nabocadopovorn.com.br\/index.php\/wp-json\/wp\/v2\/posts\/7413\/revisions"}],"predecessor-version":[{"id":7415,"href":"https:\/\/nabocadopovorn.com.br\/index.php\/wp-json\/wp\/v2\/posts\/7413\/revisions\/7415"}],"wp:featuredmedia":[{"embeddable":true,"href":"https:\/\/nabocadopovorn.com.br\/index.php\/wp-json\/wp\/v2\/media\/7414"}],"wp:attachment":[{"href":"https:\/\/nabocadopovorn.com.br\/index.php\/wp-json\/wp\/v2\/media?parent=7413"}],"wp:term":[{"taxonomy":"category","embeddable":true,"href":"https:\/\/nabocadopovorn.com.br\/index.php\/wp-json\/wp\/v2\/categories?post=7413"},{"taxonomy":"post_tag","embeddable":true,"href":"https:\/\/nabocadopovorn.com.br\/index.php\/wp-json\/wp\/v2\/tags?post=7413"}],"curies":[{"name":"wp","href":"https:\/\/api.w.org\/{rel}","templated":true}]}}