{"id":7406,"date":"2026-04-27T10:03:03","date_gmt":"2026-04-27T13:03:03","guid":{"rendered":"https:\/\/nabocadopovorn.com.br\/?p=7406"},"modified":"2026-04-27T10:03:07","modified_gmt":"2026-04-27T13:03:07","slug":"pt-tenta-colar-caso-master-no-bolsonarismo-flavio-rebate-e-cita-lula","status":"publish","type":"post","link":"https:\/\/nabocadopovorn.com.br\/index.php\/2026\/04\/27\/pt-tenta-colar-caso-master-no-bolsonarismo-flavio-rebate-e-cita-lula\/","title":{"rendered":"PT tenta colar caso Master no bolsonarismo; Fl\u00e1vio rebate e cita Lula"},"content":{"rendered":"\n<p>O PT (Partido dos Trabalhadores), do presidente Luiz In\u00e1cio Lula da Silva, divulgou um v\u00eddeo que vincula a fam\u00edlia do ex-presidente Jair Bolsonaro (PL) ao esc\u00e2ndalo do Banco Master.<\/p>\n\n\n\n<p>A pe\u00e7a foi divulgada inicialmente no Congresso Nacional do PT, realizado durante o fim de semana, e tamb\u00e9m ser\u00e1 veiculada nas redes sociais. O v\u00eddeo chama o epis\u00f3dio de \u201cBolsoMaster\u201d e lembra que o cunhado de Daniel Vorcaro, Fabiano Zettel, foi o maior doador das campanhas de Jair Bolsonaro e Tarc\u00edsio de Freitas (Republicanos) em 2022.<\/p>\n\n\n\n<p>A divulga\u00e7\u00e3o da grava\u00e7\u00e3o deu in\u00edcio \u00e0 estrat\u00e9gia eleitoral de tentar desconstruir a imagem do primog\u00eanito de Jair Bolsonaro, que tem aparecido \u00e0 frente de Lula em algumas pesquisas eleitorais para este ano.<\/p>\n\n\n\n<p>\u00c0 CNN, Fl\u00e1vio criticou a pe\u00e7a e citou o encontro que Lula teve com Vorcaro em dezembro de 2024. A reuni\u00e3o n\u00e3o foi divulgada na agenda oficial do petista. Tamb\u00e9m participou da reuni\u00e3o o \u00e0 \u00e9poca indicado \u00e0 presid\u00eancia do Banco Central, Gabriel Gal\u00edpolo.<\/p>\n\n\n\n<p>\u201cMentira tem perna curta e nove dedos. Quem se encontrou com Daniel Vorcaro no escurinho do Pal\u00e1cio do Alvorada foi o Lula, e n\u00e3o o Bolsonaro. O Pix \u00e9 do Bolsonaro e o Master \u00e9 do Lula\u201d, afirmou \u00e0 CNN.<\/p>\n\n\n\n<p>O presidente nacional do PL, Valdemar Costa Neto, tamb\u00e9m reagiu \u00e0 inser\u00e7\u00e3o partid\u00e1ria e chamou o conte\u00fado do v\u00eddeo de \u201cgrande piada\u201d.<\/p>\n\n\n\n<p>\u201cOs senadores do PT n\u00e3o assinam a CPI do Banco Master. Por que n\u00e3o querem a CPI?\u201d, questionou.<\/p>\n\n\n\n<p>O esc\u00e2ndalo do Banco Master tem vincula\u00e7\u00f5es com pol\u00edticos de direita, de centro e de esquerda. As investiga\u00e7\u00f5es da Pol\u00edcia Federal mostraram que as vincula\u00e7\u00f5es n\u00e3o se restringiram a um grupo partid\u00e1rio.<\/p>\n\n\n\n<p>O tema entrou no debate eleitoral e deve ser explorado tanto por Lula como por Fl\u00e1vio, no esfor\u00e7o de desgastar o advers\u00e1rio pol\u00edtico no rastro do discurso de combate \u00e0 corrup\u00e7\u00e3o.<\/p>\n\n\n\n<p><strong>Fonte: CNN Brasil<\/strong><\/p>\n","protected":false},"excerpt":{"rendered":"<p>O PT (Partido dos Trabalhadores), do presidente Luiz In\u00e1cio Lula da Silva, divulgou um v\u00eddeo que vincula a fam\u00edlia do ex-presidente Jair Bolsonaro (PL) ao esc\u00e2ndalo do Banco Master. A pe\u00e7a foi divulgada inicialmente no Congresso Nacional do PT, realizado durante o fim de semana, e tamb\u00e9m ser\u00e1 veiculada nas redes sociais. O v\u00eddeo chama [&hellip;]<\/p>\n","protected":false},"author":1,"featured_media":7407,"comment_status":"closed","ping_status":"open","sticky":false,"template":"","format":"standard","meta":{"footnotes":""},"categories":[23],"tags":[],"class_list":["post-7406","post","type-post","status-publish","format-standard","has-post-thumbnail","hentry","category-politica"],"yoast_head":"<!-- This site is optimized with the Yoast SEO plugin v27.4 - https:\/\/yoast.com\/product\/yoast-seo-wordpress\/ -->\n<title>PT tenta colar caso Master no bolsonarismo; Fl\u00e1vio rebate e cita Lula - Na Boca do Povo RN<\/title>\n<meta name=\"robots\" content=\"index, follow, max-snippet:-1, max-image-preview:large, max-video-preview:-1\" \/>\n<link rel=\"canonical\" href=\"https:\/\/nabocadopovorn.com.br\/index.php\/2026\/04\/27\/pt-tenta-colar-caso-master-no-bolsonarismo-flavio-rebate-e-cita-lula\/\" \/>\n<meta property=\"og:locale\" content=\"pt_BR\" \/>\n<meta property=\"og:type\" content=\"article\" \/>\n<meta property=\"og:title\" content=\"PT tenta colar caso Master no bolsonarismo; Fl\u00e1vio rebate e cita Lula - Na Boca do Povo RN\" \/>\n<meta property=\"og:description\" content=\"O PT (Partido dos Trabalhadores), do presidente Luiz In\u00e1cio Lula da Silva, divulgou um v\u00eddeo que vincula a fam\u00edlia do ex-presidente Jair Bolsonaro (PL) ao esc\u00e2ndalo do Banco Master. A pe\u00e7a foi divulgada inicialmente no Congresso Nacional do PT, realizado durante o fim de semana, e tamb\u00e9m ser\u00e1 veiculada nas redes sociais. O v\u00eddeo chama [&hellip;]\" \/>\n<meta property=\"og:url\" content=\"https:\/\/nabocadopovorn.com.br\/index.php\/2026\/04\/27\/pt-tenta-colar-caso-master-no-bolsonarismo-flavio-rebate-e-cita-lula\/\" \/>\n<meta property=\"og:site_name\" content=\"Na Boca do Povo RN\" \/>\n<meta property=\"article:published_time\" content=\"2026-04-27T13:03:03+00:00\" \/>\n<meta property=\"article:modified_time\" content=\"2026-04-27T13:03:07+00:00\" \/>\n<meta property=\"og:image\" content=\"https:\/\/nabocadopovorn.com.br\/wp-content\/uploads\/2026\/04\/flavio.png\" \/>\n\t<meta property=\"og:image:width\" content=\"1920\" \/>\n\t<meta property=\"og:image:height\" content=\"1080\" \/>\n\t<meta property=\"og:image:type\" content=\"image\/png\" \/>\n<meta name=\"author\" content=\"Na Boca do Povo RN\" \/>\n<meta name=\"twitter:card\" content=\"summary_large_image\" \/>\n<meta name=\"twitter:label1\" content=\"Escrito por\" \/>\n\t<meta name=\"twitter:data1\" content=\"Na Boca do Povo RN\" \/>\n\t<meta name=\"twitter:label2\" content=\"Est. tempo de leitura\" \/>\n\t<meta name=\"twitter:data2\" content=\"2 minutos\" \/>\n<script type=\"application\/ld+json\" class=\"yoast-schema-graph\">{\"@context\":\"https:\\\/\\\/schema.org\",\"@graph\":[{\"@type\":\"Article\",\"@id\":\"https:\\\/\\\/nabocadopovorn.com.br\\\/index.php\\\/2026\\\/04\\\/27\\\/pt-tenta-colar-caso-master-no-bolsonarismo-flavio-rebate-e-cita-lula\\\/#article\",\"isPartOf\":{\"@id\":\"https:\\\/\\\/nabocadopovorn.com.br\\\/index.php\\\/2026\\\/04\\\/27\\\/pt-tenta-colar-caso-master-no-bolsonarismo-flavio-rebate-e-cita-lula\\\/\"},\"author\":{\"name\":\"Na Boca do Povo RN\",\"@id\":\"https:\\\/\\\/nabocadopovorn.com.br\\\/#\\\/schema\\\/person\\\/4784d91e6eb0ee789392e2506451ee44\"},\"headline\":\"PT tenta colar caso Master no bolsonarismo; Fl\u00e1vio rebate e cita Lula\",\"datePublished\":\"2026-04-27T13:03:03+00:00\",\"dateModified\":\"2026-04-27T13:03:07+00:00\",\"mainEntityOfPage\":{\"@id\":\"https:\\\/\\\/nabocadopovorn.com.br\\\/index.php\\\/2026\\\/04\\\/27\\\/pt-tenta-colar-caso-master-no-bolsonarismo-flavio-rebate-e-cita-lula\\\/\"},\"wordCount\":353,\"publisher\":{\"@id\":\"https:\\\/\\\/nabocadopovorn.com.br\\\/#organization\"},\"image\":{\"@id\":\"https:\\\/\\\/nabocadopovorn.com.br\\\/index.php\\\/2026\\\/04\\\/27\\\/pt-tenta-colar-caso-master-no-bolsonarismo-flavio-rebate-e-cita-lula\\\/#primaryimage\"},\"thumbnailUrl\":\"https:\\\/\\\/nabocadopovorn.com.br\\\/wp-content\\\/uploads\\\/2026\\\/04\\\/flavio.png\",\"articleSection\":[\"Pol\u00edtica\"],\"inLanguage\":\"pt-BR\"},{\"@type\":\"WebPage\",\"@id\":\"https:\\\/\\\/nabocadopovorn.com.br\\\/index.php\\\/2026\\\/04\\\/27\\\/pt-tenta-colar-caso-master-no-bolsonarismo-flavio-rebate-e-cita-lula\\\/\",\"url\":\"https:\\\/\\\/nabocadopovorn.com.br\\\/index.php\\\/2026\\\/04\\\/27\\\/pt-tenta-colar-caso-master-no-bolsonarismo-flavio-rebate-e-cita-lula\\\/\",\"name\":\"PT tenta colar caso Master no bolsonarismo; Fl\u00e1vio rebate e cita Lula - Na Boca do Povo RN\",\"isPartOf\":{\"@id\":\"https:\\\/\\\/nabocadopovorn.com.br\\\/#website\"},\"primaryImageOfPage\":{\"@id\":\"https:\\\/\\\/nabocadopovorn.com.br\\\/index.php\\\/2026\\\/04\\\/27\\\/pt-tenta-colar-caso-master-no-bolsonarismo-flavio-rebate-e-cita-lula\\\/#primaryimage\"},\"image\":{\"@id\":\"https:\\\/\\\/nabocadopovorn.com.br\\\/index.php\\\/2026\\\/04\\\/27\\\/pt-tenta-colar-caso-master-no-bolsonarismo-flavio-rebate-e-cita-lula\\\/#primaryimage\"},\"thumbnailUrl\":\"https:\\\/\\\/nabocadopovorn.com.br\\\/wp-content\\\/uploads\\\/2026\\\/04\\\/flavio.png\",\"datePublished\":\"2026-04-27T13:03:03+00:00\",\"dateModified\":\"2026-04-27T13:03:07+00:00\",\"breadcrumb\":{\"@id\":\"https:\\\/\\\/nabocadopovorn.com.br\\\/index.php\\\/2026\\\/04\\\/27\\\/pt-tenta-colar-caso-master-no-bolsonarismo-flavio-rebate-e-cita-lula\\\/#breadcrumb\"},\"inLanguage\":\"pt-BR\",\"potentialAction\":[{\"@type\":\"ReadAction\",\"target\":[\"https:\\\/\\\/nabocadopovorn.com.br\\\/index.php\\\/2026\\\/04\\\/27\\\/pt-tenta-colar-caso-master-no-bolsonarismo-flavio-rebate-e-cita-lula\\\/\"]}]},{\"@type\":\"ImageObject\",\"inLanguage\":\"pt-BR\",\"@id\":\"https:\\\/\\\/nabocadopovorn.com.br\\\/index.php\\\/2026\\\/04\\\/27\\\/pt-tenta-colar-caso-master-no-bolsonarismo-flavio-rebate-e-cita-lula\\\/#primaryimage\",\"url\":\"https:\\\/\\\/nabocadopovorn.com.br\\\/wp-content\\\/uploads\\\/2026\\\/04\\\/flavio.png\",\"contentUrl\":\"https:\\\/\\\/nabocadopovorn.com.br\\\/wp-content\\\/uploads\\\/2026\\\/04\\\/flavio.png\",\"width\":1920,\"height\":1080},{\"@type\":\"BreadcrumbList\",\"@id\":\"https:\\\/\\\/nabocadopovorn.com.br\\\/index.php\\\/2026\\\/04\\\/27\\\/pt-tenta-colar-caso-master-no-bolsonarismo-flavio-rebate-e-cita-lula\\\/#breadcrumb\",\"itemListElement\":[{\"@type\":\"ListItem\",\"position\":1,\"name\":\"Home\",\"item\":\"https:\\\/\\\/nabocadopovorn.com.br\\\/\"},{\"@type\":\"ListItem\",\"position\":2,\"name\":\"PT tenta colar caso Master no bolsonarismo; Fl\u00e1vio rebate e cita Lula\"}]},{\"@type\":\"WebSite\",\"@id\":\"https:\\\/\\\/nabocadopovorn.com.br\\\/#website\",\"url\":\"https:\\\/\\\/nabocadopovorn.com.br\\\/\",\"name\":\"Na Boca do Povo RN\",\"description\":\"Informa\u00e7\u00e3o Total\",\"publisher\":{\"@id\":\"https:\\\/\\\/nabocadopovorn.com.br\\\/#organization\"},\"potentialAction\":[{\"@type\":\"SearchAction\",\"target\":{\"@type\":\"EntryPoint\",\"urlTemplate\":\"https:\\\/\\\/nabocadopovorn.com.br\\\/?s={search_term_string}\"},\"query-input\":{\"@type\":\"PropertyValueSpecification\",\"valueRequired\":true,\"valueName\":\"search_term_string\"}}],\"inLanguage\":\"pt-BR\"},{\"@type\":\"Organization\",\"@id\":\"https:\\\/\\\/nabocadopovorn.com.br\\\/#organization\",\"name\":\"Na Boca do Povo RN\",\"url\":\"https:\\\/\\\/nabocadopovorn.com.br\\\/\",\"logo\":{\"@type\":\"ImageObject\",\"inLanguage\":\"pt-BR\",\"@id\":\"https:\\\/\\\/nabocadopovorn.com.br\\\/#\\\/schema\\\/logo\\\/image\\\/\",\"url\":\"https:\\\/\\\/nabocadopovorn.com.br\\\/wp-content\\\/uploads\\\/2026\\\/01\\\/cropped-logo.png\",\"contentUrl\":\"https:\\\/\\\/nabocadopovorn.com.br\\\/wp-content\\\/uploads\\\/2026\\\/01\\\/cropped-logo.png\",\"width\":900,\"height\":100,\"caption\":\"Na Boca do Povo RN\"},\"image\":{\"@id\":\"https:\\\/\\\/nabocadopovorn.com.br\\\/#\\\/schema\\\/logo\\\/image\\\/\"}},{\"@type\":\"Person\",\"@id\":\"https:\\\/\\\/nabocadopovorn.com.br\\\/#\\\/schema\\\/person\\\/4784d91e6eb0ee789392e2506451ee44\",\"name\":\"Na Boca do Povo RN\",\"image\":{\"@type\":\"ImageObject\",\"inLanguage\":\"pt-BR\",\"@id\":\"https:\\\/\\\/secure.gravatar.com\\\/avatar\\\/568abe1cbc790e8c79eadb7595ddaf9dccc533c248b489d4b018b6c00965b6ea?s=96&d=mm&r=g\",\"url\":\"https:\\\/\\\/secure.gravatar.com\\\/avatar\\\/568abe1cbc790e8c79eadb7595ddaf9dccc533c248b489d4b018b6c00965b6ea?s=96&d=mm&r=g\",\"contentUrl\":\"https:\\\/\\\/secure.gravatar.com\\\/avatar\\\/568abe1cbc790e8c79eadb7595ddaf9dccc533c248b489d4b018b6c00965b6ea?s=96&d=mm&r=g\",\"caption\":\"Na Boca do Povo RN\"},\"sameAs\":[\"http:\\\/\\\/nabocadopovorn.com.br\"],\"url\":\"https:\\\/\\\/nabocadopovorn.com.br\\\/index.php\\\/author\\\/nabocadopovorn23gmail-com\\\/\"}]}<\/script>\n<!-- \/ Yoast SEO plugin. -->","yoast_head_json":{"title":"PT tenta colar caso Master no bolsonarismo; Fl\u00e1vio rebate e cita Lula - Na Boca do Povo RN","robots":{"index":"index","follow":"follow","max-snippet":"max-snippet:-1","max-image-preview":"max-image-preview:large","max-video-preview":"max-video-preview:-1"},"canonical":"https:\/\/nabocadopovorn.com.br\/index.php\/2026\/04\/27\/pt-tenta-colar-caso-master-no-bolsonarismo-flavio-rebate-e-cita-lula\/","og_locale":"pt_BR","og_type":"article","og_title":"PT tenta colar caso Master no bolsonarismo; Fl\u00e1vio rebate e cita Lula - Na Boca do Povo RN","og_description":"O PT (Partido dos Trabalhadores), do presidente Luiz In\u00e1cio Lula da Silva, divulgou um v\u00eddeo que vincula a fam\u00edlia do ex-presidente Jair Bolsonaro (PL) ao esc\u00e2ndalo do Banco Master. A pe\u00e7a foi divulgada inicialmente no Congresso Nacional do PT, realizado durante o fim de semana, e tamb\u00e9m ser\u00e1 veiculada nas redes sociais. O v\u00eddeo chama [&hellip;]","og_url":"https:\/\/nabocadopovorn.com.br\/index.php\/2026\/04\/27\/pt-tenta-colar-caso-master-no-bolsonarismo-flavio-rebate-e-cita-lula\/","og_site_name":"Na Boca do Povo RN","article_published_time":"2026-04-27T13:03:03+00:00","article_modified_time":"2026-04-27T13:03:07+00:00","og_image":[{"width":1920,"height":1080,"url":"https:\/\/nabocadopovorn.com.br\/wp-content\/uploads\/2026\/04\/flavio.png","type":"image\/png"}],"author":"Na Boca do Povo RN","twitter_card":"summary_large_image","twitter_misc":{"Escrito por":"Na Boca do Povo RN","Est. tempo de leitura":"2 minutos"},"schema":{"@context":"https:\/\/schema.org","@graph":[{"@type":"Article","@id":"https:\/\/nabocadopovorn.com.br\/index.php\/2026\/04\/27\/pt-tenta-colar-caso-master-no-bolsonarismo-flavio-rebate-e-cita-lula\/#article","isPartOf":{"@id":"https:\/\/nabocadopovorn.com.br\/index.php\/2026\/04\/27\/pt-tenta-colar-caso-master-no-bolsonarismo-flavio-rebate-e-cita-lula\/"},"author":{"name":"Na Boca do Povo RN","@id":"https:\/\/nabocadopovorn.com.br\/#\/schema\/person\/4784d91e6eb0ee789392e2506451ee44"},"headline":"PT tenta colar caso Master no bolsonarismo; Fl\u00e1vio rebate e cita Lula","datePublished":"2026-04-27T13:03:03+00:00","dateModified":"2026-04-27T13:03:07+00:00","mainEntityOfPage":{"@id":"https:\/\/nabocadopovorn.com.br\/index.php\/2026\/04\/27\/pt-tenta-colar-caso-master-no-bolsonarismo-flavio-rebate-e-cita-lula\/"},"wordCount":353,"publisher":{"@id":"https:\/\/nabocadopovorn.com.br\/#organization"},"image":{"@id":"https:\/\/nabocadopovorn.com.br\/index.php\/2026\/04\/27\/pt-tenta-colar-caso-master-no-bolsonarismo-flavio-rebate-e-cita-lula\/#primaryimage"},"thumbnailUrl":"https:\/\/nabocadopovorn.com.br\/wp-content\/uploads\/2026\/04\/flavio.png","articleSection":["Pol\u00edtica"],"inLanguage":"pt-BR"},{"@type":"WebPage","@id":"https:\/\/nabocadopovorn.com.br\/index.php\/2026\/04\/27\/pt-tenta-colar-caso-master-no-bolsonarismo-flavio-rebate-e-cita-lula\/","url":"https:\/\/nabocadopovorn.com.br\/index.php\/2026\/04\/27\/pt-tenta-colar-caso-master-no-bolsonarismo-flavio-rebate-e-cita-lula\/","name":"PT tenta colar caso Master no bolsonarismo; Fl\u00e1vio rebate e cita Lula - Na Boca do Povo RN","isPartOf":{"@id":"https:\/\/nabocadopovorn.com.br\/#website"},"primaryImageOfPage":{"@id":"https:\/\/nabocadopovorn.com.br\/index.php\/2026\/04\/27\/pt-tenta-colar-caso-master-no-bolsonarismo-flavio-rebate-e-cita-lula\/#primaryimage"},"image":{"@id":"https:\/\/nabocadopovorn.com.br\/index.php\/2026\/04\/27\/pt-tenta-colar-caso-master-no-bolsonarismo-flavio-rebate-e-cita-lula\/#primaryimage"},"thumbnailUrl":"https:\/\/nabocadopovorn.com.br\/wp-content\/uploads\/2026\/04\/flavio.png","datePublished":"2026-04-27T13:03:03+00:00","dateModified":"2026-04-27T13:03:07+00:00","breadcrumb":{"@id":"https:\/\/nabocadopovorn.com.br\/index.php\/2026\/04\/27\/pt-tenta-colar-caso-master-no-bolsonarismo-flavio-rebate-e-cita-lula\/#breadcrumb"},"inLanguage":"pt-BR","potentialAction":[{"@type":"ReadAction","target":["https:\/\/nabocadopovorn.com.br\/index.php\/2026\/04\/27\/pt-tenta-colar-caso-master-no-bolsonarismo-flavio-rebate-e-cita-lula\/"]}]},{"@type":"ImageObject","inLanguage":"pt-BR","@id":"https:\/\/nabocadopovorn.com.br\/index.php\/2026\/04\/27\/pt-tenta-colar-caso-master-no-bolsonarismo-flavio-rebate-e-cita-lula\/#primaryimage","url":"https:\/\/nabocadopovorn.com.br\/wp-content\/uploads\/2026\/04\/flavio.png","contentUrl":"https:\/\/nabocadopovorn.com.br\/wp-content\/uploads\/2026\/04\/flavio.png","width":1920,"height":1080},{"@type":"BreadcrumbList","@id":"https:\/\/nabocadopovorn.com.br\/index.php\/2026\/04\/27\/pt-tenta-colar-caso-master-no-bolsonarismo-flavio-rebate-e-cita-lula\/#breadcrumb","itemListElement":[{"@type":"ListItem","position":1,"name":"Home","item":"https:\/\/nabocadopovorn.com.br\/"},{"@type":"ListItem","position":2,"name":"PT tenta colar caso Master no bolsonarismo; Fl\u00e1vio rebate e cita Lula"}]},{"@type":"WebSite","@id":"https:\/\/nabocadopovorn.com.br\/#website","url":"https:\/\/nabocadopovorn.com.br\/","name":"Na Boca do Povo RN","description":"Informa\u00e7\u00e3o Total","publisher":{"@id":"https:\/\/nabocadopovorn.com.br\/#organization"},"potentialAction":[{"@type":"SearchAction","target":{"@type":"EntryPoint","urlTemplate":"https:\/\/nabocadopovorn.com.br\/?s={search_term_string}"},"query-input":{"@type":"PropertyValueSpecification","valueRequired":true,"valueName":"search_term_string"}}],"inLanguage":"pt-BR"},{"@type":"Organization","@id":"https:\/\/nabocadopovorn.com.br\/#organization","name":"Na Boca do Povo RN","url":"https:\/\/nabocadopovorn.com.br\/","logo":{"@type":"ImageObject","inLanguage":"pt-BR","@id":"https:\/\/nabocadopovorn.com.br\/#\/schema\/logo\/image\/","url":"https:\/\/nabocadopovorn.com.br\/wp-content\/uploads\/2026\/01\/cropped-logo.png","contentUrl":"https:\/\/nabocadopovorn.com.br\/wp-content\/uploads\/2026\/01\/cropped-logo.png","width":900,"height":100,"caption":"Na Boca do Povo RN"},"image":{"@id":"https:\/\/nabocadopovorn.com.br\/#\/schema\/logo\/image\/"}},{"@type":"Person","@id":"https:\/\/nabocadopovorn.com.br\/#\/schema\/person\/4784d91e6eb0ee789392e2506451ee44","name":"Na Boca do Povo RN","image":{"@type":"ImageObject","inLanguage":"pt-BR","@id":"https:\/\/secure.gravatar.com\/avatar\/568abe1cbc790e8c79eadb7595ddaf9dccc533c248b489d4b018b6c00965b6ea?s=96&d=mm&r=g","url":"https:\/\/secure.gravatar.com\/avatar\/568abe1cbc790e8c79eadb7595ddaf9dccc533c248b489d4b018b6c00965b6ea?s=96&d=mm&r=g","contentUrl":"https:\/\/secure.gravatar.com\/avatar\/568abe1cbc790e8c79eadb7595ddaf9dccc533c248b489d4b018b6c00965b6ea?s=96&d=mm&r=g","caption":"Na Boca do Povo RN"},"sameAs":["http:\/\/nabocadopovorn.com.br"],"url":"https:\/\/nabocadopovorn.com.br\/index.php\/author\/nabocadopovorn23gmail-com\/"}]}},"_links":{"self":[{"href":"https:\/\/nabocadopovorn.com.br\/index.php\/wp-json\/wp\/v2\/posts\/7406","targetHints":{"allow":["GET"]}}],"collection":[{"href":"https:\/\/nabocadopovorn.com.br\/index.php\/wp-json\/wp\/v2\/posts"}],"about":[{"href":"https:\/\/nabocadopovorn.com.br\/index.php\/wp-json\/wp\/v2\/types\/post"}],"author":[{"embeddable":true,"href":"https:\/\/nabocadopovorn.com.br\/index.php\/wp-json\/wp\/v2\/users\/1"}],"replies":[{"embeddable":true,"href":"https:\/\/nabocadopovorn.com.br\/index.php\/wp-json\/wp\/v2\/comments?post=7406"}],"version-history":[{"count":1,"href":"https:\/\/nabocadopovorn.com.br\/index.php\/wp-json\/wp\/v2\/posts\/7406\/revisions"}],"predecessor-version":[{"id":7408,"href":"https:\/\/nabocadopovorn.com.br\/index.php\/wp-json\/wp\/v2\/posts\/7406\/revisions\/7408"}],"wp:featuredmedia":[{"embeddable":true,"href":"https:\/\/nabocadopovorn.com.br\/index.php\/wp-json\/wp\/v2\/media\/7407"}],"wp:attachment":[{"href":"https:\/\/nabocadopovorn.com.br\/index.php\/wp-json\/wp\/v2\/media?parent=7406"}],"wp:term":[{"taxonomy":"category","embeddable":true,"href":"https:\/\/nabocadopovorn.com.br\/index.php\/wp-json\/wp\/v2\/categories?post=7406"},{"taxonomy":"post_tag","embeddable":true,"href":"https:\/\/nabocadopovorn.com.br\/index.php\/wp-json\/wp\/v2\/tags?post=7406"}],"curies":[{"name":"wp","href":"https:\/\/api.w.org\/{rel}","templated":true}]}}